{"id":675,"date":"2022-12-30T22:03:51","date_gmt":"2022-12-31T01:03:51","guid":{"rendered":"https:\/\/memoriadaculturaesportebsb.com.br\/final\/?p=675"},"modified":"2023-02-06T10:45:31","modified_gmt":"2023-02-06T13:45:31","slug":"uma-lenda-chamada-pele-por-silvestre-gorgulho","status":"publish","type":"post","link":"https:\/\/memoriadaculturaesportebsb.com.br\/index.php\/2022\/12\/30\/uma-lenda-chamada-pele-por-silvestre-gorgulho\/","title":{"rendered":"Uma lenda chamada Pel\u00e9"},"content":{"rendered":"<span class=\"dropcap \">E<\/span>ra uma vez um menino pobre, de uma fam\u00edlia pobre, em um pa\u00eds pobre que tinha o dom de fazer m\u00e1gicas: de uma bolinha-de-meia fez sete bolas de ouro.<\/p>\n<p>Era uma vez, um menino que nasceu Edson, em 23 de outubro de 1940, em Tr\u00eas Cora\u00e7\u00f5es. Virou DICO, para a fam\u00edlia. E ganhou o apelido PEL\u00c9, em S\u00e3o Louren\u00e7o, quando seu pai Dondinho jogava no time de minha terra natal.<\/p>\n<p>Era uma vez um garotinho negro, humilde e franzino que fez, com sua arte e sua genialidade, o Brasil maior. Colocou o mundo inteirinho dentro da Vila Belmiro, em Santos. Fez do Maracan\u00e3, do Pacaembu e de muitos outros est\u00e1dios do mundo, altar de suas oferendas.<\/p>\n<p>Era uma vez um garoto de 17 anos, \u00fanico nessa idade a participar de uma Copa do Mundo, jogando a final, fazendo gols e sendo Campe\u00e3o.<\/p>\n<p>Era uma vez um atleta que entrou para o mundo das artes, participando da literatura (prefaciou um livro de Carlos Drummond de Andrade); contracenou com Sylvester Stallone (Victory), e com muitos outros artistas em 18 filmes e algumas telenovelas. Entre eles: Os Trapalh\u00f5es, Paulo Goulart, Milton Gon\u00e7alves, Grande Otelo, Dina Sfat, Tereza Raquel e Jos\u00e9 Lewgoy. Gostava de m\u00fasica. Pel\u00e9 gravou com Elis Regina, Roberto Carlos, Chico Buarque, Jair Rodrigues e Gilberto Gil.<\/p>\n<p>Em julho de 1971, Pel\u00e9 se aposentou na Sele\u00e7\u00e3o Brasileira, mas a Sele\u00e7\u00e3o n\u00e3o o deixou. Continuou como eterna refer\u00eancia.<\/p>\n<p>Em 1971, deu nome ao Centro Educacional e Esportivo Edson Arantes do Nascimento \u2013 Pelez\u00e3o, na Lapa\/Barra Funda-SP.<\/p>\n<p>Em vida, Pel\u00e9 colecionou muitas outras homenagens.<\/p>\n<p>Em primeiro de outubro de 1977, pelo Cosmos de New York, fez seu \u00faltimo jogo profissional, mas continuou sendo a maior personagem do esporte mundial.<\/p>\n<p>Em 1981, Pel\u00e9 foi eleito por jornalistas internacionais como o \u201cAtleta do S\u00e9culo\u201d.<\/p>\n<p>Foi o esportista mais requisitado da Hist\u00f3ria para campanhas de marketing.<\/p>\n<p>Na d\u00e9cada de 90, o COI oficializou Pel\u00e9 como o \u201cAtleta do S\u00e9culo\u201d.<\/p>\n<figure id=\"attachment_680\" aria-describedby=\"caption-attachment-680\" style=\"width: 1024px\" class=\"wp-caption alignnone\"><img loading=\"lazy\" decoding=\"async\" class=\"size-full wp-image-680\" src=\"https:\/\/memoriadaculturaesportebsb.com.br\/wp-content\/uploads\/2023\/01\/WhatsApp-Image-2022-12-29-at-18.38.29.jpeg\" alt=\"\" width=\"1024\" height=\"722\" srcset=\"https:\/\/memoriadaculturaesportebsb.com.br\/wp-content\/uploads\/2023\/01\/WhatsApp-Image-2022-12-29-at-18.38.29.jpeg 1024w, https:\/\/memoriadaculturaesportebsb.com.br\/wp-content\/uploads\/2023\/01\/WhatsApp-Image-2022-12-29-at-18.38.29-300x212.jpeg 300w, https:\/\/memoriadaculturaesportebsb.com.br\/wp-content\/uploads\/2023\/01\/WhatsApp-Image-2022-12-29-at-18.38.29-768x542.jpeg 768w\" sizes=\"auto, (max-width: 1024px) 100vw, 1024px\" \/><figcaption id=\"caption-attachment-680\" class=\"wp-caption-text\">\u00c0 esquerda, o jornalista Silvestre Gorgulho, Pel\u00e9 e o arquiteto Oscar Niemeyer<\/figcaption><\/figure>\n<p>Em 1995, aceitou o convite para ser Ministro dos Esportes, no governo FHC. Criou a Lei Pel\u00e9, sancionada em 24 de mar\u00e7o de 1998, que instituiu normas gerais sobre o desporto brasileiro.<\/p>\n<p>Al\u00e9m do Diploma de M\u00e9rito de Cidad\u00e3o do Mundo, da ONU, de uma est\u00e1tua em Tr\u00eas Cora\u00e7\u00f5es-MG e outra na \u00cdndia, de um est\u00e1dio de futebol no Ir\u00e3 e outro em Macei\u00f3 (AL) e de uma pra\u00e7a em Los Angeles-EUA, Pel\u00e9 colecionou ruas. Muitas ruas! Tem rua com seu nome em Montevid\u00e9u, no Uruguai, e em muitas cidades do Brasil: Tr\u00eas Cora\u00e7\u00f5es e Barbacena, em Minas Gerais, Cariacica-ES, Japeri-RJ, Campinas e S\u00e3o Jos\u00e9 do Rio Preto, em S\u00e3o Paulo.<\/p>\n<p>Em 1997, Pel\u00e9 recebeu o t\u00edtulo de \u2018SIR\u2019 \u2013 Cavaleiro Honor\u00e1rio do Imp\u00e9rio Brit\u00e2nico, das m\u00e3os da Rainha Elizabeth II, no Pal\u00e1cio de Buckingham.<\/p>\n<p>No ano 2000, foi reconhecido pela FIFA como o maior jogador de futebol do S\u00e9culo.<\/p>\n<p>Em outubro de 2005, Pel\u00e9 ganhou um presente de anivers\u00e1rio hist\u00f3rico: o Centro de Treinamento do Santos que passou a se chamar CT Rei Pel\u00e9.<\/p>\n<p>Em junho de 2008, para comemorar os 50 anos da Copa de 1958, o Museu Nacional de Bras\u00edlia fez a exposi\u00e7\u00e3o \u2018AS MARCAS DO REI\u2019. Foi a maior mostra realizada sobre sua vida.<\/p>\n<p>Em novembro de 2008, Pel\u00e9 recebeu outra grande homenagem de Bras\u00edlia. Ele pr\u00f3prio inaugurou, em Samambaia, cidade sat\u00e9lite do DF, a \u201cVila Ol\u00edmpica Rei Pel\u00e9\u201d. Nesse complexo esportivo de 2,2 hectares, s\u00e3o oferecidas 17 modalidades de esportes para mais de 5 mil crian\u00e7as.<\/p>\n<p>Em 4 de novembro de 2010, Pel\u00e9 foi homenageado pelo Ex\u00e9rcito Brasileiro. Em cerim\u00f4nia solene no Museu do Desporto do Ex\u00e9rcito, na Fortaleza S\u00e3o Jo\u00e3o, Urca-RJ, o Soldado Nascimento 201, que serviu no 6\u00ba GMAC de Praia Grande-SP, ganhou busto e um espa\u00e7o especial. Apenas duas pessoas no mundo serviram o Ex\u00e9rcito de seus pa\u00edses na condi\u00e7\u00e3o de \u00eddolos e no auge da fama: Elvis Presley e Pel\u00e9.<\/p>\n<p>Em dezembro de 2010, ao reconhecer o Torneio Roberto Gomes Pedrosa, a Ta\u00e7a de Prata e a Ta\u00e7a Brasil como partes do Campeonato Brasileiro, a CBF proporcionou a Pel\u00e9 um novo recorde: o maior campe\u00e3o brasileiro da Hist\u00f3ria com seis t\u00edtulos nacionais.<\/p>\n<p>Em 26 de julho de 2011, a presidente Dilma Rousseff nomeou Edson Arantes do Nascimento \u2013 Pel\u00e9 Embaixador Honor\u00e1rio do Brasil para a Copa de 2014.<\/p>\n<p>Em 9 de fevereiro de 2012, Pel\u00e9 ganhou est\u00e1tua no Est\u00e1dio da Amizade, na capital Libreville \u2013 Gab\u00e3o, na final da Copa Africana de Na\u00e7\u00f5es. A homenagem foi para lembrar janeiro de 1969, quando o Rei interrompeu duas guerras para o Santos jogar em seguran\u00e7a contra a sele\u00e7\u00e3o A e sele\u00e7\u00e3o B do Congo.<\/p>\n<p>Em janeiro de 2014, Pel\u00e9 recebeu da FIFA a Bola de Ouro Especial. O ent\u00e3o presidente, Joseph Blatter, abriu a cerim\u00f4nia dizendo: \u201cH\u00e1 poucos nomes que se destacam na Hist\u00f3ria. Quando se fala em futebol, apenas um nome fica acima de todos: Pel\u00e9\u201d.<\/p>\n<p>Tamb\u00e9m em 2014, a Prefeitura de Santos inaugurou o Museu Pel\u00e9.<\/p>\n<p>Em outubro de 2017, foi lan\u00e7ado a 57\u00ba publica\u00e7\u00e3o sobre sua vida. Na China.<\/p>\n<p>Em dezembro de 2017, em Moscou, \u00e9 reverenciado por Maradona com um beijo na testa ao abrir o sorteio para a Copa de 2018, na R\u00fassia.<\/p>\n<p>Em 2022, na Copa do Catar, Pel\u00e9 \u00e9 homenageado pela FIFA, por jogadores em campo e na arquibancada por torcedores.<\/p>\n<p>Em 2023, Santos planeja construir, ao lado de seu Museu, o Monumento que Oscar Niemeyer projetou para glorificar Pel\u00e9.<\/p>\n<p>A Era Pel\u00e9 parece n\u00e3o ter fim. O tempo passa, os anos avan\u00e7am e o mito permanece. Amantes ou n\u00e3o do futebol t\u00eam sempre na ponta da l\u00edngua a express\u00e3o mais nobre e digna para lembr\u00e1-lo.<\/p>\n<p>Lenda que sempre recome\u00e7a: Era uma vez um menino pobre, que ao fazer Mil Gols lembrou das crian\u00e7as pobres e, de uma bola, fez uma coroa de Rei.<\/p>\n","protected":false},"excerpt":{"rendered":"<p>Era uma vez um menino pobre, de uma fam\u00edlia pobre, em um pa\u00eds pobre que tinha o dom de fazer m\u00e1gicas: de uma bolinha-de-meia fez sete bolas de ouro. Era uma vez, um menino que nasceu Edson, em 23 de outubro de 1940, em Tr\u00eas Cora\u00e7\u00f5es. Virou DICO, para a fam\u00edlia. E ganhou o apelido &hellip;<\/p>\n","protected":false},"author":1,"featured_media":681,"comment_status":"closed","ping_status":"closed","sticky":false,"template":"","format":"standard","meta":{"footnotes":""},"categories":[13,4,15],"tags":[],"class_list":["post-675","post","type-post","status-publish","format-standard","has-post-thumbnail","","category-colunistas","category-esporte","category-silvestre-gorgulho"],"_links":{"self":[{"href":"https:\/\/memoriadaculturaesportebsb.com.br\/index.php\/wp-json\/wp\/v2\/posts\/675","targetHints":{"allow":["GET"]}}],"collection":[{"href":"https:\/\/memoriadaculturaesportebsb.com.br\/index.php\/wp-json\/wp\/v2\/posts"}],"about":[{"href":"https:\/\/memoriadaculturaesportebsb.com.br\/index.php\/wp-json\/wp\/v2\/types\/post"}],"author":[{"embeddable":true,"href":"https:\/\/memoriadaculturaesportebsb.com.br\/index.php\/wp-json\/wp\/v2\/users\/1"}],"replies":[{"embeddable":true,"href":"https:\/\/memoriadaculturaesportebsb.com.br\/index.php\/wp-json\/wp\/v2\/comments?post=675"}],"version-history":[{"count":3,"href":"https:\/\/memoriadaculturaesportebsb.com.br\/index.php\/wp-json\/wp\/v2\/posts\/675\/revisions"}],"predecessor-version":[{"id":1102,"href":"https:\/\/memoriadaculturaesportebsb.com.br\/index.php\/wp-json\/wp\/v2\/posts\/675\/revisions\/1102"}],"wp:featuredmedia":[{"embeddable":true,"href":"https:\/\/memoriadaculturaesportebsb.com.br\/index.php\/wp-json\/wp\/v2\/media\/681"}],"wp:attachment":[{"href":"https:\/\/memoriadaculturaesportebsb.com.br\/index.php\/wp-json\/wp\/v2\/media?parent=675"}],"wp:term":[{"taxonomy":"category","embeddable":true,"href":"https:\/\/memoriadaculturaesportebsb.com.br\/index.php\/wp-json\/wp\/v2\/categories?post=675"},{"taxonomy":"post_tag","embeddable":true,"href":"https:\/\/memoriadaculturaesportebsb.com.br\/index.php\/wp-json\/wp\/v2\/tags?post=675"}],"curies":[{"name":"wp","href":"https:\/\/api.w.org\/{rel}","templated":true}]}}