{"id":670,"date":"2023-03-22T12:51:51","date_gmt":"2023-03-22T15:51:51","guid":{"rendered":"https:\/\/memoriadaculturaesportebsb.com.br\/final\/?p=670"},"modified":"2023-03-22T16:33:40","modified_gmt":"2023-03-22T19:33:40","slug":"pele-fora-das-quatro-linhas","status":"publish","type":"post","link":"https:\/\/memoriadaculturaesportebsb.com.br\/index.php\/2023\/03\/22\/pele-fora-das-quatro-linhas\/","title":{"rendered":"Pel\u00e9, fora das quatro linhas"},"content":{"rendered":"<p>N\u00e3o lembro exatamente o ano dessa foto, que guardo com carinho e valor hist\u00f3rico enormes, mas foi entre 1995 e 1998, quando Pel\u00e9 era ministro extraordin\u00e1rio do Esporte, governo de FHC.<\/p>\n<p>A feliz ideia de reunir Pel\u00e9 e Nilton Santos, que tamb\u00e9m morava em Bras\u00edlia, foi de Andr\u00e9 Gustavo Stumpf, companheiro de reda\u00e7\u00e3o do Correio Braziliense.<\/p>\n<p>Durante quatro horas, esse time de rep\u00f3rteres, reunidos na casa do ent\u00e3o diretor de jornalismo do Correio, Ricardo Noblat, conversou com essa dupla bicampe\u00e3 do mundo \u2013 Su\u00e9cia, 1958, e Chile, 1962. Papo pra l\u00e1 de riqu\u00edssimo: Nilton, a Enciclop\u00e9dia do futebol, e Pel\u00e9, o Rei.<\/p>\n<p>Foram quatro horas de descontra\u00edda conversa, dividida em dois tempos, com um almo\u00e7o no intervalo, quando n\u00e3o faltaram as goza\u00e7\u00f5es de Nilton. Bom carioca e amigo do \u201cNegr\u00e3o\u201d, Nilton sabia como provocar Pel\u00e9, que n\u00e3o fugia da raia e entrava no esp\u00edrito \u201cdaqueles tempos\u201d em que se revelaram craques.<\/p>\n<p>Al\u00e9m desse, tive outros dois encontros com Pel\u00e9. Uma entrevista, tamb\u00e9m para o Correio Braziliense, quando a \u201cLei Pel\u00e9\u201d estava em constru\u00e7\u00e3o, num encontro agendado pelo amigo e ent\u00e3o seu assessor de imprensa, Jos\u00e9 Natal. Z\u00e9 Natal. Obrigado, Z\u00e9, pelo valioso momento daquela entrevista.<\/p>\n<p>Em outra ocasi\u00e3o, encontrei Pel\u00e9 no Hotel Nacional, aqui em Bras\u00edlia \u2013 atualmente desativado. Ele chegava para um evento da Secretaria de Turismo e, claro, fortemente assediado pela multid\u00e3o de convidados. Pel\u00e9 foi sempre assim, onde chegava reunia multid\u00f5es. Ao ver os jornalistas que ali disputavam espa\u00e7o, ele levantou os bra\u00e7os; com sua forte voz pediu um minuto de sil\u00eancio e disparou mais ou menos assim: \u201cPessoal, vou atender primeiro os amigos aqui da imprensa. Eles t\u00eam hor\u00e1rio para voltar \u00e0s reda\u00e7\u00f5es e escrever suas mat\u00e9rias. Depois, teremos a noite toda para conversar\u201d. O rel\u00f3gio marcava 19 horas e Pel\u00e9 sabia que era momento de fechar o jornal. O hor\u00e1rio dos rep\u00f3rteres j\u00e1 era pressionado pelos chefes e ele n\u00e3o teve d\u00favidas de dar prioridade aos que estavam trabalhando.<\/p>\n<p>Assim era Pel\u00e9, fora das quatro linhas, um rei sem muitos protocolos e outras frescuras das autoridades de governo. Sempre atencioso e disposto para uma foto, um aut\u00f3grafo, uma declara\u00e7\u00e3o.<\/p>\n<p>Ficaram as \u00f3timas lembran\u00e7as e, claro, a saudade daqueles inigual\u00e1veis tempos da reportagem, que nos permitiam conviv\u00eancias com gente t\u00e3o especial.<\/p>\n","protected":false},"excerpt":{"rendered":"<p>N\u00e3o lembro exatamente o ano dessa foto, que guardo com carinho e valor hist\u00f3rico enormes, mas foi entre 1995 e 1998, quando Pel\u00e9 era ministro extraordin\u00e1rio do Esporte, governo de FHC. A feliz ideia de reunir Pel\u00e9 e Nilton Santos, que tamb\u00e9m morava em Bras\u00edlia, foi de Andr\u00e9 Gustavo Stumpf, companheiro de reda\u00e7\u00e3o do Correio &hellip;<\/p>\n","protected":false},"author":1,"featured_media":1797,"comment_status":"closed","ping_status":"closed","sticky":false,"template":"","format":"standard","meta":{"footnotes":""},"categories":[13,3,4,14],"tags":[],"class_list":["post-670","post","type-post","status-publish","format-standard","has-post-thumbnail","","category-colunistas","category-destaque","category-esporte","category-jose-cruz"],"_links":{"self":[{"href":"https:\/\/memoriadaculturaesportebsb.com.br\/index.php\/wp-json\/wp\/v2\/posts\/670","targetHints":{"allow":["GET"]}}],"collection":[{"href":"https:\/\/memoriadaculturaesportebsb.com.br\/index.php\/wp-json\/wp\/v2\/posts"}],"about":[{"href":"https:\/\/memoriadaculturaesportebsb.com.br\/index.php\/wp-json\/wp\/v2\/types\/post"}],"author":[{"embeddable":true,"href":"https:\/\/memoriadaculturaesportebsb.com.br\/index.php\/wp-json\/wp\/v2\/users\/1"}],"replies":[{"embeddable":true,"href":"https:\/\/memoriadaculturaesportebsb.com.br\/index.php\/wp-json\/wp\/v2\/comments?post=670"}],"version-history":[{"count":3,"href":"https:\/\/memoriadaculturaesportebsb.com.br\/index.php\/wp-json\/wp\/v2\/posts\/670\/revisions"}],"predecessor-version":[{"id":1790,"href":"https:\/\/memoriadaculturaesportebsb.com.br\/index.php\/wp-json\/wp\/v2\/posts\/670\/revisions\/1790"}],"wp:featuredmedia":[{"embeddable":true,"href":"https:\/\/memoriadaculturaesportebsb.com.br\/index.php\/wp-json\/wp\/v2\/media\/1797"}],"wp:attachment":[{"href":"https:\/\/memoriadaculturaesportebsb.com.br\/index.php\/wp-json\/wp\/v2\/media?parent=670"}],"wp:term":[{"taxonomy":"category","embeddable":true,"href":"https:\/\/memoriadaculturaesportebsb.com.br\/index.php\/wp-json\/wp\/v2\/categories?post=670"},{"taxonomy":"post_tag","embeddable":true,"href":"https:\/\/memoriadaculturaesportebsb.com.br\/index.php\/wp-json\/wp\/v2\/tags?post=670"}],"curies":[{"name":"wp","href":"https:\/\/api.w.org\/{rel}","templated":true}]}}