{"id":662,"date":"2023-01-26T21:27:15","date_gmt":"2023-01-27T00:27:15","guid":{"rendered":"https:\/\/memoriadaculturaesportebsb.com.br\/final\/?p=662"},"modified":"2023-02-01T11:23:43","modified_gmt":"2023-02-01T14:23:43","slug":"paulinho-de-andrade-2","status":"publish","type":"post","link":"https:\/\/memoriadaculturaesportebsb.com.br\/index.php\/2023\/01\/26\/paulinho-de-andrade-2\/","title":{"rendered":"Paulinho de Andrade"},"content":{"rendered":"<span class=\"dropcap \">P<\/span>aulinho Andrade, artista pl\u00e1stico \u2013 autor de importantes trabalhos de artes pl\u00e1sticas e gr\u00e1ficas registra o cen\u00e1rio das artes pl\u00e1sticas na cidade.<\/p>\n<iframe style=\"max-height:80px;\" src=\"https:\/\/open.spotify.com\/embed\/episode\/1qoDIPU20ehu11Hpe3bj93?si=1aeb049061c947f8?utm_source=generator\" width=\"100%\" height=\"80\" frameBorder=\"0\" allowfullscreen=\"\" allow=\"autoplay; clipboard-write; encrypted-media; fullscreen; picture-in-picture\" loading=\"lazy\"><\/iframe>\n","protected":false},"excerpt":{"rendered":"<p>Paulinho Andrade, artista pl\u00e1stico \u2013 autor de importantes trabalhos de artes pl\u00e1sticas e gr\u00e1ficas registra o cen\u00e1rio das artes pl\u00e1sticas na cidade.<\/p>\n","protected":false},"author":1,"featured_media":719,"comment_status":"closed","ping_status":"closed","sticky":false,"template":"","format":"standard","meta":{"footnotes":""},"categories":[5],"tags":[],"class_list":["post-662","post","type-post","status-publish","format-standard","has-post-thumbnail","","category-podcasts"],"_links":{"self":[{"href":"https:\/\/memoriadaculturaesportebsb.com.br\/index.php\/wp-json\/wp\/v2\/posts\/662","targetHints":{"allow":["GET"]}}],"collection":[{"href":"https:\/\/memoriadaculturaesportebsb.com.br\/index.php\/wp-json\/wp\/v2\/posts"}],"about":[{"href":"https:\/\/memoriadaculturaesportebsb.com.br\/index.php\/wp-json\/wp\/v2\/types\/post"}],"author":[{"embeddable":true,"href":"https:\/\/memoriadaculturaesportebsb.com.br\/index.php\/wp-json\/wp\/v2\/users\/1"}],"replies":[{"embeddable":true,"href":"https:\/\/memoriadaculturaesportebsb.com.br\/index.php\/wp-json\/wp\/v2\/comments?post=662"}],"version-history":[{"count":2,"href":"https:\/\/memoriadaculturaesportebsb.com.br\/index.php\/wp-json\/wp\/v2\/posts\/662\/revisions"}],"predecessor-version":[{"id":980,"href":"https:\/\/memoriadaculturaesportebsb.com.br\/index.php\/wp-json\/wp\/v2\/posts\/662\/revisions\/980"}],"wp:featuredmedia":[{"embeddable":true,"href":"https:\/\/memoriadaculturaesportebsb.com.br\/index.php\/wp-json\/wp\/v2\/media\/719"}],"wp:attachment":[{"href":"https:\/\/memoriadaculturaesportebsb.com.br\/index.php\/wp-json\/wp\/v2\/media?parent=662"}],"wp:term":[{"taxonomy":"category","embeddable":true,"href":"https:\/\/memoriadaculturaesportebsb.com.br\/index.php\/wp-json\/wp\/v2\/categories?post=662"},{"taxonomy":"post_tag","embeddable":true,"href":"https:\/\/memoriadaculturaesportebsb.com.br\/index.php\/wp-json\/wp\/v2\/tags?post=662"}],"curies":[{"name":"wp","href":"https:\/\/api.w.org\/{rel}","templated":true}]}}