{"id":65,"date":"2023-01-25T11:45:43","date_gmt":"2023-01-25T14:45:43","guid":{"rendered":"https:\/\/memoriadaculturaesportebsb.com.br\/final\/?p=65"},"modified":"2023-02-01T11:25:25","modified_gmt":"2023-02-01T14:25:25","slug":"jose-carlos-vidal","status":"publish","type":"post","link":"https:\/\/memoriadaculturaesportebsb.com.br\/index.php\/2023\/01\/25\/jose-carlos-vidal\/","title":{"rendered":"Jos\u00e9 Carlos Vidal"},"content":{"rendered":"<span class=\"dropcap \">N<\/span>osso entrevistado \u00e9 Jos\u00e9 Carlos Vidal e esteve no topo do Brasil como jogador e como treinador. Nascido em 1962 chegou a Bras\u00edlia em 1966 e fez parte de duas gera\u00e7\u00f5es vencedoras. Assista a entrevista deste mago do basquete de Bras\u00edlia.<\/p>\n<iframe style=\"max-height:80px;\" src=\"https:\/\/open.spotify.com\/embed\/episode\/38tJ37rW87p58SYgFDxylG?si=5835b14ca72a463f?utm_source=generator\" width=\"100%\" height=\"80\" frameBorder=\"0\" allowfullscreen=\"\" allow=\"autoplay; clipboard-write; encrypted-media; fullscreen; picture-in-picture\" loading=\"lazy\"><\/iframe>\n","protected":false},"excerpt":{"rendered":"<p>Nosso entrevistado \u00e9 Jos\u00e9 Carlos Vidal e esteve no topo do Brasil como jogador e como treinador. Nascido em 1962 chegou a Bras\u00edlia em 1966 e fez parte de duas gera\u00e7\u00f5es vencedoras. Assista a entrevista deste mago do basquete de Bras\u00edlia.<\/p>\n","protected":false},"author":1,"featured_media":707,"comment_status":"closed","ping_status":"closed","sticky":false,"template":"","format":"standard","meta":{"footnotes":""},"categories":[5],"tags":[],"class_list":["post-65","post","type-post","status-publish","format-standard","has-post-thumbnail","","category-podcasts"],"_links":{"self":[{"href":"https:\/\/memoriadaculturaesportebsb.com.br\/index.php\/wp-json\/wp\/v2\/posts\/65","targetHints":{"allow":["GET"]}}],"collection":[{"href":"https:\/\/memoriadaculturaesportebsb.com.br\/index.php\/wp-json\/wp\/v2\/posts"}],"about":[{"href":"https:\/\/memoriadaculturaesportebsb.com.br\/index.php\/wp-json\/wp\/v2\/types\/post"}],"author":[{"embeddable":true,"href":"https:\/\/memoriadaculturaesportebsb.com.br\/index.php\/wp-json\/wp\/v2\/users\/1"}],"replies":[{"embeddable":true,"href":"https:\/\/memoriadaculturaesportebsb.com.br\/index.php\/wp-json\/wp\/v2\/comments?post=65"}],"version-history":[{"count":2,"href":"https:\/\/memoriadaculturaesportebsb.com.br\/index.php\/wp-json\/wp\/v2\/posts\/65\/revisions"}],"predecessor-version":[{"id":985,"href":"https:\/\/memoriadaculturaesportebsb.com.br\/index.php\/wp-json\/wp\/v2\/posts\/65\/revisions\/985"}],"wp:featuredmedia":[{"embeddable":true,"href":"https:\/\/memoriadaculturaesportebsb.com.br\/index.php\/wp-json\/wp\/v2\/media\/707"}],"wp:attachment":[{"href":"https:\/\/memoriadaculturaesportebsb.com.br\/index.php\/wp-json\/wp\/v2\/media?parent=65"}],"wp:term":[{"taxonomy":"category","embeddable":true,"href":"https:\/\/memoriadaculturaesportebsb.com.br\/index.php\/wp-json\/wp\/v2\/categories?post=65"},{"taxonomy":"post_tag","embeddable":true,"href":"https:\/\/memoriadaculturaesportebsb.com.br\/index.php\/wp-json\/wp\/v2\/tags?post=65"}],"curies":[{"name":"wp","href":"https:\/\/api.w.org\/{rel}","templated":true}]}}