{"id":62,"date":"2023-01-25T11:44:59","date_gmt":"2023-01-25T14:44:59","guid":{"rendered":"https:\/\/memoriadaculturaesportebsb.com.br\/final\/?p=62"},"modified":"2023-02-01T11:25:43","modified_gmt":"2023-02-01T14:25:43","slug":"magda-machado","status":"publish","type":"post","link":"https:\/\/memoriadaculturaesportebsb.com.br\/index.php\/2023\/01\/25\/magda-machado\/","title":{"rendered":"Magda Machado"},"content":{"rendered":"<span class=\"dropcap \">M<\/span>agda Machado Gomes respons\u00e1vel direta, pela vinda de campeonatos nacionais e internacionais em piscinas e em \u00e1guas abertas. Colocou Bras\u00edlia na rota dos grandes eventos dos desportos aqu\u00e1ticos. Assista a entrevista desta mulher incans\u00e1vel em prol dos desportos aqu\u00e1ticos de Bras\u00edlia e do Brasil.<\/p>\n<iframe style=\"max-height:80px;\" src=\"https:\/\/open.spotify.com\/embed\/episode\/6nrth7bwilsQfK9i3nNKDY?si=b80ac05d45cf47d8?utm_source=generator\" width=\"100%\" height=\"80\" frameBorder=\"0\" allowfullscreen=\"\" allow=\"autoplay; clipboard-write; encrypted-media; fullscreen; picture-in-picture\" loading=\"lazy\"><\/iframe>\n","protected":false},"excerpt":{"rendered":"<p>Magda Machado Gomes respons\u00e1vel direta, pela vinda de campeonatos nacionais e internacionais em piscinas e em \u00e1guas abertas. Colocou Bras\u00edlia na rota dos grandes eventos dos desportos aqu\u00e1ticos. Assista a entrevista desta mulher incans\u00e1vel em prol dos desportos aqu\u00e1ticos de Bras\u00edlia e do Brasil.<\/p>\n","protected":false},"author":1,"featured_media":729,"comment_status":"closed","ping_status":"closed","sticky":false,"template":"","format":"standard","meta":{"footnotes":""},"categories":[5],"tags":[],"class_list":["post-62","post","type-post","status-publish","format-standard","has-post-thumbnail","","category-podcasts"],"_links":{"self":[{"href":"https:\/\/memoriadaculturaesportebsb.com.br\/index.php\/wp-json\/wp\/v2\/posts\/62","targetHints":{"allow":["GET"]}}],"collection":[{"href":"https:\/\/memoriadaculturaesportebsb.com.br\/index.php\/wp-json\/wp\/v2\/posts"}],"about":[{"href":"https:\/\/memoriadaculturaesportebsb.com.br\/index.php\/wp-json\/wp\/v2\/types\/post"}],"author":[{"embeddable":true,"href":"https:\/\/memoriadaculturaesportebsb.com.br\/index.php\/wp-json\/wp\/v2\/users\/1"}],"replies":[{"embeddable":true,"href":"https:\/\/memoriadaculturaesportebsb.com.br\/index.php\/wp-json\/wp\/v2\/comments?post=62"}],"version-history":[{"count":3,"href":"https:\/\/memoriadaculturaesportebsb.com.br\/index.php\/wp-json\/wp\/v2\/posts\/62\/revisions"}],"predecessor-version":[{"id":987,"href":"https:\/\/memoriadaculturaesportebsb.com.br\/index.php\/wp-json\/wp\/v2\/posts\/62\/revisions\/987"}],"wp:featuredmedia":[{"embeddable":true,"href":"https:\/\/memoriadaculturaesportebsb.com.br\/index.php\/wp-json\/wp\/v2\/media\/729"}],"wp:attachment":[{"href":"https:\/\/memoriadaculturaesportebsb.com.br\/index.php\/wp-json\/wp\/v2\/media?parent=62"}],"wp:term":[{"taxonomy":"category","embeddable":true,"href":"https:\/\/memoriadaculturaesportebsb.com.br\/index.php\/wp-json\/wp\/v2\/categories?post=62"},{"taxonomy":"post_tag","embeddable":true,"href":"https:\/\/memoriadaculturaesportebsb.com.br\/index.php\/wp-json\/wp\/v2\/tags?post=62"}],"curies":[{"name":"wp","href":"https:\/\/api.w.org\/{rel}","templated":true}]}}