{"id":56,"date":"2023-01-25T11:41:16","date_gmt":"2023-01-25T14:41:16","guid":{"rendered":"https:\/\/memoriadaculturaesportebsb.com.br\/final\/?p=56"},"modified":"2023-02-01T11:26:48","modified_gmt":"2023-02-01T14:26:48","slug":"orlando-brito","status":"publish","type":"post","link":"https:\/\/memoriadaculturaesportebsb.com.br\/index.php\/2023\/01\/25\/orlando-brito\/","title":{"rendered":"Orlando Brito"},"content":{"rendered":"<span class=\"dropcap \">O<\/span>rlando Brito, fot\u00f3grafo \u2013 Um dos mais conceituados fot\u00f3grafos de Bras\u00edlia e do Brasil, clicou todos os presidentes da Rep\u00fablica, de Castelo Branco a Jair Bolsonaro, conta suas hist\u00f3rias pelos gabinetes do poder.<\/p>\n<iframe style=\"max-height:80px;\" src=\"https:\/\/open.spotify.com\/embed\/episode\/0c0CJ6XAK8q5TDD3BlpCuu?si=db593f8d928848ad?utm_source=generator\" width=\"100%\" height=\"80\" frameBorder=\"0\" allowfullscreen=\"\" allow=\"autoplay; clipboard-write; encrypted-media; fullscreen; picture-in-picture\" loading=\"lazy\"><\/iframe>\n","protected":false},"excerpt":{"rendered":"<p>Orlando Brito, fot\u00f3grafo \u2013 Um dos mais conceituados fot\u00f3grafos de Bras\u00edlia e do Brasil, clicou todos os presidentes da Rep\u00fablica, de Castelo Branco a Jair Bolsonaro, conta suas hist\u00f3rias pelos gabinetes do poder.<\/p>\n","protected":false},"author":1,"featured_media":722,"comment_status":"closed","ping_status":"closed","sticky":false,"template":"","format":"standard","meta":{"footnotes":""},"categories":[5],"tags":[],"class_list":["post-56","post","type-post","status-publish","format-standard","has-post-thumbnail","","category-podcasts"],"_links":{"self":[{"href":"https:\/\/memoriadaculturaesportebsb.com.br\/index.php\/wp-json\/wp\/v2\/posts\/56","targetHints":{"allow":["GET"]}}],"collection":[{"href":"https:\/\/memoriadaculturaesportebsb.com.br\/index.php\/wp-json\/wp\/v2\/posts"}],"about":[{"href":"https:\/\/memoriadaculturaesportebsb.com.br\/index.php\/wp-json\/wp\/v2\/types\/post"}],"author":[{"embeddable":true,"href":"https:\/\/memoriadaculturaesportebsb.com.br\/index.php\/wp-json\/wp\/v2\/users\/1"}],"replies":[{"embeddable":true,"href":"https:\/\/memoriadaculturaesportebsb.com.br\/index.php\/wp-json\/wp\/v2\/comments?post=56"}],"version-history":[{"count":2,"href":"https:\/\/memoriadaculturaesportebsb.com.br\/index.php\/wp-json\/wp\/v2\/posts\/56\/revisions"}],"predecessor-version":[{"id":990,"href":"https:\/\/memoriadaculturaesportebsb.com.br\/index.php\/wp-json\/wp\/v2\/posts\/56\/revisions\/990"}],"wp:featuredmedia":[{"embeddable":true,"href":"https:\/\/memoriadaculturaesportebsb.com.br\/index.php\/wp-json\/wp\/v2\/media\/722"}],"wp:attachment":[{"href":"https:\/\/memoriadaculturaesportebsb.com.br\/index.php\/wp-json\/wp\/v2\/media?parent=56"}],"wp:term":[{"taxonomy":"category","embeddable":true,"href":"https:\/\/memoriadaculturaesportebsb.com.br\/index.php\/wp-json\/wp\/v2\/categories?post=56"},{"taxonomy":"post_tag","embeddable":true,"href":"https:\/\/memoriadaculturaesportebsb.com.br\/index.php\/wp-json\/wp\/v2\/tags?post=56"}],"curies":[{"name":"wp","href":"https:\/\/api.w.org\/{rel}","templated":true}]}}