{"id":40,"date":"2023-01-25T11:32:52","date_gmt":"2023-01-25T14:32:52","guid":{"rendered":"https:\/\/memoriadaculturaesportebsb.com.br\/final\/?p=40"},"modified":"2023-02-01T11:28:59","modified_gmt":"2023-02-01T14:28:59","slug":"shirlene-coelho","status":"publish","type":"post","link":"https:\/\/memoriadaculturaesportebsb.com.br\/index.php\/2023\/01\/25\/shirlene-coelho\/","title":{"rendered":"Shirlene Coelho"},"content":{"rendered":"<span class=\"dropcap \">N<\/span>ossa entrevistada \u00e9 Shirlene Coelho recordista mundial e bi campe\u00e3 dos Jogos Paral\u00edmpicos no lan\u00e7amento do dardo. Assista a entrevista e conhe\u00e7a um pouco mais esta hist\u00f3ria, que comprova o ditado: \u201cN\u00e3o sabendo que era imposs\u00edvel, foi l\u00e1 e fez.\u201d<\/p>\n<iframe style=\"max-height:80px;\" src=\"https:\/\/open.spotify.com\/embed\/episode\/2gRhrNLkpudhIYcbkRLpmO?si=d5b0ad0c084d426f?utm_source=generator\" width=\"100%\" height=\"80\" frameBorder=\"0\" allowfullscreen=\"\" allow=\"autoplay; clipboard-write; encrypted-media; fullscreen; picture-in-picture\" loading=\"lazy\"><\/iframe>\n","protected":false},"excerpt":{"rendered":"<p>Nossa entrevistada \u00e9 Shirlene Coelho recordista mundial e bi campe\u00e3 dos Jogos Paral\u00edmpicos no lan\u00e7amento do dardo. Assista a entrevista e conhe\u00e7a um pouco mais esta hist\u00f3ria, que comprova o ditado: \u201cN\u00e3o sabendo que era imposs\u00edvel, foi l\u00e1 e fez.\u201d<\/p>\n","protected":false},"author":1,"featured_media":764,"comment_status":"closed","ping_status":"closed","sticky":false,"template":"","format":"standard","meta":{"footnotes":""},"categories":[5],"tags":[],"class_list":["post-40","post","type-post","status-publish","format-standard","has-post-thumbnail","","category-podcasts"],"_links":{"self":[{"href":"https:\/\/memoriadaculturaesportebsb.com.br\/index.php\/wp-json\/wp\/v2\/posts\/40","targetHints":{"allow":["GET"]}}],"collection":[{"href":"https:\/\/memoriadaculturaesportebsb.com.br\/index.php\/wp-json\/wp\/v2\/posts"}],"about":[{"href":"https:\/\/memoriadaculturaesportebsb.com.br\/index.php\/wp-json\/wp\/v2\/types\/post"}],"author":[{"embeddable":true,"href":"https:\/\/memoriadaculturaesportebsb.com.br\/index.php\/wp-json\/wp\/v2\/users\/1"}],"replies":[{"embeddable":true,"href":"https:\/\/memoriadaculturaesportebsb.com.br\/index.php\/wp-json\/wp\/v2\/comments?post=40"}],"version-history":[{"count":3,"href":"https:\/\/memoriadaculturaesportebsb.com.br\/index.php\/wp-json\/wp\/v2\/posts\/40\/revisions"}],"predecessor-version":[{"id":1000,"href":"https:\/\/memoriadaculturaesportebsb.com.br\/index.php\/wp-json\/wp\/v2\/posts\/40\/revisions\/1000"}],"wp:featuredmedia":[{"embeddable":true,"href":"https:\/\/memoriadaculturaesportebsb.com.br\/index.php\/wp-json\/wp\/v2\/media\/764"}],"wp:attachment":[{"href":"https:\/\/memoriadaculturaesportebsb.com.br\/index.php\/wp-json\/wp\/v2\/media?parent=40"}],"wp:term":[{"taxonomy":"category","embeddable":true,"href":"https:\/\/memoriadaculturaesportebsb.com.br\/index.php\/wp-json\/wp\/v2\/categories?post=40"},{"taxonomy":"post_tag","embeddable":true,"href":"https:\/\/memoriadaculturaesportebsb.com.br\/index.php\/wp-json\/wp\/v2\/tags?post=40"}],"curies":[{"name":"wp","href":"https:\/\/api.w.org\/{rel}","templated":true}]}}