{"id":36,"date":"2023-01-25T11:30:29","date_gmt":"2023-01-25T14:30:29","guid":{"rendered":"https:\/\/memoriadaculturaesportebsb.com.br\/final\/?p=36"},"modified":"2023-02-01T11:29:39","modified_gmt":"2023-02-01T14:29:39","slug":"silvestre-gorgulho","status":"publish","type":"post","link":"https:\/\/memoriadaculturaesportebsb.com.br\/index.php\/2023\/01\/25\/silvestre-gorgulho\/","title":{"rendered":"Silvestre Gorgulho"},"content":{"rendered":"<span class=\"dropcap \">S<\/span>ilvestre Gorgulho, jornalista, ex-Secret\u00e1rio de Cultura \u2013 Participou ativamente do processo de tombamento de Bras\u00edlia como Patrim\u00f4nio Cultural da Humanidade pela Unesco, resgatou a presen\u00e7a de Oscar Niemeyer na cidade, fala sobre sua experi\u00eancia na gest\u00e3o da Cultura em Bras\u00edlia.<\/p>\n<iframe style=\"max-height:80px;\" src=\"https:\/\/open.spotify.com\/embed\/episode\/0ssdfotJsiW70k3uQ7VfS2?si=54ef3e221a6a4af9?utm_source=generator\" width=\"100%\" height=\"80\" frameBorder=\"0\" allowfullscreen=\"\" allow=\"autoplay; clipboard-write; encrypted-media; fullscreen; picture-in-picture\" loading=\"lazy\"><\/iframe>\n","protected":false},"excerpt":{"rendered":"<p>Silvestre Gorgulho, jornalista, ex-Secret\u00e1rio de Cultura \u2013 Participou ativamente do processo de tombamento de Bras\u00edlia como Patrim\u00f4nio Cultural da Humanidade pela Unesco, resgatou a presen\u00e7a de Oscar Niemeyer na cidade, fala sobre sua experi\u00eancia na gest\u00e3o da Cultura em Bras\u00edlia.<\/p>\n","protected":false},"author":1,"featured_media":695,"comment_status":"closed","ping_status":"closed","sticky":false,"template":"","format":"standard","meta":{"footnotes":""},"categories":[5],"tags":[],"class_list":["post-36","post","type-post","status-publish","format-standard","has-post-thumbnail","","category-podcasts"],"_links":{"self":[{"href":"https:\/\/memoriadaculturaesportebsb.com.br\/index.php\/wp-json\/wp\/v2\/posts\/36","targetHints":{"allow":["GET"]}}],"collection":[{"href":"https:\/\/memoriadaculturaesportebsb.com.br\/index.php\/wp-json\/wp\/v2\/posts"}],"about":[{"href":"https:\/\/memoriadaculturaesportebsb.com.br\/index.php\/wp-json\/wp\/v2\/types\/post"}],"author":[{"embeddable":true,"href":"https:\/\/memoriadaculturaesportebsb.com.br\/index.php\/wp-json\/wp\/v2\/users\/1"}],"replies":[{"embeddable":true,"href":"https:\/\/memoriadaculturaesportebsb.com.br\/index.php\/wp-json\/wp\/v2\/comments?post=36"}],"version-history":[{"count":3,"href":"https:\/\/memoriadaculturaesportebsb.com.br\/index.php\/wp-json\/wp\/v2\/posts\/36\/revisions"}],"predecessor-version":[{"id":1003,"href":"https:\/\/memoriadaculturaesportebsb.com.br\/index.php\/wp-json\/wp\/v2\/posts\/36\/revisions\/1003"}],"wp:featuredmedia":[{"embeddable":true,"href":"https:\/\/memoriadaculturaesportebsb.com.br\/index.php\/wp-json\/wp\/v2\/media\/695"}],"wp:attachment":[{"href":"https:\/\/memoriadaculturaesportebsb.com.br\/index.php\/wp-json\/wp\/v2\/media?parent=36"}],"wp:term":[{"taxonomy":"category","embeddable":true,"href":"https:\/\/memoriadaculturaesportebsb.com.br\/index.php\/wp-json\/wp\/v2\/categories?post=36"},{"taxonomy":"post_tag","embeddable":true,"href":"https:\/\/memoriadaculturaesportebsb.com.br\/index.php\/wp-json\/wp\/v2\/tags?post=36"}],"curies":[{"name":"wp","href":"https:\/\/api.w.org\/{rel}","templated":true}]}}