{"id":3500,"date":"2026-04-30T14:41:38","date_gmt":"2026-04-30T17:41:38","guid":{"rendered":"https:\/\/memoriadaculturaesportebsb.com.br\/?p=3500"},"modified":"2026-04-30T14:42:53","modified_gmt":"2026-04-30T17:42:53","slug":"podsin-um-novo-espaco-para-valorizar-a-musica-brasileira","status":"publish","type":"post","link":"https:\/\/memoriadaculturaesportebsb.com.br\/index.php\/2026\/04\/30\/podsin-um-novo-espaco-para-valorizar-a-musica-brasileira\/","title":{"rendered":"PodSin, um novo espa\u00e7o para\u00a0valorizar a m\u00fasica\u00a0 brasileira"},"content":{"rendered":"<p><strong>Por Jos\u00e9 Cruz<\/strong><\/p>\n<p><strong>\u00a0<\/strong><\/p>\n<figure id=\"attachment_3501\" aria-describedby=\"caption-attachment-3501\" style=\"width: 293px\" class=\"wp-caption alignleft\"><a href=\"https:\/\/memoriadaculturaesportebsb.com.br\/wp-content\/uploads\/2026\/04\/rildo1.jpg\"><img loading=\"lazy\" decoding=\"async\" class=\"wp-image-3501 size-medium\" src=\"https:\/\/memoriadaculturaesportebsb.com.br\/wp-content\/uploads\/2026\/04\/rildo1-293x300.jpg\" alt=\"\" width=\"293\" height=\"300\" srcset=\"https:\/\/memoriadaculturaesportebsb.com.br\/wp-content\/uploads\/2026\/04\/rildo1-293x300.jpg 293w, https:\/\/memoriadaculturaesportebsb.com.br\/wp-content\/uploads\/2026\/04\/rildo1.jpg 341w\" sizes=\"auto, (max-width: 293px) 100vw, 293px\" \/><\/a><figcaption id=\"caption-attachment-3501\" class=\"wp-caption-text\">M\u00e1rcia e Rildo Hora, show em Bras\u00edlia<\/figcaption><\/figure>\n<p>Com aplaudid\u00edssima exibi\u00e7\u00e3o de Rildo Hora, entra para a \u201c<em>mem\u00f3ria da cultura em Bras\u00edlia<\/em>\u201d o show que a cantora, compositora e produtora fonogr\u00e1fica M\u00e1rcia Tauil comandou no Teatro dos Banc\u00e1rios para la\u00e7ar a mais nova iniciativa, o podcast <em>Podsin.<\/em><\/p>\n<p><strong>\u00a0<\/strong><strong>A iniciativa<\/strong><\/p>\n<p>M\u00e1rcia, uma entusiasta mineira de cora\u00e7\u00e3o brasiliense, que domina o palco cantando ou promovendo a valoriza\u00e7\u00e3o da m\u00fasica, n\u00e3o para de inovar.<\/p>\n<p>Dessa vez \u00e9 um podcast, que no Instagram \u2013 podsinbancariosdf \u2013 est\u00e1 um resumo sobre essa iniciativa:<\/p>\n<p>\u201c<em>Neste projeto, idealizado e realizado pelo Sindicato dos Banc\u00e1rios de Bras\u00edlia e por M\u00e1rcia Tauil, a atua\u00e7\u00e3o vai al\u00e9m da condu\u00e7\u00e3o das entrevistas. Com sua expertise em curadoria e roteiro, M\u00e1rcia promove a ponte entre a tradi\u00e7\u00e3o e a modernidade, transformando cada epis\u00f3dio em uma experi\u00eancia cultural completa<\/em>\u201d.<\/p>\n<p><strong>Show<\/strong><\/p>\n<figure id=\"attachment_3502\" aria-describedby=\"caption-attachment-3502\" style=\"width: 225px\" class=\"wp-caption alignright\"><a href=\"https:\/\/memoriadaculturaesportebsb.com.br\/wp-content\/uploads\/2026\/04\/rildo2.jpg\"><img loading=\"lazy\" decoding=\"async\" class=\"wp-image-3502 size-medium\" src=\"https:\/\/memoriadaculturaesportebsb.com.br\/wp-content\/uploads\/2026\/04\/rildo2-225x300.jpg\" alt=\"\" width=\"225\" height=\"300\" srcset=\"https:\/\/memoriadaculturaesportebsb.com.br\/wp-content\/uploads\/2026\/04\/rildo2-225x300.jpg 225w, https:\/\/memoriadaculturaesportebsb.com.br\/wp-content\/uploads\/2026\/04\/rildo2.jpg 302w\" sizes=\"auto, (max-width: 225px) 100vw, 225px\" \/><\/a><figcaption id=\"caption-attachment-3502\" class=\"wp-caption-text\">Rildo e Misael, pai e filho em apresenta\u00e7\u00e3o in\u00e9dita em Bras\u00edlia\u00a0<\/figcaption><\/figure>\n<p>Em parceria com o Sindicato dos Banc\u00e1rios, M\u00e1rcia promoveu um encontro \u00e0 altura do lan\u00e7amento do<em> PodSin e <\/em>trouxe uma das maiores express\u00f5es do samba e da MPB, decano de gera\u00e7\u00f5es, o gaitista, produtor e arranjador Rildo Hora, ganhador de 4 pr\u00eamios Grammy Latino.<\/p>\n<p><strong>Aplausos<\/strong><\/p>\n<p><a href=\"https:\/\/memoriadaculturaesportebsb.com.br\/wp-content\/uploads\/2026\/04\/rildo3.jpg\"><img loading=\"lazy\" decoding=\"async\" class=\"alignleft size-medium wp-image-3503\" src=\"https:\/\/memoriadaculturaesportebsb.com.br\/wp-content\/uploads\/2026\/04\/rildo3-235x300.jpg\" alt=\"\" width=\"235\" height=\"300\" srcset=\"https:\/\/memoriadaculturaesportebsb.com.br\/wp-content\/uploads\/2026\/04\/rildo3-235x300.jpg 235w, https:\/\/memoriadaculturaesportebsb.com.br\/wp-content\/uploads\/2026\/04\/rildo3.jpg 308w\" sizes=\"auto, (max-width: 235px) 100vw, 235px\" \/><\/a>Aos 87 anos (completados em 20 de abril) ele tocou ao lado de seu filho, o tecladista Misael da Hora, num espet\u00e1culo que levantou a plateia em aplauso prolongado.<\/p>\n<p>A programa\u00e7\u00e3o do PodSin ser\u00e1 mensal, com epis\u00f3dios de 45 minutos. A estreia nas plataformas de streaming (YouTube e Spotify) ser\u00e1 em\u00a0maio pr\u00f3ximo.<\/p>\n<p>Em entrevista ao jornal Correio Braziliense, M\u00e1rcia afirmou que \u201co\u00a0<a href=\"https:\/\/www.correiobraziliense.com.br\/tags\/podcast-do-correio\/\">podcast<\/a>\u00a0tamb\u00e9m pretende dialogar com ouvintes que valorizam a arte brasileira aut\u00eantica e que t\u00eam curiosidade pelos bastidores da produ\u00e7\u00e3o musical. \u00c9 uma ferramenta poderosa para fortalecer a m\u00fasica independente\u201d.<\/p>\n<p>Tamb\u00e9m participaram do show de lan\u00e7amento do PodSin os rappers GOG, Luan Almeida e o produtor musical e arranjador Jonathas Pingo.<\/p>\n<p><em>A noite cultural brasiliense foi valorizada com a presen\u00e7a desse grande artista da m\u00fasica, Rildo Hora. Privilegiado foram os que compareceram ao Teatro dos Banc\u00e1rios, institui\u00e7\u00e3o que se integra ao fortalecimento e valoriza\u00e7\u00e3o da cultura de Bras\u00edlia, agora em parceria para o lan\u00e7amento de novo espa\u00e7o de promo\u00e7\u00e3o musical, o podcast PodSin.<\/em><\/p>\n<p><strong><em>Obrigado, Rildo, pelos seus 87 anos de talento e difus\u00e3o da MPB.<\/em><\/strong><\/p>\n","protected":false},"excerpt":{"rendered":"<p>Por Jos\u00e9 Cruz \u00a0 Com aplaudid\u00edssima exibi\u00e7\u00e3o de Rildo Hora, entra para a \u201cmem\u00f3ria da cultura em Bras\u00edlia\u201d o show que a cantora, compositora e produtora fonogr\u00e1fica M\u00e1rcia Tauil comandou no Teatro dos Banc\u00e1rios para la\u00e7ar a mais nova iniciativa, o podcast Podsin. \u00a0A iniciativa M\u00e1rcia, uma entusiasta mineira de cora\u00e7\u00e3o brasiliense, que domina o &hellip;<\/p>\n","protected":false},"author":2,"featured_media":0,"comment_status":"closed","ping_status":"closed","sticky":false,"template":"","format":"standard","meta":{"footnotes":""},"categories":[13,2,3,14],"tags":[],"class_list":["post-3500","post","type-post","status-publish","format-standard","","category-colunistas","category-cultura","category-destaque","category-jose-cruz"],"_links":{"self":[{"href":"https:\/\/memoriadaculturaesportebsb.com.br\/index.php\/wp-json\/wp\/v2\/posts\/3500","targetHints":{"allow":["GET"]}}],"collection":[{"href":"https:\/\/memoriadaculturaesportebsb.com.br\/index.php\/wp-json\/wp\/v2\/posts"}],"about":[{"href":"https:\/\/memoriadaculturaesportebsb.com.br\/index.php\/wp-json\/wp\/v2\/types\/post"}],"author":[{"embeddable":true,"href":"https:\/\/memoriadaculturaesportebsb.com.br\/index.php\/wp-json\/wp\/v2\/users\/2"}],"replies":[{"embeddable":true,"href":"https:\/\/memoriadaculturaesportebsb.com.br\/index.php\/wp-json\/wp\/v2\/comments?post=3500"}],"version-history":[{"count":2,"href":"https:\/\/memoriadaculturaesportebsb.com.br\/index.php\/wp-json\/wp\/v2\/posts\/3500\/revisions"}],"predecessor-version":[{"id":3505,"href":"https:\/\/memoriadaculturaesportebsb.com.br\/index.php\/wp-json\/wp\/v2\/posts\/3500\/revisions\/3505"}],"wp:attachment":[{"href":"https:\/\/memoriadaculturaesportebsb.com.br\/index.php\/wp-json\/wp\/v2\/media?parent=3500"}],"wp:term":[{"taxonomy":"category","embeddable":true,"href":"https:\/\/memoriadaculturaesportebsb.com.br\/index.php\/wp-json\/wp\/v2\/categories?post=3500"},{"taxonomy":"post_tag","embeddable":true,"href":"https:\/\/memoriadaculturaesportebsb.com.br\/index.php\/wp-json\/wp\/v2\/tags?post=3500"}],"curies":[{"name":"wp","href":"https:\/\/api.w.org\/{rel}","templated":true}]}}