{"id":3382,"date":"2026-01-19T14:37:50","date_gmt":"2026-01-19T17:37:50","guid":{"rendered":"https:\/\/memoriadaculturaesportebsb.com.br\/?p=3382"},"modified":"2026-01-19T14:37:50","modified_gmt":"2026-01-19T17:37:50","slug":"toinha-pivo-que-marcou-epoca-no-futebol-salao-e-na-gestao-do-esporte","status":"publish","type":"post","link":"https:\/\/memoriadaculturaesportebsb.com.br\/index.php\/2026\/01\/19\/toinha-pivo-que-marcou-epoca-no-futebol-salao-e-na-gestao-do-esporte\/","title":{"rendered":"\u00a0TOINHA: Piv\u00f4 que marcou \u00e9poca no futebol\u00a0sal\u00e3o e na gest\u00e3o do esporte"},"content":{"rendered":"<p><strong><em>Com esta reportagem abrimos a temporada de entrevistas de 2026, quando comemoramos o quinto ano de ininterruptas publica\u00e7\u00f5es<\/em><\/strong><\/p>\n<p><a href=\"https:\/\/memoriadaculturaesportebsb.com.br\/wp-content\/uploads\/2026\/01\/toinha1.jpg\"><img loading=\"lazy\" decoding=\"async\" class=\"alignleft size-medium wp-image-3383\" src=\"https:\/\/memoriadaculturaesportebsb.com.br\/wp-content\/uploads\/2026\/01\/toinha1-220x300.jpg\" alt=\"\" width=\"220\" height=\"300\" srcset=\"https:\/\/memoriadaculturaesportebsb.com.br\/wp-content\/uploads\/2026\/01\/toinha1-220x300.jpg 220w, https:\/\/memoriadaculturaesportebsb.com.br\/wp-content\/uploads\/2026\/01\/toinha1.jpg 266w\" sizes=\"auto, (max-width: 220px) 100vw, 220px\" \/><\/a>Desde a inf\u00e2ncia, o nome Ant\u00f4nio Carlos Silva Freire foi reduzido para \u201cToinha\u201d, apelido desse pernambucano de Recife, que aqui chegou com a fam\u00edlia em 1966 e fez carreira, no futebol de sal\u00e3o daquela \u00e9poca \u2013 o futsal de hoje \u2013 e fora das quadras, como gestor de esporte.<\/p>\n<p>Toinha (foto) conheceu o esporte na educa\u00e7\u00e3o f\u00edsica que praticou na escola. Fora dali, era peladeiro, como todo garoto, sonhando com participa\u00e7\u00f5es em grandes eventos.<\/p>\n<p>Hoje, com 66 anos (completar\u00e1 67 em 10 de maio), Toinha integra a consagrada \u201cGera\u00e7\u00e3o Dom Bosco\u201d, grupo de profissionais formados na Faculdade Dom Bosco de Educa\u00e7\u00e3o F\u00edsica, entidade que marcou \u00e9poca no ensino superior. Tal gera\u00e7\u00e3o teve e tem participa\u00e7\u00e3o efetiva na evolu\u00e7\u00e3o do esporte da capital brasileira, quer como atleta quer como gestor esportivo.<\/p>\n<p><strong><em>\u201cNa escola joguei muito handebol e at\u00e9 disputei competi\u00e7\u00f5es escolares. Mas havia s\u00f3 dois times na cidade, Ascade e Sucata, com campeonatos de pouca motiva\u00e7\u00e3o. Eu queria algo mais movimentado, mais disputado\u201d<\/em><\/strong><\/p>\n<p>Assim, enquanto avan\u00e7ava na idade, Toinha fazia a transi\u00e7\u00e3o para o futebol de sal\u00e3o, esporte de grande apelo na cidade, deixando o handebol na saudade. E seguia nos estudos, at\u00e9 se formar em Educa\u00e7\u00e3o F\u00edsica, em 1979.<\/p>\n<p><strong>Campe\u00e3o e artilheiro<\/strong><\/p>\n<p>\u201cInicialmente, joguei futebol de sal\u00e3o num time de empresa, a Transportadora F. Souto\u201d, recorda.<\/p>\n<p>No time da F. Souto Toinha se destacou no torneio \u201cAberto da Aruc\u201d, competi\u00e7\u00e3o gigantesca com mais de 100 equipes participantes, naqueles primeiros anos da cidade, ainda em constru\u00e7\u00e3o.<\/p>\n<p>Num desses eventos ele foi o artilheiro e chamou a aten\u00e7\u00e3o de Marcos Vin\u00edcius Santa, o Marc\u00e3o, da Aruc, que convidou o amigo para jogar no seu time. Tudo acertado, Toinha passou a defender o clube azul e branco do bairro Cruzeiro. A Aruc \u00e9 conhecida, ainda hoje, como a agremia\u00e7\u00e3o supercampe\u00e3 do Carnaval Candango.<\/p>\n<p>Em 1981, no Aberto da Aruc, a primeira competi\u00e7\u00e3o que disputou pelo novo time, Toinha sagrou-se campe\u00e3o e ganhou o trof\u00e9u de artilheiro. Em 1982, a Aruc repetiu o p\u00f3dio de campe\u00e3 e foi disputar o Campeonato Brasileiro, em Fortaleza, onde terminou em quinto lugar. \u00a0Considerado o melhor piv\u00f4 da \u00e9poca, Toinha reconhece que havia outros jogadores muito bons, na mesma posi\u00e7\u00e3o.<\/p>\n<blockquote><p><strong><em>\u201cTivemos bons piv\u00f4s na minha gera\u00e7\u00e3o, como o Z\u00e9 Carlos e o Paulinho Gordo\u201d, afirmou.<\/em><\/strong><\/p><\/blockquote>\n<p>\u201cMas o Toinha, do alto de seus 1,86m, fazia a diferen\u00e7a e muitos gols\u201d, refor\u00e7a H\u00e9lio Tremendani, diretor da Aruc e fundador da \u201cMemoria da Cultura e do Esporte\u201d, que acompanha as reportagens e contribui muito para recuperar dados \u201cdaqueles tempos\u201d, que ele participou como expectador e atleta.<\/p>\n<p><strong>Novas mudan\u00e7as<\/strong><\/p>\n<p>Em 1983 Toinha trocou de time e foi jogar na Asmec, onde se sagrou bicampe\u00e3o da cidade, logo nas duas primeiras temporadas atuando pela nova equipe. Naqueles tempos, os jogos eram disputados em v\u00e1rios gin\u00e1sios, entre eles o Minas T\u00eanis, Cl\u00e1udio Coutinho, o Iate, Clube dos Servidores, Economi\u00e1rios&#8230;<\/p>\n<figure id=\"attachment_3384\" aria-describedby=\"caption-attachment-3384\" style=\"width: 453px\" class=\"wp-caption aligncenter\"><a href=\"https:\/\/memoriadaculturaesportebsb.com.br\/wp-content\/uploads\/2026\/01\/toinha2.jpg\"><img loading=\"lazy\" decoding=\"async\" class=\"wp-image-3384 size-full\" src=\"https:\/\/memoriadaculturaesportebsb.com.br\/wp-content\/uploads\/2026\/01\/toinha2.jpg\" alt=\"\" width=\"453\" height=\"266\" srcset=\"https:\/\/memoriadaculturaesportebsb.com.br\/wp-content\/uploads\/2026\/01\/toinha2.jpg 453w, https:\/\/memoriadaculturaesportebsb.com.br\/wp-content\/uploads\/2026\/01\/toinha2-300x176.jpg 300w\" sizes=\"auto, (max-width: 453px) 100vw, 453px\" \/><\/a><figcaption id=\"caption-attachment-3384\" class=\"wp-caption-text\">Equipe de futsal do Iate Clube, anos 1980<\/figcaption><\/figure>\n<p>Novos campeonatos se sucederam e as mudan\u00e7as de clubes tamb\u00e9m.<\/p>\n<blockquote><p><strong><em>\u201cDa Asmec fui para o Setor Leste, enquanto j\u00e1 trabalhava como professor de educa\u00e7\u00e3o f\u00edsica, numa escola de Planaltina\u201d, contra Toinha.<\/em><\/strong><\/p><\/blockquote>\n<p>Com a cabe\u00e7a \u201csempre nas quadras\u201d, outros clubes entraram no roteiro do atleta: passou pela Afusta \u2013 Associa\u00e7\u00e3o de Futebol de Sal\u00e3o de Taguatinga, em 1987 e, no ano seguinte, Iate Clube de Bras\u00edlia, onde integrou o time que se sagrou tetracampe\u00e3o da cidade. \u201cTrabalhava e jogava\u201d, conta Toinha sobre as rotinas da \u00e9poca.<\/p>\n<p><strong>A vez do gestor<\/strong><\/p>\n<p>Fora das quadras, os convites tamb\u00e9m surgiam, como do amigo Marco Aur\u00e9lio, o Marquinhos, que chamou Toinha para trabalhar no Cief \u2013 Centro Interescolar de Educa\u00e7\u00e3o F\u00edsica \u2013 e ali ajudar na gest\u00e3o dos Jogos Escolares do Distrito Federal, o que aconteceu at\u00e9 fins de 1991.<\/p>\n<p>Nessa fun\u00e7\u00e3o Toinha tamb\u00e9m se destacou e em 1990 fez uma pausa no Cief para colaborar com a Secretaria de Esporte do Governo Federal, para a qual foi convidado. \u00c0 \u00e9poca, o titular da pasta era o craque Zico, consagrado ex-atacante do Flamengo. Ali, Toinha coordenou o torneio de futsal dos Jogos Escolares e Brasileiros e do Jogos Escolares Sul-Americano.<\/p>\n<p><strong>Homenagem<\/strong><\/p>\n<p>Destacado piv\u00f4, professor e gestor de esporte, Toinha n\u00e3o foi ignorado pela cr\u00f4nica esportiva e acabou sendo eleito durante tr\u00eas temporadas, pelos jornalistas esportivos da cidade com o Trof\u00e9u da Associa\u00e7\u00e3o Brasiliense dos Cronistas Desportivos (ABCD). Tudo isso nos anos 1990.<\/p>\n<p>Em 1992, quando foi vice-campe\u00e3o de futebol de sal\u00e3o de Bras\u00edlia, ainda no Iate Clube, Toinha foi eleito o melhor jogador da temporada, recebendo o trof\u00e9u do ent\u00e3o presidente da Federa\u00e7\u00e3o de Futebol de Sal\u00e3o, Cl\u00e1udio Nunes.<\/p>\n<p>Ao final daquela temporada, j\u00e1 com 33 anos, Toinha, \u00a0satisfeito com a carreira que cumprira, encerrou a fase profissional. Passou a jogar torneios internos de clubes s\u00f3 para se divertir.<\/p>\n<p><strong>Os melhores<\/strong><\/p>\n<p>Trocando ideias e lembran\u00e7as com H\u00e9lio Tremendani, Toinha vai citando os melhores jogadores que viu jogar nas d\u00e9cadas de 1980\/1980, a maioria dos quais ele dividiu a quadra: Dirceu, Redinau e Cebola eram \u00f3timos diz ele. \u201cE voc\u00ea, Toinha\u201d, completa H\u00e9lio Tremendani, provocando um sorriso de satisfa\u00e7\u00e3o no amigo.<\/p>\n<p>\u201cO piv\u00f4 que eu admirava era o Renato, da Embrapa, al\u00e9m de Gils\u00e3o e Z\u00e9 Mauro. Eram \u00f3timos. E tinha o Fitinha, excelente goleiro\u201d, continua Toinho.<\/p>\n<p>Outros nomes que ele recorda: Maurinho, que na d\u00e9cada de 1980 jogou no SUMOV E AABB e foi convocado para a Sele\u00e7\u00e3o Brasileira. Foi o melhor beque parado de todos os tempos; e o seu filho Reni\u00ea atualmente joga no Atl\u00e9tico Mineiro.<\/p>\n<p>\u201cNa d\u00e9cada de 1990, o piv\u00f4 C\u00e9sar Paulo foi para a Sele\u00e7\u00e3o Brasileira e depois foi jogar em Portugal. Nino, tamb\u00e9m era muito bom. Axel, sem d\u00favida, foi o melhor daquela gera\u00e7\u00e3o, assim como Guayac\u00e1, muito bom.<\/p>\n<p><strong>Professor<\/strong><\/p>\n<p>Com essa experi\u00eancia de atleta e gestor, Toinha dedicou-se ao magist\u00e9rio, no Col\u00e9gio Setor Leste, tradicional educand\u00e1rio de Bras\u00edlia. E levou a saudade dos tempos do Cief.<\/p>\n<p><em>\u201cO Cief, na mesma \u00e1rea do Col\u00e9gio Elefante Branco, era o grande centro esportivo de Bras\u00edlia. Ali t\u00ednhamos desde a inicia\u00e7\u00e3o do atletismo, nata\u00e7\u00e3o e outras modalidades de quadra. Era tudo concentrado ali, foi uma grande refer\u00eancia para o esporte escolar de Bras\u00edlia\u201d.<\/em><\/p>\n<p>Toinha ficou no Setor Leste at\u00e9 1998. Ali, ele montou um time de futebol de sal\u00e3o que se sagrou tricampe\u00e3o dos Jogos Escolares do Distrito Federal.<\/p>\n<p><strong>No Minist\u00e9rio <\/strong><\/p>\n<p>Em 1999, o ent\u00e3o professor foi removido para a Escola Parque da 107Sul, onde ficou at\u00e9 2002, quando foi convidado para integrar a equipe do ent\u00e3o ministro do Esporte, Agnelo Queiroz, lotado na diretoria do Esporte Educacional, programa Segundo Tempo.<\/p>\n<p>Nessa condi\u00e7\u00e3o e por sua experi\u00eancia no setor, Toinha coordenou a delega\u00e7\u00e3o brasileira nos Jogos Estudantis Sul-Americanos, realizados em 2003, 2004 e 2005, respectivamente na Bol\u00edvia, Argentina e na Col\u00f4mbia.<\/p>\n<p>Na sequ\u00eancia dessa rotina de gestor e docente, em 2011 Toinha foi para a Secretaria Geral da Secretaria de Esporte do DF. Depois, voltou ao Cief e, finalmente, para o Centro Educacional Caseb, um dos primeiros educand\u00e1rios de ensino fundamental em Bras\u00edlia. Ali, o grande craque que fez do esporte a sua carreira em tempo integral, nas quadras e fora delas se aposentou \u201cde tudo\u201d, em 2017.<\/p>\n<figure id=\"attachment_3385\" aria-describedby=\"caption-attachment-3385\" style=\"width: 490px\" class=\"wp-caption aligncenter\"><a href=\"https:\/\/memoriadaculturaesportebsb.com.br\/wp-content\/uploads\/2026\/01\/toinha3.jpg\"><img loading=\"lazy\" decoding=\"async\" class=\"size-full wp-image-3385\" src=\"https:\/\/memoriadaculturaesportebsb.com.br\/wp-content\/uploads\/2026\/01\/toinha3.jpg\" alt=\"\" width=\"490\" height=\"276\" srcset=\"https:\/\/memoriadaculturaesportebsb.com.br\/wp-content\/uploads\/2026\/01\/toinha3.jpg 490w, https:\/\/memoriadaculturaesportebsb.com.br\/wp-content\/uploads\/2026\/01\/toinha3-300x169.jpg 300w\" sizes=\"auto, (max-width: 490px) 100vw, 490px\" \/><\/a><figcaption id=\"caption-attachment-3385\" class=\"wp-caption-text\">Equipe de futsal da Aruc, 1981<\/figcaption><\/figure>\n<p><strong><em>\u201cFaria tudo de novo. Adorei cumprir essa jornada. Fica muita saudade, desde o in\u00edcio, da chegada na Aruc, uma das refer\u00eancias dos meus tempos. Pelas circunst\u00e2ncias, fui jogar em outros times, mas sempre muito bem recebido e muito bem tratado\u201d<\/em><\/strong><\/p>\n<p><strong>Dois tempos <\/strong><\/p>\n<p>Das li\u00e7\u00f5es nessa jornada em quem mais ensinou, Toinha revela o contraste que conheceu no desporto escolar: no in\u00edcio, apenas com recursos p\u00fablicos, por isso com limita\u00e7\u00f5es, mas muita criatividade. A partir de 2001, com os Jogos Escolares j\u00e1 sob o comando do Comit\u00ea Ol\u00edmpico do Brasil e recursos das loterias federais, houve mudan\u00e7as significativas, \u201cmas tudo concentrado no dinheiro, com viagens de avi\u00e3o, hospedagens em hot\u00e9is, mudan\u00e7as nos modelos de competi\u00e7\u00f5es, tudo contrastando com as origens dos JEBs.<\/p>\n<p>\u201cAntes, os Jogos eram mais rom\u00e2nticos, havia mais confraterniza\u00e7\u00e3o, era mais escolar, de fato. Agora s\u00e3o outros tempos\u201d, compara, com a experi\u00eancia que viveu, a\u00ed incluindo a participa\u00e7\u00e3o de sete Jogos Universit\u00e1rios Brasileiros (JEBs), sendo uma na delega\u00e7\u00e3o de handebol e seis na de futsal. Nesse desempenho, acabou convocado para a Sele\u00e7\u00e3o Brasileira Universit\u00e1ria, em 1984.<\/p>\n<p><strong>Encontro da saudade<\/strong><\/p>\n<p>Casado com S\u00f4nia, o casal foi morar na Metropolitana, bairro na sequ\u00eancia do N\u00facleo Bandeirantes. Ali, ele encontrou o ex-colega Potiguar, tamb\u00e9m formado na Faculdade Dom Bosco e a rotina se criou: sexta-feira era dia de encontrar o amigo no Mercad\u00e3o, uma das refer\u00eancias de reuni\u00f5es para \u201cuma gelada\u201d, na regi\u00e3o.<\/p>\n<figure id=\"attachment_3386\" aria-describedby=\"caption-attachment-3386\" style=\"width: 491px\" class=\"wp-caption aligncenter\"><a href=\"https:\/\/memoriadaculturaesportebsb.com.br\/wp-content\/uploads\/2026\/01\/toinha4.jpg\"><img loading=\"lazy\" decoding=\"async\" class=\"size-full wp-image-3386\" src=\"https:\/\/memoriadaculturaesportebsb.com.br\/wp-content\/uploads\/2026\/01\/toinha4.jpg\" alt=\"\" width=\"491\" height=\"368\" srcset=\"https:\/\/memoriadaculturaesportebsb.com.br\/wp-content\/uploads\/2026\/01\/toinha4.jpg 491w, https:\/\/memoriadaculturaesportebsb.com.br\/wp-content\/uploads\/2026\/01\/toinha4-300x225.jpg 300w\" sizes=\"auto, (max-width: 491px) 100vw, 491px\" \/><\/a><figcaption id=\"caption-attachment-3386\" class=\"wp-caption-text\">Amigos de todos os tempos: encontro marcado no Mercad\u00e3o<\/figcaption><\/figure>\n<p>Outros ex-colegas apareceram e a\u00ed surgiu a ideia de fazer um encontro a \u201cgera\u00e7\u00e3o Dom Bosco\u201d.<\/p>\n<p>\u201cEra um encontro por semestre. Agora s\u00e3o dois. Apareceu muita gente que se formou naquela faculdade\u201d afirma Toinha, entusiasmado com o resultado de reunir amigos e ex-colegas.<\/p>\n<p>\u201cEsses encontros chegam a reunir 60 pessoas aqui no Mercad\u00e3o do Bandeirantes. Advers\u00e1rios que fomos nas quadras, hoje somos amigos. E rimos muito do que recordamos, das confus\u00f5es em que nos metemos, inclusive. \u00c9 muito bom para matar a saudade, recuperar a mem\u00f3ria e `causos\u00b4 daqueles tempos\u201d&#8230;<\/p>\n<figure id=\"attachment_3387\" aria-describedby=\"caption-attachment-3387\" style=\"width: 567px\" class=\"wp-caption aligncenter\"><a href=\"https:\/\/memoriadaculturaesportebsb.com.br\/wp-content\/uploads\/2026\/01\/toinha5.jpg\"><img loading=\"lazy\" decoding=\"async\" class=\"size-full wp-image-3387\" src=\"https:\/\/memoriadaculturaesportebsb.com.br\/wp-content\/uploads\/2026\/01\/toinha5.jpg\" alt=\"\" width=\"567\" height=\"319\" srcset=\"https:\/\/memoriadaculturaesportebsb.com.br\/wp-content\/uploads\/2026\/01\/toinha5.jpg 567w, https:\/\/memoriadaculturaesportebsb.com.br\/wp-content\/uploads\/2026\/01\/toinha5-300x169.jpg 300w\" sizes=\"auto, (max-width: 567px) 100vw, 567px\" \/><\/a><figcaption id=\"caption-attachment-3387\" class=\"wp-caption-text\">Outros encontros do g\u00eanero se realizam. Por exemplo, o que \u00e9 promovido anualmente por Renato Artuch, sempre concorrido, reunindo os pioneiros do futebol de sal\u00e3o em Bras\u00edlia (foto)<\/figcaption><\/figure>\n<p><strong><em>Tradicional foto ao final das entrevistas: <\/em><\/strong><\/p>\n<figure id=\"attachment_3388\" aria-describedby=\"caption-attachment-3388\" style=\"width: 689px\" class=\"wp-caption aligncenter\"><a href=\"https:\/\/memoriadaculturaesportebsb.com.br\/wp-content\/uploads\/2026\/01\/toinha6.jpg\"><img loading=\"lazy\" decoding=\"async\" class=\"wp-image-3388 size-full\" src=\"https:\/\/memoriadaculturaesportebsb.com.br\/wp-content\/uploads\/2026\/01\/toinha6.jpg\" alt=\"\" width=\"689\" height=\"868\" srcset=\"https:\/\/memoriadaculturaesportebsb.com.br\/wp-content\/uploads\/2026\/01\/toinha6.jpg 689w, https:\/\/memoriadaculturaesportebsb.com.br\/wp-content\/uploads\/2026\/01\/toinha6-238x300.jpg 238w\" sizes=\"auto, (max-width: 689px) 100vw, 689px\" \/><\/a><figcaption id=\"caption-attachment-3388\" class=\"wp-caption-text\">Toinha, ao centro, com Jos\u00e9 Cruz e H\u00e9lio Tremendani.<\/figcaption><\/figure>\n<p>&nbsp;<\/p>\n<p>&nbsp;<\/p>\n","protected":false},"excerpt":{"rendered":"<p>Com esta reportagem abrimos a temporada de entrevistas de 2026, quando comemoramos o quinto ano de ininterruptas publica\u00e7\u00f5es Desde a inf\u00e2ncia, o nome Ant\u00f4nio Carlos Silva Freire foi reduzido para \u201cToinha\u201d, apelido desse pernambucano de Recife, que aqui chegou com a fam\u00edlia em 1966 e fez carreira, no futebol de sal\u00e3o daquela \u00e9poca \u2013 o &hellip;<\/p>\n","protected":false},"author":2,"featured_media":0,"comment_status":"closed","ping_status":"closed","sticky":false,"template":"","format":"standard","meta":{"footnotes":""},"categories":[13,3,6,4,16,14],"tags":[],"class_list":["post-3382","post","type-post","status-publish","format-standard","","category-colunistas","category-destaque","category-entrevistas","category-esporte","category-helio-tremendani","category-jose-cruz"],"_links":{"self":[{"href":"https:\/\/memoriadaculturaesportebsb.com.br\/index.php\/wp-json\/wp\/v2\/posts\/3382","targetHints":{"allow":["GET"]}}],"collection":[{"href":"https:\/\/memoriadaculturaesportebsb.com.br\/index.php\/wp-json\/wp\/v2\/posts"}],"about":[{"href":"https:\/\/memoriadaculturaesportebsb.com.br\/index.php\/wp-json\/wp\/v2\/types\/post"}],"author":[{"embeddable":true,"href":"https:\/\/memoriadaculturaesportebsb.com.br\/index.php\/wp-json\/wp\/v2\/users\/2"}],"replies":[{"embeddable":true,"href":"https:\/\/memoriadaculturaesportebsb.com.br\/index.php\/wp-json\/wp\/v2\/comments?post=3382"}],"version-history":[{"count":1,"href":"https:\/\/memoriadaculturaesportebsb.com.br\/index.php\/wp-json\/wp\/v2\/posts\/3382\/revisions"}],"predecessor-version":[{"id":3389,"href":"https:\/\/memoriadaculturaesportebsb.com.br\/index.php\/wp-json\/wp\/v2\/posts\/3382\/revisions\/3389"}],"wp:attachment":[{"href":"https:\/\/memoriadaculturaesportebsb.com.br\/index.php\/wp-json\/wp\/v2\/media?parent=3382"}],"wp:term":[{"taxonomy":"category","embeddable":true,"href":"https:\/\/memoriadaculturaesportebsb.com.br\/index.php\/wp-json\/wp\/v2\/categories?post=3382"},{"taxonomy":"post_tag","embeddable":true,"href":"https:\/\/memoriadaculturaesportebsb.com.br\/index.php\/wp-json\/wp\/v2\/tags?post=3382"}],"curies":[{"name":"wp","href":"https:\/\/api.w.org\/{rel}","templated":true}]}}