{"id":3378,"date":"2026-01-12T14:58:19","date_gmt":"2026-01-12T17:58:19","guid":{"rendered":"https:\/\/memoriadaculturaesportebsb.com.br\/?p=3378"},"modified":"2026-01-12T14:58:19","modified_gmt":"2026-01-12T17:58:19","slug":"cultura-brasileira-se-fortalece-no-exterior","status":"publish","type":"post","link":"https:\/\/memoriadaculturaesportebsb.com.br\/index.php\/2026\/01\/12\/cultura-brasileira-se-fortalece-no-exterior\/","title":{"rendered":"Cultura brasileira se fortalece no exterior"},"content":{"rendered":"<p>A vit\u00f3ria de Wagner Moura no Globo de Ouro, pelo filme Agente Secreto, ultrapassa o reconhecimento individual de um ator consagrado. Ela se inscreve como um marco simb\u00f3lico para o cinema brasileiro, para as artes e para a cultura nacional em um momento particularmente sens\u00edvel de reconstru\u00e7\u00e3o da autoestima cultural do pa\u00eds.<\/p>\n<p><a href=\"https:\/\/memoriadaculturaesportebsb.com.br\/wp-content\/uploads\/2026\/01\/WhatsApp-Image-2026-01-12-at-14.45.29-1.jpeg\"><img loading=\"lazy\" decoding=\"async\" class=\"alignleft size-large wp-image-3379\" src=\"https:\/\/memoriadaculturaesportebsb.com.br\/wp-content\/uploads\/2026\/01\/WhatsApp-Image-2026-01-12-at-14.45.29-1-682x1024.jpeg\" alt=\"\" width=\"618\" height=\"928\" srcset=\"https:\/\/memoriadaculturaesportebsb.com.br\/wp-content\/uploads\/2026\/01\/WhatsApp-Image-2026-01-12-at-14.45.29-1-682x1024.jpeg 682w, https:\/\/memoriadaculturaesportebsb.com.br\/wp-content\/uploads\/2026\/01\/WhatsApp-Image-2026-01-12-at-14.45.29-1-200x300.jpeg 200w, https:\/\/memoriadaculturaesportebsb.com.br\/wp-content\/uploads\/2026\/01\/WhatsApp-Image-2026-01-12-at-14.45.29-1-768x1152.jpeg 768w, https:\/\/memoriadaculturaesportebsb.com.br\/wp-content\/uploads\/2026\/01\/WhatsApp-Image-2026-01-12-at-14.45.29-1.jpeg 853w\" sizes=\"auto, (max-width: 618px) 100vw, 618px\" \/><\/a>Wagner Moura j\u00e1 n\u00e3o \u00e9 apenas um nome brasileiro que circula no exterior; ele se tornou um int\u00e9rprete global, capaz de transitar entre idiomas, estilos e narrativas sem perder sua identidade. Ao ser premiado por uma produ\u00e7\u00e3o que dialoga com temas pol\u00edticos, \u00e9ticos e humanos \u2014 marcas recorrentes de sua trajet\u00f3ria \u2014, o ator reafirma a pot\u00eancia do artista brasileiro como voz cr\u00edtica e universal.<\/p>\n<p>Agente Secreto representa tamb\u00e9m um cinema que n\u00e3o se curva \u00e0 superficialidade. Trata-se de uma obra que aposta na densidade dram\u00e1tica, na complexidade dos personagens e na reflex\u00e3o sobre poder, vigil\u00e2ncia e moralidade. O reconhecimento internacional do filme sinaliza que h\u00e1 espa\u00e7o \u2014 e interesse \u2014 por narrativas brasileiras que n\u00e3o se limitam ao exotismo ou ao entretenimento f\u00e1cil.<\/p>\n<p>Para o cinema nacional, a conquista funciona como um selo de legitimidade. Mostra que o Brasil n\u00e3o apenas consome imagens, mas as produz com qualidade est\u00e9tica, rigor art\u00edstico e relev\u00e2ncia tem\u00e1tica.<\/p>\n<p>No campo mais amplo das artes, a vit\u00f3ria refor\u00e7a a ideia de que a cultura brasileira \u00e9 plural, sofisticada e contempor\u00e2nea. Ela dialoga com o mundo sem abrir m\u00e3o de suas contradi\u00e7\u00f5es e especificidades. \u00c9 um lembrete de que a arte, quando levada a s\u00e9rio, \u00e9 capaz de atravessar fronteiras e disputar espa\u00e7o nos grandes palcos internacionais.<\/p>\n<p>Por fim, esses resultados inspiram jovens atores, diretores, roteiristas e t\u00e9cnicos, que passam a enxergar um horizonte poss\u00edvel. A conquista de Wagner Moura n\u00e3o encerra um ciclo; ela abre caminhos que come\u00e7aram com a premia\u00e7\u00e3o de Fernanda Torres, no ano passado, ao conquistar o pr\u00eamio de melhor atriz.<\/p>\n<p>Essas conquistas devolvem ao pa\u00eds a confian\u00e7a de que sua cultura continua relevante e necess\u00e1ria. E que os recursos dispon\u00edveis pelo governo atrav\u00e9s das leis de incentivo \u00e0 cultura n\u00e3o s\u00e3o em v\u00e3o, s\u00e3o investimentos, antes de tudo, que valorizam as artes e fortalecem a imagem de um pa\u00eds que se engrandece por sua cultura, tamb\u00e9m.<\/p>\n<p>Os pr\u00eamios conquistados no Globo de Ouro s\u00e3o argumentos concretos em defesa do investimento p\u00fablico e privado no setor audiovisual.<\/p>\n","protected":false},"excerpt":{"rendered":"<p>A vit\u00f3ria de Wagner Moura no Globo de Ouro, pelo filme Agente Secreto, ultrapassa o reconhecimento individual de um ator consagrado. Ela se inscreve como um marco simb\u00f3lico para o cinema brasileiro, para as artes e para a cultura nacional em um momento particularmente sens\u00edvel de reconstru\u00e7\u00e3o da autoestima cultural do pa\u00eds. Wagner Moura j\u00e1 &hellip;<\/p>\n","protected":false},"author":2,"featured_media":0,"comment_status":"closed","ping_status":"closed","sticky":false,"template":"","format":"standard","meta":{"footnotes":""},"categories":[13,2,3],"tags":[],"class_list":["post-3378","post","type-post","status-publish","format-standard","","category-colunistas","category-cultura","category-destaque"],"_links":{"self":[{"href":"https:\/\/memoriadaculturaesportebsb.com.br\/index.php\/wp-json\/wp\/v2\/posts\/3378","targetHints":{"allow":["GET"]}}],"collection":[{"href":"https:\/\/memoriadaculturaesportebsb.com.br\/index.php\/wp-json\/wp\/v2\/posts"}],"about":[{"href":"https:\/\/memoriadaculturaesportebsb.com.br\/index.php\/wp-json\/wp\/v2\/types\/post"}],"author":[{"embeddable":true,"href":"https:\/\/memoriadaculturaesportebsb.com.br\/index.php\/wp-json\/wp\/v2\/users\/2"}],"replies":[{"embeddable":true,"href":"https:\/\/memoriadaculturaesportebsb.com.br\/index.php\/wp-json\/wp\/v2\/comments?post=3378"}],"version-history":[{"count":1,"href":"https:\/\/memoriadaculturaesportebsb.com.br\/index.php\/wp-json\/wp\/v2\/posts\/3378\/revisions"}],"predecessor-version":[{"id":3380,"href":"https:\/\/memoriadaculturaesportebsb.com.br\/index.php\/wp-json\/wp\/v2\/posts\/3378\/revisions\/3380"}],"wp:attachment":[{"href":"https:\/\/memoriadaculturaesportebsb.com.br\/index.php\/wp-json\/wp\/v2\/media?parent=3378"}],"wp:term":[{"taxonomy":"category","embeddable":true,"href":"https:\/\/memoriadaculturaesportebsb.com.br\/index.php\/wp-json\/wp\/v2\/categories?post=3378"},{"taxonomy":"post_tag","embeddable":true,"href":"https:\/\/memoriadaculturaesportebsb.com.br\/index.php\/wp-json\/wp\/v2\/tags?post=3378"}],"curies":[{"name":"wp","href":"https:\/\/api.w.org\/{rel}","templated":true}]}}