{"id":3371,"date":"2025-11-30T19:26:17","date_gmt":"2025-11-30T22:26:17","guid":{"rendered":"https:\/\/memoriadaculturaesportebsb.com.br\/?p=3371"},"modified":"2025-11-30T19:28:57","modified_gmt":"2025-11-30T22:28:57","slug":"homenagem-aos-66-anos-do-cruzeiro","status":"publish","type":"post","link":"https:\/\/memoriadaculturaesportebsb.com.br\/index.php\/2025\/11\/30\/homenagem-aos-66-anos-do-cruzeiro\/","title":{"rendered":"Homenagem aos\u00a066 anos do Cruzeiro"},"content":{"rendered":"<p><strong>Por Helio Tremendani<\/strong><\/p>\n<p>No ano em que o bairro do Cruzeiro, criado em 30 de novembro de 1959, completa o seu 66\u00ba anivers\u00e1rio, vem \u00e0 lembran\u00e7a os primeiros passos para a cria\u00e7\u00e3o da Associa\u00e7\u00e3o Esportiva Cruzeiro do Sul.<\/p>\n<p>Minha fam\u00edlia ainda n\u00e3o tinha chegado por aqui, pois a transfer\u00eancia de meu pai, Jo\u00e3o Mello, funcion\u00e1rio da C\u00e2mara dos Deputados, s\u00f3 ocorreu em mar\u00e7o de 1961. Naquela ocasi\u00e3o, fomos morar no bairro do Cruzeiro, porque a casa poderia abrigar as 10 pessoas da fam\u00edlia.<\/p>\n<p>Na mesma \u00e9poca, estava em constru\u00e7\u00e3o o campo da Associa\u00e7\u00e3o Esportiva Cruzeiro do Sul, perto de minha casa. Era um campo de barro que logo recebeu o apelido de \u201cescorre sangue\u201d. Meus irm\u00e3os mais velhos, Melinho e Mel\u00e3o passaram a treinar com os adultos.<\/p>\n<p>Apesar das poucas condi\u00e7\u00f5es do campo nos dias de amistosos, sempre aos domingos, compareciam muitos torcedores. O problema era quando chovia, pois o jogo tinha que ser interrompido porque a lama tornava todo o campo impratic\u00e1vel.<\/p>\n<p><a href=\"https:\/\/memoriadaculturaesportebsb.com.br\/wp-content\/uploads\/2025\/11\/helio-1.jpg\"><img loading=\"lazy\" decoding=\"async\" class=\"alignleft size-full wp-image-3372\" src=\"https:\/\/memoriadaculturaesportebsb.com.br\/wp-content\/uploads\/2025\/11\/helio-1.jpg\" alt=\"\" width=\"378\" height=\"232\" srcset=\"https:\/\/memoriadaculturaesportebsb.com.br\/wp-content\/uploads\/2025\/11\/helio-1.jpg 378w, https:\/\/memoriadaculturaesportebsb.com.br\/wp-content\/uploads\/2025\/11\/helio-1-300x184.jpg 300w\" sizes=\"auto, (max-width: 378px) 100vw, 378px\" \/><\/a>Um fato que vem \u00e0 minha lembran\u00e7a: o campo ficava exatamente no local onde, mais tarde, foi constru\u00edda a minha casa, quando as ruas do bairro passaram das 20 a 40 casas. A minha, onde moro at\u00e9 hoje, \u00e9 a de n\u00famero 40, da antiga Quadra 22, hoje quadra 6. J\u00e1 a Associa\u00e7\u00e3o Esportiva Cruzeiro do Sul foi transferida em 1963 para o local onde atualmente est\u00e1 instalada a Aruc. \u00a0\u00a0<em>(Na foto, o time do Cruzeiro de 1962)<\/em><\/p>\n<p>Naqueles primeiros tempos, eu e meus amigos Luis Carlos Nono, Fernando de Assis, D\u00e1rio, Manoel, Dirlei, Arthur, Jo\u00e3o, Lu\u00eds Goleiro e outros est\u00e1vamos sempre por perto querendo uma vaga para jogar nas peladas, depois dos treinos, mais os adultos n\u00e3o permitiam.<\/p>\n","protected":false},"excerpt":{"rendered":"<p>Por Helio Tremendani No ano em que o bairro do Cruzeiro, criado em 30 de novembro de 1959, completa o seu 66\u00ba anivers\u00e1rio, vem \u00e0 lembran\u00e7a os primeiros passos para a cria\u00e7\u00e3o da Associa\u00e7\u00e3o Esportiva Cruzeiro do Sul. Minha fam\u00edlia ainda n\u00e3o tinha chegado por aqui, pois a transfer\u00eancia de meu pai, Jo\u00e3o Mello, funcion\u00e1rio &hellip;<\/p>\n","protected":false},"author":2,"featured_media":0,"comment_status":"closed","ping_status":"closed","sticky":false,"template":"","format":"standard","meta":{"footnotes":""},"categories":[13,3,4,16],"tags":[],"class_list":["post-3371","post","type-post","status-publish","format-standard","","category-colunistas","category-destaque","category-esporte","category-helio-tremendani"],"_links":{"self":[{"href":"https:\/\/memoriadaculturaesportebsb.com.br\/index.php\/wp-json\/wp\/v2\/posts\/3371","targetHints":{"allow":["GET"]}}],"collection":[{"href":"https:\/\/memoriadaculturaesportebsb.com.br\/index.php\/wp-json\/wp\/v2\/posts"}],"about":[{"href":"https:\/\/memoriadaculturaesportebsb.com.br\/index.php\/wp-json\/wp\/v2\/types\/post"}],"author":[{"embeddable":true,"href":"https:\/\/memoriadaculturaesportebsb.com.br\/index.php\/wp-json\/wp\/v2\/users\/2"}],"replies":[{"embeddable":true,"href":"https:\/\/memoriadaculturaesportebsb.com.br\/index.php\/wp-json\/wp\/v2\/comments?post=3371"}],"version-history":[{"count":1,"href":"https:\/\/memoriadaculturaesportebsb.com.br\/index.php\/wp-json\/wp\/v2\/posts\/3371\/revisions"}],"predecessor-version":[{"id":3373,"href":"https:\/\/memoriadaculturaesportebsb.com.br\/index.php\/wp-json\/wp\/v2\/posts\/3371\/revisions\/3373"}],"wp:attachment":[{"href":"https:\/\/memoriadaculturaesportebsb.com.br\/index.php\/wp-json\/wp\/v2\/media?parent=3371"}],"wp:term":[{"taxonomy":"category","embeddable":true,"href":"https:\/\/memoriadaculturaesportebsb.com.br\/index.php\/wp-json\/wp\/v2\/categories?post=3371"},{"taxonomy":"post_tag","embeddable":true,"href":"https:\/\/memoriadaculturaesportebsb.com.br\/index.php\/wp-json\/wp\/v2\/tags?post=3371"}],"curies":[{"name":"wp","href":"https:\/\/api.w.org\/{rel}","templated":true}]}}