{"id":3367,"date":"2025-11-30T19:22:10","date_gmt":"2025-11-30T22:22:10","guid":{"rendered":"https:\/\/memoriadaculturaesportebsb.com.br\/?p=3367"},"modified":"2025-11-30T19:22:10","modified_gmt":"2025-11-30T22:22:10","slug":"das-antigas-no-cruzeiro","status":"publish","type":"post","link":"https:\/\/memoriadaculturaesportebsb.com.br\/index.php\/2025\/11\/30\/das-antigas-no-cruzeiro\/","title":{"rendered":"Das antigas no Cruzeiro&#8230;"},"content":{"rendered":"<p>Das antigas no Cruzeiro: Eu e minha fam\u00edlia, formada pelos meus pais: Juracy Tremendani e Jo\u00e3o Mello Santos, e meus irm\u00e3os: Jeanette, Moacir (Mel\u00e3o), Marly, Marlene, Ademir (Melinho), Iracema, Jurema e a sobrinha Rita de C\u00e1ssia, chegamos no Cruzeiro Velho em mar\u00e7o de 1961. Viemos para Bras\u00edlia com a transfer\u00eancia do meu pai para C\u00e2mara dos Deputados.<\/p>\n<figure id=\"attachment_3368\" aria-describedby=\"caption-attachment-3368\" style=\"width: 618px\" class=\"wp-caption aligncenter\"><a href=\"https:\/\/memoriadaculturaesportebsb.com.br\/wp-content\/uploads\/2025\/11\/WhatsApp-Image-2025-11-22-at-21.46.53.jpeg\"><img loading=\"lazy\" decoding=\"async\" class=\"wp-image-3368 size-large\" src=\"https:\/\/memoriadaculturaesportebsb.com.br\/wp-content\/uploads\/2025\/11\/WhatsApp-Image-2025-11-22-at-21.46.53-989x1024.jpeg\" alt=\"\" width=\"618\" height=\"640\" srcset=\"https:\/\/memoriadaculturaesportebsb.com.br\/wp-content\/uploads\/2025\/11\/WhatsApp-Image-2025-11-22-at-21.46.53-989x1024.jpeg 989w, https:\/\/memoriadaculturaesportebsb.com.br\/wp-content\/uploads\/2025\/11\/WhatsApp-Image-2025-11-22-at-21.46.53-290x300.jpeg 290w, https:\/\/memoriadaculturaesportebsb.com.br\/wp-content\/uploads\/2025\/11\/WhatsApp-Image-2025-11-22-at-21.46.53-768x795.jpeg 768w, https:\/\/memoriadaculturaesportebsb.com.br\/wp-content\/uploads\/2025\/11\/WhatsApp-Image-2025-11-22-at-21.46.53.jpeg 1056w\" sizes=\"auto, (max-width: 618px) 100vw, 618px\" \/><\/a><figcaption id=\"caption-attachment-3368\" class=\"wp-caption-text\">Helio, Dona Juracy (m\u00e3e), Jurema e Solimar Ferrugem, nos primeiros dias morando no Cruzeiro, quadra 24 casa 17, hoje quadra 6.<\/figcaption><\/figure>\n<p>A nossa chegada foi tumultuada pois meus irm\u00e3os queriam voltar para o Rio de Janeiro. Eu e Jurema \u00e9ramos os mais novos e, sem entender o que se passava, procur\u00e1vamos fazer amigos como forma de intera\u00e7\u00e3o para passar o tempo. Assim que chegamos, come\u00e7amos a estudar em uma escola improvisada, em condi\u00e7\u00f5es bastante prec\u00e1rias, em um acampamento da Construtora Alcino Vieira.<\/p>\n<p>Quando acabavam as aulas, eu brincava na rua e, \u00e0s vezes, aceitava o convite do amigo Adelino para ca\u00e7ar passarinhos no cerrado onde atualmente \u00e9 o Sudoeste ou \u00edamos para o lado onde foi constru\u00eddo o Cruzeiro Novo. Aquilo n\u00e3o me agradava porque eu ficava com pena dos passarinhos.<\/p>\n<p>Com o tempo, outros amigos surgiram como Solimar, Lu\u00eds Carlos, N\u00f4no, Milton Capo, os irm\u00e3os Dario e Manoel, e nosso vizinho, Eudo &#8211; o popular Pudim, Arthur, Fernando, filho do seu Chico Bombeiro, e outros. Com eles, comecei a jogar futebol pela Clube Associa\u00e7\u00e3o Esportiva Cruzeiro do Sul, particip\u00e1vamos de jogos amistosos e de alguns torneios na categoria mirim.<\/p>\n<p><a href=\"https:\/\/memoriadaculturaesportebsb.com.br\/wp-content\/uploads\/2025\/11\/WhatsApp-Image-2025-11-22-at-21.54.59.jpeg\"><img loading=\"lazy\" decoding=\"async\" class=\"aligncenter size-large wp-image-3369\" src=\"https:\/\/memoriadaculturaesportebsb.com.br\/wp-content\/uploads\/2025\/11\/WhatsApp-Image-2025-11-22-at-21.54.59-1024x682.jpeg\" alt=\"\" width=\"618\" height=\"412\" srcset=\"https:\/\/memoriadaculturaesportebsb.com.br\/wp-content\/uploads\/2025\/11\/WhatsApp-Image-2025-11-22-at-21.54.59-1024x682.jpeg 1024w, https:\/\/memoriadaculturaesportebsb.com.br\/wp-content\/uploads\/2025\/11\/WhatsApp-Image-2025-11-22-at-21.54.59-300x200.jpeg 300w, https:\/\/memoriadaculturaesportebsb.com.br\/wp-content\/uploads\/2025\/11\/WhatsApp-Image-2025-11-22-at-21.54.59-768x512.jpeg 768w, https:\/\/memoriadaculturaesportebsb.com.br\/wp-content\/uploads\/2025\/11\/WhatsApp-Image-2025-11-22-at-21.54.59-1536x1023.jpeg 1536w, https:\/\/memoriadaculturaesportebsb.com.br\/wp-content\/uploads\/2025\/11\/WhatsApp-Image-2025-11-22-at-21.54.59.jpeg 1600w\" sizes=\"auto, (max-width: 618px) 100vw, 618px\" \/><\/a><\/p>\n<p>Quando n\u00e3o tinha futebol, a distra\u00e7\u00e3o era brincar nas enormes valas abertas para implanta\u00e7\u00e3o das redes de \u00e1guas pluviais, soltar pipas e outras brincadeiras que j\u00e1 nem existem mais. A preferida era pertubar os vizinhos colando esparadrapos nas campanhias e sair correndo para n\u00e3o sermos identificados, por\u00e9m a maioria das pessoas j\u00e1 sabia que eu estava envolvido. Alguns procuravam os meus pais e l\u00e1 vinha o tal do castigo: ficar sem sair de casa.<\/p>\n<p>Conclu\u00eddo o ensino fundamental, fui estudar no Gin\u00e1sio do Cruzeiro e logo nas primeiras aulas de Educa\u00e7\u00e3o F\u00edsica fui selecionado para compor as equipes de Basquete, Handebol, V\u00f4lei, Futebol de Sal\u00e3o e Atletismo. Junto veio a primeira namorada, festas nas casas dos amigos e, aos finais de semana, tinha o programa &#8220;Domingo de Folga&#8221;, na TV Bras\u00edlia (ao vivo), com concursos de calouros e grupos de m\u00edmicas que imitavam e dublavam conjuntos americanos.<\/p>\n<p>Hoje, o Cruzeiro completa 66 anos e \u00e9 uma cidade pronta, com seus im\u00f3veis muito valorizados. Mas aquela fase nos prim\u00f3rdios n\u00e3o pode ser esquecida, confesso que sou um cruzeirense apaixonado e que nunca morei em outra cidade. Aqui me casei e tive tr\u00eas filhos: Heloisa, Marcus Vinicius e Vitor.<\/p>\n","protected":false},"excerpt":{"rendered":"<p>Das antigas no Cruzeiro: Eu e minha fam\u00edlia, formada pelos meus pais: Juracy Tremendani e Jo\u00e3o Mello Santos, e meus irm\u00e3os: Jeanette, Moacir (Mel\u00e3o), Marly, Marlene, Ademir (Melinho), Iracema, Jurema e a sobrinha Rita de C\u00e1ssia, chegamos no Cruzeiro Velho em mar\u00e7o de 1961. Viemos para Bras\u00edlia com a transfer\u00eancia do meu pai para C\u00e2mara &hellip;<\/p>\n","protected":false},"author":2,"featured_media":0,"comment_status":"closed","ping_status":"closed","sticky":false,"template":"","format":"standard","meta":{"footnotes":""},"categories":[13,2,3,16],"tags":[],"class_list":["post-3367","post","type-post","status-publish","format-standard","","category-colunistas","category-cultura","category-destaque","category-helio-tremendani"],"_links":{"self":[{"href":"https:\/\/memoriadaculturaesportebsb.com.br\/index.php\/wp-json\/wp\/v2\/posts\/3367","targetHints":{"allow":["GET"]}}],"collection":[{"href":"https:\/\/memoriadaculturaesportebsb.com.br\/index.php\/wp-json\/wp\/v2\/posts"}],"about":[{"href":"https:\/\/memoriadaculturaesportebsb.com.br\/index.php\/wp-json\/wp\/v2\/types\/post"}],"author":[{"embeddable":true,"href":"https:\/\/memoriadaculturaesportebsb.com.br\/index.php\/wp-json\/wp\/v2\/users\/2"}],"replies":[{"embeddable":true,"href":"https:\/\/memoriadaculturaesportebsb.com.br\/index.php\/wp-json\/wp\/v2\/comments?post=3367"}],"version-history":[{"count":1,"href":"https:\/\/memoriadaculturaesportebsb.com.br\/index.php\/wp-json\/wp\/v2\/posts\/3367\/revisions"}],"predecessor-version":[{"id":3370,"href":"https:\/\/memoriadaculturaesportebsb.com.br\/index.php\/wp-json\/wp\/v2\/posts\/3367\/revisions\/3370"}],"wp:attachment":[{"href":"https:\/\/memoriadaculturaesportebsb.com.br\/index.php\/wp-json\/wp\/v2\/media?parent=3367"}],"wp:term":[{"taxonomy":"category","embeddable":true,"href":"https:\/\/memoriadaculturaesportebsb.com.br\/index.php\/wp-json\/wp\/v2\/categories?post=3367"},{"taxonomy":"post_tag","embeddable":true,"href":"https:\/\/memoriadaculturaesportebsb.com.br\/index.php\/wp-json\/wp\/v2\/tags?post=3367"}],"curies":[{"name":"wp","href":"https:\/\/api.w.org\/{rel}","templated":true}]}}