{"id":3363,"date":"2025-11-24T18:25:18","date_gmt":"2025-11-24T21:25:18","guid":{"rendered":"https:\/\/memoriadaculturaesportebsb.com.br\/?p=3363"},"modified":"2025-11-24T18:25:18","modified_gmt":"2025-11-24T21:25:18","slug":"a-simpatia-do-futsal-feminino-da-aruc","status":"publish","type":"post","link":"https:\/\/memoriadaculturaesportebsb.com.br\/index.php\/2025\/11\/24\/a-simpatia-do-futsal-feminino-da-aruc\/","title":{"rendered":"A simpatia do futsal\u00a0feminino da Aruc"},"content":{"rendered":"<p><strong>Por H\u00e9lio Tremendani<\/strong><\/p>\n<p>Em 1984, Narciso Bastos Portela assumiu a presid\u00eancia da Aruc. N\u00e1 \u00e9poca, estudante da Faculdade de Educa\u00e7\u00e3o F\u00edsica Dom Bosco, ele foi procurado por algumas de suas colegas de classe, que pretendiam disputar o Campeonato de Futebol de Sal\u00e3o oficial da cidade. Com o tempo, a modalidade passou a se chamar \u201cfutsal\u201d.<\/p>\n<p>Depois de algumas conversas, presidente e jogadoras acertaram que o time disputaria com a camisa da Aruc. Era uma novidade para \u00e0 \u00e9poca, pois a maioria das atletas atuavam no futebol de campo da equipe da Distribuidora Jardim.<\/p>\n<p>Mas, naquela mudan\u00e7a de modalidade, come\u00e7ava uma hist\u00f3ria de sucesso no esporte da bola pesada, como era conhecido o futebol de sal\u00e3o e que foi o ponto de partida para a evolu\u00e7\u00e3o da modalidade em Bras\u00edlia.<\/p>\n<p><a href=\"https:\/\/memoriadaculturaesportebsb.com.br\/wp-content\/uploads\/2025\/11\/futsal1.jpg\"><img loading=\"lazy\" decoding=\"async\" class=\"aligncenter size-full wp-image-3364\" src=\"https:\/\/memoriadaculturaesportebsb.com.br\/wp-content\/uploads\/2025\/11\/futsal1.jpg\" alt=\"\" width=\"335\" height=\"363\" srcset=\"https:\/\/memoriadaculturaesportebsb.com.br\/wp-content\/uploads\/2025\/11\/futsal1.jpg 335w, https:\/\/memoriadaculturaesportebsb.com.br\/wp-content\/uploads\/2025\/11\/futsal1-277x300.jpg 277w\" sizes=\"auto, (max-width: 335px) 100vw, 335px\" \/><\/a><\/p>\n<p><strong><em>Na foto acima, o primeiro time de futsal da Aruc, iniciativa de alunas da Faculdade de Educa\u00e7\u00e3o F\u00edsica Dom Bosco, que sugeriram a parceria. Da esquerda para a direita, em p\u00e9: Suzi &#8211; &#8230;..; Agachadas: Karla, Ray e Lilian<\/em><\/strong><\/p>\n<p><strong>Foto: Chagas Bor\u00f3 &#8211;\u00a0 <\/strong><strong>Acervo do @institutoarucdf.<\/strong><\/p>\n<p><strong>A estreia<\/strong><\/p>\n<p>Foi assim que, em 1987, a Aruc participou de seu primeiro torneio interestadual, no Rio de Janeiro, competindo com as equipes Fl\u00e1vio Autom\u00f3veis, do Cear\u00e1, Internacional, de Porto Alegre, e o Petr\u00f3polis, do Rio de Janeiro<\/p>\n<p>A equipe de Bras\u00edlia perdeu os tr\u00eas jogos: 2&#215;0, 2&#215;1 e 3&#215;0. Heitor Gomes, t\u00e9cnico das garotas, considerado o melhor de Bras\u00edlia na modalidade masculina, concluiu que faltava ritmo de jogo para o time rec\u00e9m-formado.<\/p>\n<p>Diante disso, foram promovidos v\u00e1rios eventos ao longo dos anos, como a Ta\u00e7a Centro Oeste. No campeonato federado local o time da Aruc era imbat\u00edvel e at\u00e9 conquistou o decacampeonato da cidade, dez anos consecutivos no topo do p\u00f3dio. Com isso, tornou-se um dos times amadores mais queridos do Distrito Federal.<\/p>\n<p><strong>Convites<\/strong><\/p>\n<p>Na sequ\u00eancia de jogos que realizava levava sempre bom p\u00fablico aos gin\u00e1sios de Planaltina\/Vila Roriz, Brazl\u00e2ndia, Ceil\u00e2ndia, Parano\u00e1, Guar\u00e1, N\u00facleo Bandeirante, Gama, Sobradinho e Taguatinga. Al\u00e9m disso, o time das garotas da Aruc era convidado para eventos em escolas, clubes sociais e pelo estilo de jogo que apresentavam passou a ser uma das atra\u00e7\u00f5es esportivas da cidade.<\/p>\n<p><strong>A grande conquista<\/strong><\/p>\n<p>Veio o ano de 1990 e o time brasiliense foi disputar o Campeonato Brasileiro da modalidade, na cidade de Mairinque, interior de S\u00e3o Paulo. A campanha foi exemplar e a equipe feminina da Aruc chegou \u00e0 final contra o fort\u00edssimo e tradicional time do Saad, de S\u00e3o Paulo.<\/p>\n<p>Num gin\u00e1sio superlotado, houve empate no tempo normal e na decis\u00e3o por p\u00eanaltis o time da Aruc sagrou-se campe\u00e3o, uma verdadeira epopeia diante da fama da equipe advers\u00e1ria, tendo sa\u00eddo da quadra aplaudid\u00edssimo.<\/p>\n<p><strong>35 anos<\/strong><\/p>\n<p><a href=\"https:\/\/memoriadaculturaesportebsb.com.br\/wp-content\/uploads\/2025\/11\/futsal2.jpg\"><img loading=\"lazy\" decoding=\"async\" class=\"aligncenter size-full wp-image-3365\" src=\"https:\/\/memoriadaculturaesportebsb.com.br\/wp-content\/uploads\/2025\/11\/futsal2.jpg\" alt=\"\" width=\"437\" height=\"301\" srcset=\"https:\/\/memoriadaculturaesportebsb.com.br\/wp-content\/uploads\/2025\/11\/futsal2.jpg 437w, https:\/\/memoriadaculturaesportebsb.com.br\/wp-content\/uploads\/2025\/11\/futsal2-300x207.jpg 300w, https:\/\/memoriadaculturaesportebsb.com.br\/wp-content\/uploads\/2025\/11\/futsal2-110x75.jpg 110w\" sizes=\"auto, (max-width: 437px) 100vw, 437px\" \/><\/a><\/p>\n<p><strong><em>Nesta temporada, completam-se 35 anos daquela que foi a maior conquista das meninas da Aruc, contribuindo para o engrandecimento da hist\u00f3ria da agremia\u00e7\u00e3o e valoriza\u00e7\u00e3o da modalidade na capital da Rep\u00fablica<\/em><\/strong><\/p>\n<p><strong>Na foto acima, da esquerda para a direita: <\/strong><\/p>\n<p><strong>Em p\u00e9:<\/strong> M\u00e1rio Michimori (Organizador do Campeonato Brasileiro), @romualdo4789, Yara, @alfimproise, V\u00e2nia, @irenefranca, @vieirarcs e Helio Tremendani;<\/p>\n<p><strong>Agachadas:<\/strong> V\u00e2nia, Lilian, Jorge Wanderlei, @raildacosta.2010, Jane e\u00a0@monicagardez26<\/p>\n<p><strong>\u00a0<\/strong><strong>Estrat\u00e9gia<\/strong><\/p>\n<p>Numa caracter\u00edstica que se fortaleceu ao longo de suas jornadas, as meninas da Aruc sempre trataram torcedoras e torcedores com carinho e especial aten\u00e7\u00e3o \u00e0s crian\u00e7as. Elas tinham a certeza de que esse era o caminho para conquistar o p\u00fablico adulto.<\/p>\n<p>A estrat\u00e9gia funcionou, numa trajet\u00f3ria que durou at\u00e9 o ano 2000. A idade avan\u00e7ou e os compromissos vieram. Assim, as garotas da Aruc foram parando de jogar. Por\u00e9m, deixaram na hist\u00f3ria do futebol de sal\u00e3o a marca da for\u00e7a, determina\u00e7\u00e3o e o empenho da mulher na pr\u00e1tica do futebol de sal\u00e3o candango.<\/p>\n<p><em>Com consultas ao Almanaque do Futebol<\/em><\/p>\n","protected":false},"excerpt":{"rendered":"<p>Por H\u00e9lio Tremendani Em 1984, Narciso Bastos Portela assumiu a presid\u00eancia da Aruc. N\u00e1 \u00e9poca, estudante da Faculdade de Educa\u00e7\u00e3o F\u00edsica Dom Bosco, ele foi procurado por algumas de suas colegas de classe, que pretendiam disputar o Campeonato de Futebol de Sal\u00e3o oficial da cidade. Com o tempo, a modalidade passou a se chamar \u201cfutsal\u201d. &hellip;<\/p>\n","protected":false},"author":2,"featured_media":0,"comment_status":"closed","ping_status":"closed","sticky":false,"template":"","format":"standard","meta":{"footnotes":""},"categories":[13,3,4,16],"tags":[],"class_list":["post-3363","post","type-post","status-publish","format-standard","","category-colunistas","category-destaque","category-esporte","category-helio-tremendani"],"_links":{"self":[{"href":"https:\/\/memoriadaculturaesportebsb.com.br\/index.php\/wp-json\/wp\/v2\/posts\/3363","targetHints":{"allow":["GET"]}}],"collection":[{"href":"https:\/\/memoriadaculturaesportebsb.com.br\/index.php\/wp-json\/wp\/v2\/posts"}],"about":[{"href":"https:\/\/memoriadaculturaesportebsb.com.br\/index.php\/wp-json\/wp\/v2\/types\/post"}],"author":[{"embeddable":true,"href":"https:\/\/memoriadaculturaesportebsb.com.br\/index.php\/wp-json\/wp\/v2\/users\/2"}],"replies":[{"embeddable":true,"href":"https:\/\/memoriadaculturaesportebsb.com.br\/index.php\/wp-json\/wp\/v2\/comments?post=3363"}],"version-history":[{"count":1,"href":"https:\/\/memoriadaculturaesportebsb.com.br\/index.php\/wp-json\/wp\/v2\/posts\/3363\/revisions"}],"predecessor-version":[{"id":3366,"href":"https:\/\/memoriadaculturaesportebsb.com.br\/index.php\/wp-json\/wp\/v2\/posts\/3363\/revisions\/3366"}],"wp:attachment":[{"href":"https:\/\/memoriadaculturaesportebsb.com.br\/index.php\/wp-json\/wp\/v2\/media?parent=3363"}],"wp:term":[{"taxonomy":"category","embeddable":true,"href":"https:\/\/memoriadaculturaesportebsb.com.br\/index.php\/wp-json\/wp\/v2\/categories?post=3363"},{"taxonomy":"post_tag","embeddable":true,"href":"https:\/\/memoriadaculturaesportebsb.com.br\/index.php\/wp-json\/wp\/v2\/tags?post=3363"}],"curies":[{"name":"wp","href":"https:\/\/api.w.org\/{rel}","templated":true}]}}