{"id":3353,"date":"2025-11-16T21:01:51","date_gmt":"2025-11-17T00:01:51","guid":{"rendered":"https:\/\/memoriadaculturaesportebsb.com.br\/?p=3353"},"modified":"2025-11-17T13:30:53","modified_gmt":"2025-11-17T16:30:53","slug":"jorge-aragao-o-amigo-da-aruc","status":"publish","type":"post","link":"https:\/\/memoriadaculturaesportebsb.com.br\/index.php\/2025\/11\/16\/jorge-aragao-o-amigo-da-aruc\/","title":{"rendered":"JORGE ARAG\u00c3O, O AMIGO DA ARUC"},"content":{"rendered":"<p><strong>Por H\u00e9lio Tremendani<\/strong><\/p>\n<p>Um dos maiores nomes do samba brasileiro, Jorge Arag\u00e3o, de 76 anos, anunciou que est\u00e1 disposto a se afastar aos poucos do movimentado mundo dos shows musicais. Para isso, ele come\u00e7aria reduzindo o n\u00famero de apresenta\u00e7\u00f5es j\u00e1 a partir do ano que vem, mas mantendo a produ\u00e7\u00e3o art\u00edstica ativa, \u201cde forma mais pausada\u201d, como afirmou.<\/p>\n<p>A filha do cantor, T\u00e2nia Arag\u00e3o, por sua vez, disse que o pai n\u00e3o vai encerrar a fase de shows, mas apenas reduzir o ritmo para poder ter mais qualidade de vida. Desejamos que nessa agenda mais suave ele reserve nova apresenta\u00e7\u00e3o da Aruc, a casa desse grande sambista, em Bras\u00edlia.<\/p>\n<p><strong>Na Aruc <\/strong><\/p>\n<p>Nos anos 1980 o Evandro Barcellos sugeriu trazer o Jorge Arag\u00e3o \u00e0 Aruc. Ele tinha sa\u00eddo do grupo Fundo de Quintal e come\u00e7ava a fazer carreira solo. Evandro morava no Rio e tocava com o Arag\u00e3o, o que facilitou acertarm o show em Bras\u00edlia que, por sinal, foi o maior sucesso.<\/p>\n<figure id=\"attachment_3357\" aria-describedby=\"caption-attachment-3357\" style=\"width: 502px\" class=\"wp-caption aligncenter\"><a href=\"https:\/\/memoriadaculturaesportebsb.com.br\/wp-content\/uploads\/2025\/11\/WhatsApp-Image-2025-11-16-at-21.09.40.jpeg\"><img loading=\"lazy\" decoding=\"async\" class=\"wp-image-3357 size-full\" src=\"https:\/\/memoriadaculturaesportebsb.com.br\/wp-content\/uploads\/2025\/11\/WhatsApp-Image-2025-11-16-at-21.09.40.jpeg\" alt=\"\" width=\"502\" height=\"440\" srcset=\"https:\/\/memoriadaculturaesportebsb.com.br\/wp-content\/uploads\/2025\/11\/WhatsApp-Image-2025-11-16-at-21.09.40.jpeg 502w, https:\/\/memoriadaculturaesportebsb.com.br\/wp-content\/uploads\/2025\/11\/WhatsApp-Image-2025-11-16-at-21.09.40-300x263.jpeg 300w\" sizes=\"auto, (max-width: 502px) 100vw, 502px\" \/><\/a><figcaption id=\"caption-attachment-3357\" class=\"wp-caption-text\">Jorge Arag\u00e3o, H\u00e9lio Tremendani, Amanda, Natalia, Julia Fabri e Jasmine Belchior<\/figcaption><\/figure>\n<p>Come\u00e7ava ali uma parceria que durou muitos anos, pois a quadra da Aruc lotava sempre que por aqui ele vinha fazer apresenta\u00e7\u00f5es.<\/p>\n<p>Com tantas vindas frequentes muitas pessoas achavam que ele at\u00e9 j\u00e1 morava no Cruzeiro Novo, o que nunca aconteceu. Mas, a afinidade do Arag\u00e3o com a Aruc era t\u00e3o grande que ele comp\u00f4s o samba &#8220;Conquistador de Cera&#8221; onde cita a nossa entidade num dos versos: &#8220;Foi sambar na Aruc, ao som do Coisa Nossa&#8230;&#8221;<\/p>\n<p><iframe loading=\"lazy\" title=\"Conquistador de cera\" width=\"618\" height=\"464\" src=\"https:\/\/www.youtube.com\/embed\/CEJFyXCqvYc?feature=oembed\" frameborder=\"0\" allow=\"accelerometer; autoplay; clipboard-write; encrypted-media; gyroscope; picture-in-picture; web-share\" referrerpolicy=\"strict-origin-when-cross-origin\" allowfullscreen><\/iframe><\/p>\n<p>\u2018Sempre que solicitado Arag\u00e3o ajudava no contato com sambistas do Rio e com isso criamos uma boa rela\u00e7\u00e3o de amizade.<\/p>\n<p>Ao longo dos anos, o que chamava minha aten\u00e7\u00e3o era o ritmo cadenciado de sua banda, n\u00e3o abrindo espa\u00e7o ao modismo da \u00e9poca.<\/p>\n<p>Sem d\u00favida, a Aruc sente-se privilegiada de ter Jorge Arag\u00e3o na sua galeria de estrelas que aqui se apresentaram. E deseja que \u201cAmigo da Aruc\u201d continue com a sua produ\u00e7\u00e3o musical para o bem da m\u00fasica brasileira, em geral, e do samba, em especial.<\/p>\n","protected":false},"excerpt":{"rendered":"<p>Por H\u00e9lio Tremendani Um dos maiores nomes do samba brasileiro, Jorge Arag\u00e3o, de 76 anos, anunciou que est\u00e1 disposto a se afastar aos poucos do movimentado mundo dos shows musicais. Para isso, ele come\u00e7aria reduzindo o n\u00famero de apresenta\u00e7\u00f5es j\u00e1 a partir do ano que vem, mas mantendo a produ\u00e7\u00e3o art\u00edstica ativa, \u201cde forma mais &hellip;<\/p>\n","protected":false},"author":2,"featured_media":0,"comment_status":"closed","ping_status":"closed","sticky":false,"template":"","format":"standard","meta":{"footnotes":""},"categories":[13,2,3,16],"tags":[],"class_list":["post-3353","post","type-post","status-publish","format-standard","","category-colunistas","category-cultura","category-destaque","category-helio-tremendani"],"_links":{"self":[{"href":"https:\/\/memoriadaculturaesportebsb.com.br\/index.php\/wp-json\/wp\/v2\/posts\/3353","targetHints":{"allow":["GET"]}}],"collection":[{"href":"https:\/\/memoriadaculturaesportebsb.com.br\/index.php\/wp-json\/wp\/v2\/posts"}],"about":[{"href":"https:\/\/memoriadaculturaesportebsb.com.br\/index.php\/wp-json\/wp\/v2\/types\/post"}],"author":[{"embeddable":true,"href":"https:\/\/memoriadaculturaesportebsb.com.br\/index.php\/wp-json\/wp\/v2\/users\/2"}],"replies":[{"embeddable":true,"href":"https:\/\/memoriadaculturaesportebsb.com.br\/index.php\/wp-json\/wp\/v2\/comments?post=3353"}],"version-history":[{"count":5,"href":"https:\/\/memoriadaculturaesportebsb.com.br\/index.php\/wp-json\/wp\/v2\/posts\/3353\/revisions"}],"predecessor-version":[{"id":3359,"href":"https:\/\/memoriadaculturaesportebsb.com.br\/index.php\/wp-json\/wp\/v2\/posts\/3353\/revisions\/3359"}],"wp:attachment":[{"href":"https:\/\/memoriadaculturaesportebsb.com.br\/index.php\/wp-json\/wp\/v2\/media?parent=3353"}],"wp:term":[{"taxonomy":"category","embeddable":true,"href":"https:\/\/memoriadaculturaesportebsb.com.br\/index.php\/wp-json\/wp\/v2\/categories?post=3353"},{"taxonomy":"post_tag","embeddable":true,"href":"https:\/\/memoriadaculturaesportebsb.com.br\/index.php\/wp-json\/wp\/v2\/tags?post=3353"}],"curies":[{"name":"wp","href":"https:\/\/api.w.org\/{rel}","templated":true}]}}