{"id":3341,"date":"2025-11-03T12:24:15","date_gmt":"2025-11-03T15:24:15","guid":{"rendered":"https:\/\/memoriadaculturaesportebsb.com.br\/?p=3341"},"modified":"2025-11-03T12:27:55","modified_gmt":"2025-11-03T15:27:55","slug":"neide-de-paula-samba-de-brasilia-perde-a-sua-rainha","status":"publish","type":"post","link":"https:\/\/memoriadaculturaesportebsb.com.br\/index.php\/2025\/11\/03\/neide-de-paula-samba-de-brasilia-perde-a-sua-rainha\/","title":{"rendered":"NEIDE DE PAULA:\u00a0Samba de Bras\u00edlia perde a sua Rainha"},"content":{"rendered":"<p><a href=\"https:\/\/memoriadaculturaesportebsb.com.br\/wp-content\/uploads\/2025\/11\/neide1.jpg\"><img loading=\"lazy\" decoding=\"async\" class=\"alignright size-full wp-image-3342\" src=\"https:\/\/memoriadaculturaesportebsb.com.br\/wp-content\/uploads\/2025\/11\/neide1.jpg\" alt=\"\" width=\"291\" height=\"466\" srcset=\"https:\/\/memoriadaculturaesportebsb.com.br\/wp-content\/uploads\/2025\/11\/neide1.jpg 291w, https:\/\/memoriadaculturaesportebsb.com.br\/wp-content\/uploads\/2025\/11\/neide1-187x300.jpg 187w\" sizes=\"auto, (max-width: 291px) 100vw, 291px\" \/><\/a>Com grande tristeza noticiamos o falecimento da querida Neide Paula. Goiana de Urua\u00e7u e pioneira no samba brasiliense, quando se apresentava no Casar\u00e3o do Samba, onde hoje est\u00e1 instalado o Museu de Arte, \u00e0s margens Lago Parano\u00e1.<\/p>\n<p>Neide morava em Bras\u00edlia desde 1960 e foi a esse Casar\u00e3o que ela retornou, em 2023, quando produzimos uma extensa reportagem sobre as origens do samba na ainda jovem Capital da Rep\u00fablica, mas que j\u00e1 atraia autoridades e visitantes internacionais apresentando o mais puro som da identidade musical brasileira. (<em>na foto, com H\u00e9lio Tremendani, em visita \u00e0 Aruc, em 2024<\/em>).<\/p>\n<p>Naquela visita ao Casar\u00e3o, enquanto caminhava no amplo sal\u00e3o onde, antes, era o palco e pista de dan\u00e7a das passistas do samba, Neide posou para fotos, foi apresentada \u00e0 equipe do Museu de Arte e tietada por turistas que visitavam o local, numa tarde de lembran\u00e7as para n\u00e3o esquecer. O seu depoimento de ent\u00e3o, torna-se valioso para a mem\u00f3ria da m\u00fasica em geral e do samba, em especial, nas origens de Bras\u00edlia. E dela o depoimento a seguir:<\/p>\n<p><em>\u201cDesde cedo eu mostrava que tinha ouvido apurado para a m\u00fasica. A minha primeira manifesta\u00e7\u00e3o p\u00fablica foi por volta de 1970. Num certo dia, fui com uma amiga para um samb\u00e3o na Asa Norte. Fui escondida, claro, e a volta para casa n\u00e3o foi nada boa\u201d\u2026 recorda ela, com uma boa risada.<\/em><\/p>\n<p>Grande Neide, cujo talento para o samba a levou para o privilegiado grupo das Mulatas do Sargentelli.<\/p>\n<p>Grande Neide, determinada, que se revelou passista e se destacou como \u201cRainha do Carnaval\u201d, t\u00edtulo que repetiu por v\u00e1rios anos, principalmente na ARUC, a escola de Bras\u00edlia recordista em t\u00edtulos carnavalescos.<\/p>\n<p><strong><em>A rotina de faixas conquistadas entre os anos 1960\/1970 acabou por consagr\u00e1-la, em definitivo, \u201cRainha das Rainhas\u201d<\/em><\/strong><\/p>\n<p>Aos familiares, aos amigos e \u00e0s sambistas em geral, o sincero sentimento da Dire\u00e7\u00e3o e da Comunidade da Aruc, pela perda de t\u00e3o expressivo nome que contribuiu para a forma\u00e7\u00e3o de gera\u00e7\u00f5es e valoriza\u00e7\u00e3o da nossa m\u00fasica e passistas.<\/p>\n<p><strong>Confira a \u00edntegra da entrevista de Neide Aparecida:<\/strong><\/p>\n<p><a href=\"https:\/\/memoriadaculturaesportebsb.com.br\/index.php\/2023\/08\/29\/neide-de-paula-de-volta-a-escadaria-da-fama\/\">https:\/\/memoriadaculturaesportebsb.com.br\/index.php\/2023\/08\/29\/neide-de-paula-de-volta-a-escadaria-da-fama\/<\/a><\/p>\n<p>&nbsp;<\/p>\n<p>&nbsp;<\/p>\n","protected":false},"excerpt":{"rendered":"<p>Com grande tristeza noticiamos o falecimento da querida Neide Paula. Goiana de Urua\u00e7u e pioneira no samba brasiliense, quando se apresentava no Casar\u00e3o do Samba, onde hoje est\u00e1 instalado o Museu de Arte, \u00e0s margens Lago Parano\u00e1. Neide morava em Bras\u00edlia desde 1960 e foi a esse Casar\u00e3o que ela retornou, em 2023, quando produzimos &hellip;<\/p>\n","protected":false},"author":2,"featured_media":0,"comment_status":"closed","ping_status":"closed","sticky":false,"template":"","format":"standard","meta":{"footnotes":""},"categories":[13,2],"tags":[],"class_list":["post-3341","post","type-post","status-publish","format-standard","","category-colunistas","category-cultura"],"_links":{"self":[{"href":"https:\/\/memoriadaculturaesportebsb.com.br\/index.php\/wp-json\/wp\/v2\/posts\/3341","targetHints":{"allow":["GET"]}}],"collection":[{"href":"https:\/\/memoriadaculturaesportebsb.com.br\/index.php\/wp-json\/wp\/v2\/posts"}],"about":[{"href":"https:\/\/memoriadaculturaesportebsb.com.br\/index.php\/wp-json\/wp\/v2\/types\/post"}],"author":[{"embeddable":true,"href":"https:\/\/memoriadaculturaesportebsb.com.br\/index.php\/wp-json\/wp\/v2\/users\/2"}],"replies":[{"embeddable":true,"href":"https:\/\/memoriadaculturaesportebsb.com.br\/index.php\/wp-json\/wp\/v2\/comments?post=3341"}],"version-history":[{"count":3,"href":"https:\/\/memoriadaculturaesportebsb.com.br\/index.php\/wp-json\/wp\/v2\/posts\/3341\/revisions"}],"predecessor-version":[{"id":3345,"href":"https:\/\/memoriadaculturaesportebsb.com.br\/index.php\/wp-json\/wp\/v2\/posts\/3341\/revisions\/3345"}],"wp:attachment":[{"href":"https:\/\/memoriadaculturaesportebsb.com.br\/index.php\/wp-json\/wp\/v2\/media?parent=3341"}],"wp:term":[{"taxonomy":"category","embeddable":true,"href":"https:\/\/memoriadaculturaesportebsb.com.br\/index.php\/wp-json\/wp\/v2\/categories?post=3341"},{"taxonomy":"post_tag","embeddable":true,"href":"https:\/\/memoriadaculturaesportebsb.com.br\/index.php\/wp-json\/wp\/v2\/tags?post=3341"}],"curies":[{"name":"wp","href":"https:\/\/api.w.org\/{rel}","templated":true}]}}