{"id":3337,"date":"2025-10-31T15:40:19","date_gmt":"2025-10-31T18:40:19","guid":{"rendered":"https:\/\/memoriadaculturaesportebsb.com.br\/?p=3337"},"modified":"2025-10-31T15:40:19","modified_gmt":"2025-10-31T18:40:19","slug":"uma-historia-de-amor-e-odio-o-dia-em-que-murilo-desfilou-pelado","status":"publish","type":"post","link":"https:\/\/memoriadaculturaesportebsb.com.br\/index.php\/2025\/10\/31\/uma-historia-de-amor-e-odio-o-dia-em-que-murilo-desfilou-pelado\/","title":{"rendered":"Uma hist\u00f3ria de amor e \u00f3dio:\u00a0O dia em que Murilo desfilou pelado"},"content":{"rendered":"<p><strong>Por\u00a0H\u00e9lio Tremendani<\/strong><\/p>\n<p>A hist\u00f3ria dos desfiles de escolas de samba em Bras\u00edlia e, claro, a disputa entre as agremia\u00e7\u00f5es, come\u00e7a em 1962. Naquele ano, quando a nossa Capital tinha apenas dois anos de fundada, a grande favorita era a Alvorada em Ritmo, criada pelos moradores das quadras 409\/410 Sul. A maioria de seus componentes era de funcion\u00e1rios p\u00fablicos transferidos do Rio de Janeiro, que trouxeram da terra Carioca o gosto pelo samba e a boa batida das baterias carnavalescas.<\/p>\n<p><a href=\"https:\/\/memoriadaculturaesportebsb.com.br\/wp-content\/uploads\/2025\/10\/trofeu.jpg\"><img loading=\"lazy\" decoding=\"async\" class=\"alignleft size-medium wp-image-3338\" src=\"https:\/\/memoriadaculturaesportebsb.com.br\/wp-content\/uploads\/2025\/10\/trofeu-200x300.jpg\" alt=\"\" width=\"200\" height=\"300\" srcset=\"https:\/\/memoriadaculturaesportebsb.com.br\/wp-content\/uploads\/2025\/10\/trofeu-200x300.jpg 200w, https:\/\/memoriadaculturaesportebsb.com.br\/wp-content\/uploads\/2025\/10\/trofeu.jpg 360w\" sizes=\"auto, (max-width: 200px) 100vw, 200px\" \/><\/a>Naquele desfile que marcava o in\u00edcio do Carnaval candango, as outras concorrentes eram a Bo\u00eamios da Asa Sul, Independente de Bras\u00edlia e Aruc, popularmente conhecida por Unidos do Cruzeiro do Bairro do Gavi\u00e3o, como a nossa regi\u00e3o era conhecida \u00e0 \u00e9poca. E foi a conquistou o seu primeiro campeonato.<\/p>\n<p>O desfile foi na Plataforma Superior da Rodovi\u00e1ria do Plano Piloto e a Alvorada em Ritmo sagrou-se campe\u00e3, repetindo o t\u00edtulo nos dois anos seguintes, conquistando assim o tricampeonato. Por\u00e9m, em 1965, a Aruc foi a grande campe\u00e3, ganhou o seu primeiro t\u00edtulo e quebrando a hegemonia da concorrente.<\/p>\n<p>Foi nessa \u00e9poca que surgiu o personagem principal desta hist\u00f3ria, o passista Murilo. Ele passou a frequentar os ensaios da Aruc e sempre dava um show nos ensaios que eram realizados na antiga Quadra 19. Justamente nessa quadra morava o Lu\u00eds Cabide, que era o ritmista da Unidos do Cruzeiro.<\/p>\n<p>Num desses ensaios, Murilo foi convidado a desfilar na Aruc. Prontamente ele aceitou e a comunidade vibrou com a not\u00edcia. J\u00e1 pr\u00f3ximo do desfile, a diretoria encomendou uma fantasia digna do Carnaval do Rio de Janeiro. Por\u00e9m, na hora do nosso desfile o Murilo apareceu com a fantasia vermelha e branco, cores da Alvorada em Ritmo, contrastando com a azul e branco, consagrada pela Aruc. A decep\u00e7\u00e3o foi geral, claro, mas a ordem foi manter a calma, pois a Aruc estava muito bonita e tinha chances de vencer o desfile.<\/p>\n<figure id=\"attachment_3339\" aria-describedby=\"caption-attachment-3339\" style=\"width: 618px\" class=\"wp-caption aligncenter\"><a href=\"https:\/\/memoriadaculturaesportebsb.com.br\/wp-content\/uploads\/2025\/10\/WhatsApp-Image-2025-10-26-at-15.12.47.jpeg\"><img loading=\"lazy\" decoding=\"async\" class=\"size-large wp-image-3339\" src=\"https:\/\/memoriadaculturaesportebsb.com.br\/wp-content\/uploads\/2025\/10\/WhatsApp-Image-2025-10-26-at-15.12.47-1024x636.jpeg\" alt=\"\" width=\"618\" height=\"384\" srcset=\"https:\/\/memoriadaculturaesportebsb.com.br\/wp-content\/uploads\/2025\/10\/WhatsApp-Image-2025-10-26-at-15.12.47-1024x636.jpeg 1024w, https:\/\/memoriadaculturaesportebsb.com.br\/wp-content\/uploads\/2025\/10\/WhatsApp-Image-2025-10-26-at-15.12.47-300x186.jpeg 300w, https:\/\/memoriadaculturaesportebsb.com.br\/wp-content\/uploads\/2025\/10\/WhatsApp-Image-2025-10-26-at-15.12.47-768x477.jpeg 768w, https:\/\/memoriadaculturaesportebsb.com.br\/wp-content\/uploads\/2025\/10\/WhatsApp-Image-2025-10-26-at-15.12.47-1536x953.jpeg 1536w, https:\/\/memoriadaculturaesportebsb.com.br\/wp-content\/uploads\/2025\/10\/WhatsApp-Image-2025-10-26-at-15.12.47.jpeg 1951w\" sizes=\"auto, (max-width: 618px) 100vw, 618px\" \/><\/a><figcaption id=\"caption-attachment-3339\" class=\"wp-caption-text\">ARUC carnaval 1965.<br \/>Presidente: Otacilio Tudinho dos santos<br \/>Enredo: Impress\u00e3o R\u00e9gia<br \/>Local de desfile: Plataforma Superior da Esta\u00e7\u00e3o Rodoviaria.<br \/>Classifica\u00e7\u00e3o; Campe\u00e3<br \/>Na foto: Vardo, Luisinho, Nelson, Altamiro, Amauri, Sergio Barriguinha<br \/>Foto cedida por Nelson da 18<\/figcaption><\/figure>\n<p>No dia da apura\u00e7\u00e3o o bairro Cruzeiro parou para ouvir a Radio Nacional, que transmitia a apura\u00e7\u00e3o. N\u00e3o deu outra, Aruc campe\u00e3, conquistando o seu primeiro t\u00edtulo. Os componentes da Escola foram para a quadra improvisada da Unidos do Cruzeiro\u00a0 comemorar. Nesse momento, surgiu o passista Murilo, que levou uma surra que ficou lhe doendo por muito tempo. Pior! Tiraram a roupa do Murilo e largaram ele pelad\u00e3o pelas ruas do Cruzeiro. Sorte que no caminho surgiu o Seu Sabino Alexandre Salles, conselheiro da Aruc, que conseguiu acalmar os \u00e2nimos. Ele providenciou um short para o Murilo, sob os protestos dos filhos, Tota, Maquinha e Gilson.<\/p>\n<p>No dia seguinte, era s\u00f3 se falava nisso nas ruas do Bairro do Gavi\u00e3o. Depois da surra e do desfile pelado, Murilo desapareceu, a sua escola de origem, a Alvorada e Ritmo acabou e a Aruc conquistou v\u00e1rios t\u00edtulos, deixando a sua marca: \u201cCom cruzeirense n\u00e3o se brinca\u201d.<\/p>\n<p>A minha gera\u00e7\u00e3o nunca gostou de ver nossos componentes desfilando em outras escolas; a minha gera\u00e7\u00e3o, que come\u00e7a em abril de 1974, jamais admitiu usar outra cor que n\u00e3o fosse o azul e\u00a0branco\u00a0da\u00a0Aruc. E estamos conversados, Carnaval \u00e9 festa popular mas \u00e9 preciso respeito entre foli\u00f5es e agremia\u00e7\u00f5es.<\/p>\n","protected":false},"excerpt":{"rendered":"<p>Por\u00a0H\u00e9lio Tremendani A hist\u00f3ria dos desfiles de escolas de samba em Bras\u00edlia e, claro, a disputa entre as agremia\u00e7\u00f5es, come\u00e7a em 1962. Naquele ano, quando a nossa Capital tinha apenas dois anos de fundada, a grande favorita era a Alvorada em Ritmo, criada pelos moradores das quadras 409\/410 Sul. A maioria de seus componentes era &hellip;<\/p>\n","protected":false},"author":2,"featured_media":0,"comment_status":"closed","ping_status":"closed","sticky":false,"template":"","format":"standard","meta":{"footnotes":""},"categories":[13,2,3,16],"tags":[],"class_list":["post-3337","post","type-post","status-publish","format-standard","","category-colunistas","category-cultura","category-destaque","category-helio-tremendani"],"_links":{"self":[{"href":"https:\/\/memoriadaculturaesportebsb.com.br\/index.php\/wp-json\/wp\/v2\/posts\/3337","targetHints":{"allow":["GET"]}}],"collection":[{"href":"https:\/\/memoriadaculturaesportebsb.com.br\/index.php\/wp-json\/wp\/v2\/posts"}],"about":[{"href":"https:\/\/memoriadaculturaesportebsb.com.br\/index.php\/wp-json\/wp\/v2\/types\/post"}],"author":[{"embeddable":true,"href":"https:\/\/memoriadaculturaesportebsb.com.br\/index.php\/wp-json\/wp\/v2\/users\/2"}],"replies":[{"embeddable":true,"href":"https:\/\/memoriadaculturaesportebsb.com.br\/index.php\/wp-json\/wp\/v2\/comments?post=3337"}],"version-history":[{"count":1,"href":"https:\/\/memoriadaculturaesportebsb.com.br\/index.php\/wp-json\/wp\/v2\/posts\/3337\/revisions"}],"predecessor-version":[{"id":3340,"href":"https:\/\/memoriadaculturaesportebsb.com.br\/index.php\/wp-json\/wp\/v2\/posts\/3337\/revisions\/3340"}],"wp:attachment":[{"href":"https:\/\/memoriadaculturaesportebsb.com.br\/index.php\/wp-json\/wp\/v2\/media?parent=3337"}],"wp:term":[{"taxonomy":"category","embeddable":true,"href":"https:\/\/memoriadaculturaesportebsb.com.br\/index.php\/wp-json\/wp\/v2\/categories?post=3337"},{"taxonomy":"post_tag","embeddable":true,"href":"https:\/\/memoriadaculturaesportebsb.com.br\/index.php\/wp-json\/wp\/v2\/tags?post=3337"}],"curies":[{"name":"wp","href":"https:\/\/api.w.org\/{rel}","templated":true}]}}