{"id":3324,"date":"2025-10-06T18:16:50","date_gmt":"2025-10-06T21:16:50","guid":{"rendered":"https:\/\/memoriadaculturaesportebsb.com.br\/?p=3324"},"modified":"2025-10-06T18:25:09","modified_gmt":"2025-10-06T21:25:09","slug":"aruc-uma-historia-de-amor-em-azul-e-branco","status":"publish","type":"post","link":"https:\/\/memoriadaculturaesportebsb.com.br\/index.php\/2025\/10\/06\/aruc-uma-historia-de-amor-em-azul-e-branco\/","title":{"rendered":"ARUC:\u00a0Uma hist\u00f3ria de amor\u00a0em azul e branco"},"content":{"rendered":"<p><a href=\"https:\/\/memoriadaculturaesportebsb.com.br\/wp-content\/uploads\/2025\/10\/aruc01.jpg\"><img loading=\"lazy\" decoding=\"async\" class=\"alignleft size-medium wp-image-3325\" src=\"https:\/\/memoriadaculturaesportebsb.com.br\/wp-content\/uploads\/2025\/10\/aruc01-240x300.jpg\" alt=\"\" width=\"240\" height=\"300\" srcset=\"https:\/\/memoriadaculturaesportebsb.com.br\/wp-content\/uploads\/2025\/10\/aruc01-240x300.jpg 240w, https:\/\/memoriadaculturaesportebsb.com.br\/wp-content\/uploads\/2025\/10\/aruc01.jpg 603w\" sizes=\"auto, (max-width: 240px) 100vw, 240px\" \/><\/a>Perto de completar 64 anos de atividade, em 21 de outubro, vem \u00e0 lembran\u00e7a do dia dessa foto, quando um grupo de cruzeirenses se reuniu para criar a nossa querida Associa\u00e7\u00e3o Recreativa Unidos do Cruzeiro, Aruc. D\u00e1 uma satisfa\u00e7\u00e3o muito grande ver que o tempo passou e as gera\u00e7\u00f5es que se sucederam honraram os prop\u00f3sitos para os quais essa Associa\u00e7\u00e3o foi criada. Naquele dia, todos amigos da minha fam\u00edlia, com exce\u00e7\u00e3o do seu Mangueira (\u00e0 frente, de roupa branca) que era da Imprensa Nacional, trabalhavam na C\u00e2mara dos Deputados.<\/p>\n<p>Eu era garoto, lembro exatamente como foi e vou resumir aqui: eles se reuniram na Tendinha do Seu Aloisio que era ao lado da nossa casa e sa\u00edram para o local daquela que seria a reuni\u00e3o de funda\u00e7\u00e3o da Associa\u00e7\u00e3o Recreativa Unidos do Cruzeiro. Como diz a ata de funda\u00e7\u00e3o o objetivo era criar uma entidade carnavalesca para distra\u00e7\u00e3o dos moradores do Bairro do Gavi\u00e3o, como era chamada a nossa cidade.<\/p>\n<p>Nessa lembran\u00e7a, tem uma coincid\u00eancia impressionante. Em 2010 eu estava vendendo a minha casa na Rua em frente e pedi ao meu filho Vinicius para procurar uma outra casa para eu comprar.<\/p>\n<p>Depois de alguns dias procurando ele achou uma, que acabei comprando, que \u00e9 a mesma que moramos ainda hoje, e exatamente aonde foi tirada a foto da cria\u00e7\u00e3o da Aruc.<\/p>\n<p><a href=\"https:\/\/memoriadaculturaesportebsb.com.br\/wp-content\/uploads\/2025\/10\/aruc02.jpg\"><img loading=\"lazy\" decoding=\"async\" class=\"alignright size-medium wp-image-3326\" src=\"https:\/\/memoriadaculturaesportebsb.com.br\/wp-content\/uploads\/2025\/10\/aruc02-225x300.jpg\" alt=\"\" width=\"225\" height=\"300\" srcset=\"https:\/\/memoriadaculturaesportebsb.com.br\/wp-content\/uploads\/2025\/10\/aruc02-225x300.jpg 225w, https:\/\/memoriadaculturaesportebsb.com.br\/wp-content\/uploads\/2025\/10\/aruc02.jpg 549w\" sizes=\"auto, (max-width: 225px) 100vw, 225px\" \/><\/a>Como podem observar, tem hist\u00f3ria o meu v\u00ednculo com essa entidade carnavalesca e esportiva.<\/p>\n<p>Vale ressaltar que logo no in\u00edcio da expans\u00e3o do bairro as quadras do Cruzeiro tinham apenas dois blocos de 10 casas. Alguns anos depois elas puderam ser ampliadas para quatro blocos e ai vem outra coincid\u00eancia.<\/p>\n<p>A primeira provid\u00eancia que tomei para decorar a casa foi comprar um Gavi\u00e3o estilizado, sem lembrar da coincid\u00eancia das origens da Aruc, que s\u00f3 me dei conta recentemente.<\/p>\n<p>N\u00e3o tenho d\u00favidas que foi um presente dos Deuses e at\u00e9 penso colocar na parte externa uma placa alusiva \u00e0 foto. Quando isso ocorrer, quero trazer alguns ritmistas e int\u00e9rpretes para reviver a data cantando o primeiro samba de terreiro da Aruc.<\/p>\n<p>&nbsp;<\/p>\n","protected":false},"excerpt":{"rendered":"<p>Perto de completar 64 anos de atividade, em 21 de outubro, vem \u00e0 lembran\u00e7a do dia dessa foto, quando um grupo de cruzeirenses se reuniu para criar a nossa querida Associa\u00e7\u00e3o Recreativa Unidos do Cruzeiro, Aruc. D\u00e1 uma satisfa\u00e7\u00e3o muito grande ver que o tempo passou e as gera\u00e7\u00f5es que se sucederam honraram os prop\u00f3sitos &hellip;<\/p>\n","protected":false},"author":2,"featured_media":0,"comment_status":"closed","ping_status":"closed","sticky":false,"template":"","format":"standard","meta":{"footnotes":""},"categories":[13,2],"tags":[],"class_list":["post-3324","post","type-post","status-publish","format-standard","","category-colunistas","category-cultura"],"_links":{"self":[{"href":"https:\/\/memoriadaculturaesportebsb.com.br\/index.php\/wp-json\/wp\/v2\/posts\/3324","targetHints":{"allow":["GET"]}}],"collection":[{"href":"https:\/\/memoriadaculturaesportebsb.com.br\/index.php\/wp-json\/wp\/v2\/posts"}],"about":[{"href":"https:\/\/memoriadaculturaesportebsb.com.br\/index.php\/wp-json\/wp\/v2\/types\/post"}],"author":[{"embeddable":true,"href":"https:\/\/memoriadaculturaesportebsb.com.br\/index.php\/wp-json\/wp\/v2\/users\/2"}],"replies":[{"embeddable":true,"href":"https:\/\/memoriadaculturaesportebsb.com.br\/index.php\/wp-json\/wp\/v2\/comments?post=3324"}],"version-history":[{"count":3,"href":"https:\/\/memoriadaculturaesportebsb.com.br\/index.php\/wp-json\/wp\/v2\/posts\/3324\/revisions"}],"predecessor-version":[{"id":3329,"href":"https:\/\/memoriadaculturaesportebsb.com.br\/index.php\/wp-json\/wp\/v2\/posts\/3324\/revisions\/3329"}],"wp:attachment":[{"href":"https:\/\/memoriadaculturaesportebsb.com.br\/index.php\/wp-json\/wp\/v2\/media?parent=3324"}],"wp:term":[{"taxonomy":"category","embeddable":true,"href":"https:\/\/memoriadaculturaesportebsb.com.br\/index.php\/wp-json\/wp\/v2\/categories?post=3324"},{"taxonomy":"post_tag","embeddable":true,"href":"https:\/\/memoriadaculturaesportebsb.com.br\/index.php\/wp-json\/wp\/v2\/tags?post=3324"}],"curies":[{"name":"wp","href":"https:\/\/api.w.org\/{rel}","templated":true}]}}