{"id":3317,"date":"2025-10-06T14:08:01","date_gmt":"2025-10-06T17:08:01","guid":{"rendered":"https:\/\/memoriadaculturaesportebsb.com.br\/?p=3317"},"modified":"2025-10-06T15:27:08","modified_gmt":"2025-10-06T18:27:08","slug":"cartola-e-dona-zica-na-aruc","status":"publish","type":"post","link":"https:\/\/memoriadaculturaesportebsb.com.br\/index.php\/2025\/10\/06\/cartola-e-dona-zica-na-aruc\/","title":{"rendered":"Cartola e Dona Zica na Aruc"},"content":{"rendered":"<p>Por Helio Tremendani<\/p>\n<p><a href=\"https:\/\/memoriadaculturaesportebsb.com.br\/wp-content\/uploads\/2025\/10\/dfaa615-cartola.avif\"><img loading=\"lazy\" decoding=\"async\" class=\"alignright size-medium wp-image-3318\" src=\"https:\/\/memoriadaculturaesportebsb.com.br\/wp-content\/uploads\/2025\/10\/dfaa615-cartola-300x217.avif\" alt=\"\" width=\"300\" height=\"217\" srcset=\"https:\/\/memoriadaculturaesportebsb.com.br\/wp-content\/uploads\/2025\/10\/dfaa615-cartola-300x217.avif 300w, https:\/\/memoriadaculturaesportebsb.com.br\/wp-content\/uploads\/2025\/10\/dfaa615-cartola-768x555.avif 768w, https:\/\/memoriadaculturaesportebsb.com.br\/wp-content\/uploads\/2025\/10\/dfaa615-cartola.avif 1000w\" sizes=\"auto, (max-width: 300px) 100vw, 300px\" \/><\/a>O ano era 1976 e um grupo da Velha Guarda promovia o &#8221; Botequim da Aruc&#8221;, comandado por Fl\u00e1vio Vitorino, Seu Hamilton, Sabino, Seu Carioca, Ant\u00f4nio Soares, Baiano, Thi\u00f3, Bibita, Carlos Elias e outros. Com apoio da Jovem Guarda da Aruc, composta por Milt\u00e3o, Helio, Zuca, Z\u00e9 Carlos, Carlinhos Queiroz, Pompeu, Paulinho, N\u00f4no, Kuka, que davam o suporte com o <em>Sound Of Head<\/em>, todos impecavelmente vestidos, ouviam os sambas da \u00e9poca.<\/p>\n<p>No sal\u00e3o era onde funciona o Museu da Aruc, de repente chega nada mais nada menos do que um dos maiores sambistas da hist\u00f3ria: Cartola, ao lado de Dona Zica. O cantor havia feito um show em Bras\u00edlia e queria conhecer a nossa entidade. A emo\u00e7\u00e3o tomou conta de todos, inclusive dos colegas da minha gera\u00e7\u00e3o.<\/p>\n<p><a href=\"https:\/\/memoriadaculturaesportebsb.com.br\/wp-content\/uploads\/2025\/10\/1deac7b-dona-zica-1024x768-1.avif\"><img loading=\"lazy\" decoding=\"async\" class=\"aligncenter size-full wp-image-3319\" src=\"https:\/\/memoriadaculturaesportebsb.com.br\/wp-content\/uploads\/2025\/10\/1deac7b-dona-zica-1024x768-1.avif\" alt=\"\" width=\"1024\" height=\"768\" srcset=\"https:\/\/memoriadaculturaesportebsb.com.br\/wp-content\/uploads\/2025\/10\/1deac7b-dona-zica-1024x768-1.avif 1024w, https:\/\/memoriadaculturaesportebsb.com.br\/wp-content\/uploads\/2025\/10\/1deac7b-dona-zica-1024x768-1-300x225.avif 300w, https:\/\/memoriadaculturaesportebsb.com.br\/wp-content\/uploads\/2025\/10\/1deac7b-dona-zica-1024x768-1-768x576.avif 768w\" sizes=\"auto, (max-width: 1024px) 100vw, 1024px\" \/><\/a><\/p>\n<p>Na ocasi\u00e3o, seu Fl\u00e1vio preparou uma breve sauda\u00e7\u00e3o e o orgulho tomou conta de todos, durante muito tempo os cruzeirenses muito orgulhos s\u00f3 falavam na visita e a simplicidade do nosso grande \u00eddolo.\u00a0Meu cunhado Zuca, um dos respons\u00e1veis pelo Sound Of Head, lembra que o Cartola pediu autoriza\u00e7\u00e3o para sentar em uma caixa de som e foi prontamente atendido.<\/p>\n<p>Lembro perfeitamente do dia e, em conversa com minha filha Heloisa, ela ficou braba porque n\u00e3o havia contado essa hist\u00f3ria, j\u00e1 que sempre escrevo textos sobre a Aruc, mem\u00f3rias da fam\u00edlia e outros. Portanto, essa foi uma ordem da Hel\u00f4 que cumpri rapidamente.<\/p>\n","protected":false},"excerpt":{"rendered":"<p>Por Helio Tremendani O ano era 1976 e um grupo da Velha Guarda promovia o &#8221; Botequim da Aruc&#8221;, comandado por Fl\u00e1vio Vitorino, Seu Hamilton, Sabino, Seu Carioca, Ant\u00f4nio Soares, Baiano, Thi\u00f3, Bibita, Carlos Elias e outros. Com apoio da Jovem Guarda da Aruc, composta por Milt\u00e3o, Helio, Zuca, Z\u00e9 Carlos, Carlinhos Queiroz, Pompeu, Paulinho, &hellip;<\/p>\n","protected":false},"author":2,"featured_media":0,"comment_status":"closed","ping_status":"closed","sticky":false,"template":"","format":"standard","meta":{"footnotes":""},"categories":[13,2,16],"tags":[],"class_list":["post-3317","post","type-post","status-publish","format-standard","","category-colunistas","category-cultura","category-helio-tremendani"],"_links":{"self":[{"href":"https:\/\/memoriadaculturaesportebsb.com.br\/index.php\/wp-json\/wp\/v2\/posts\/3317","targetHints":{"allow":["GET"]}}],"collection":[{"href":"https:\/\/memoriadaculturaesportebsb.com.br\/index.php\/wp-json\/wp\/v2\/posts"}],"about":[{"href":"https:\/\/memoriadaculturaesportebsb.com.br\/index.php\/wp-json\/wp\/v2\/types\/post"}],"author":[{"embeddable":true,"href":"https:\/\/memoriadaculturaesportebsb.com.br\/index.php\/wp-json\/wp\/v2\/users\/2"}],"replies":[{"embeddable":true,"href":"https:\/\/memoriadaculturaesportebsb.com.br\/index.php\/wp-json\/wp\/v2\/comments?post=3317"}],"version-history":[{"count":4,"href":"https:\/\/memoriadaculturaesportebsb.com.br\/index.php\/wp-json\/wp\/v2\/posts\/3317\/revisions"}],"predecessor-version":[{"id":3323,"href":"https:\/\/memoriadaculturaesportebsb.com.br\/index.php\/wp-json\/wp\/v2\/posts\/3317\/revisions\/3323"}],"wp:attachment":[{"href":"https:\/\/memoriadaculturaesportebsb.com.br\/index.php\/wp-json\/wp\/v2\/media?parent=3317"}],"wp:term":[{"taxonomy":"category","embeddable":true,"href":"https:\/\/memoriadaculturaesportebsb.com.br\/index.php\/wp-json\/wp\/v2\/categories?post=3317"},{"taxonomy":"post_tag","embeddable":true,"href":"https:\/\/memoriadaculturaesportebsb.com.br\/index.php\/wp-json\/wp\/v2\/tags?post=3317"}],"curies":[{"name":"wp","href":"https:\/\/api.w.org\/{rel}","templated":true}]}}