{"id":3308,"date":"2025-09-24T17:57:48","date_gmt":"2025-09-24T20:57:48","guid":{"rendered":"https:\/\/memoriadaculturaesportebsb.com.br\/?p=3308"},"modified":"2025-09-24T18:17:21","modified_gmt":"2025-09-24T21:17:21","slug":"teatro-perde-o-talento-do-ator-e-diretor-guilherme-reis","status":"publish","type":"post","link":"https:\/\/memoriadaculturaesportebsb.com.br\/index.php\/2025\/09\/24\/teatro-perde-o-talento-do-ator-e-diretor-guilherme-reis\/","title":{"rendered":"Teatro perde o talento do\u00a0ator e diretor Guilherme Reis"},"content":{"rendered":"<p>\u00c9 com pesar que registramos o falecimento do diretor, ator e roteirista Lu\u00eds Guilherme Almeida Reis, que marcou o seu trabalho profissional no teatro, cinema e produ\u00e7\u00f5es culturais. Guilherme foi o secret\u00e1rio de Cultura do Distrito Federal de 2015 a 2018, no governo de Rodrigo Rollemberg.<\/p>\n<p><a href=\"https:\/\/memoriadaculturaesportebsb.com.br\/wp-content\/uploads\/2025\/09\/guilherme.jpg\"><img loading=\"lazy\" decoding=\"async\" class=\"alignright size-full wp-image-3309\" src=\"https:\/\/memoriadaculturaesportebsb.com.br\/wp-content\/uploads\/2025\/09\/guilherme.jpg\" alt=\"\" width=\"234\" height=\"156\" \/><\/a>Natural de Goi\u00e2nia, Guilherme veio para Bras\u00edlia em 1960. Quando completou 17 anos, iniciou a sua trajet\u00f3ria no teatro, a partir de projetos escolares, depois no Teatro Galp\u00e3o, hoje, \u201cRenato Russo\u201d, na Sala Martins Pena e foi assim que ele deu rumos \u00e0 carreira.<\/p>\n<p>H\u00e1 tr\u00eas anos, Guilherme concedeu entrevista para o portal da Mem\u00f3ria da Cultura e do Esporte em Bras\u00edlia, onde ficou registrado o seu depoimento de \u201cPioneiro\u201d nas artes brasiliense. Na ocasi\u00e3o, ele foi entrevistado pelo jornalista Moacir Oliveira, o Moa, para o qual revelou que foi dirigido por grandes mestres do teatro brasileiro, como Ant\u00f4nio Abujamra, Zeno Wilde e Bezerra de Paiva.<\/p>\n<p>No palco, ficaram registros de sua participa\u00e7\u00e3o tamb\u00e9m como diretor em A Revolu\u00e7\u00e3o dos Bichos, Chapeuzinho Amarelo, Pedro e o Lobo, entre outros. Com o Grupo Cena, ele produziu e dirigiu uma trilogia a partir de textos dos autores argentinos Santiago Serrano e Patr\u00edcia Su\u00e1rez, entre 2005 e 2008.<\/p>\n<p><strong><em>Apresentamos aos familiares e amigos de Guilherme Reis os sentidos p\u00easames pelo passamento de t\u00e3o ilustre personagem da cultura teatral brasileira e brasiliense, em especial<\/em><\/strong><\/p>\n<p>Veja a entrevista exclusiva para o Portal Mem\u00f3rias da Cultura e do Esporte de Bras\u00edlia:<\/p>\n<p><iframe loading=\"lazy\" title=\"Entrevistado: Guilherme Reis\" width=\"618\" height=\"348\" src=\"https:\/\/www.youtube.com\/embed\/XHfF_qd3kFQ?feature=oembed\" frameborder=\"0\" allow=\"accelerometer; autoplay; clipboard-write; encrypted-media; gyroscope; picture-in-picture; web-share\" referrerpolicy=\"strict-origin-when-cross-origin\" allowfullscreen><\/iframe><\/p>\n<p>&nbsp;<\/p>\n","protected":false},"excerpt":{"rendered":"<p>\u00c9 com pesar que registramos o falecimento do diretor, ator e roteirista Lu\u00eds Guilherme Almeida Reis, que marcou o seu trabalho profissional no teatro, cinema e produ\u00e7\u00f5es culturais. Guilherme foi o secret\u00e1rio de Cultura do Distrito Federal de 2015 a 2018, no governo de Rodrigo Rollemberg. Natural de Goi\u00e2nia, Guilherme veio para Bras\u00edlia em 1960. &hellip;<\/p>\n","protected":false},"author":2,"featured_media":0,"comment_status":"closed","ping_status":"closed","sticky":false,"template":"","format":"standard","meta":{"footnotes":""},"categories":[13,2,14],"tags":[],"class_list":["post-3308","post","type-post","status-publish","format-standard","","category-colunistas","category-cultura","category-jose-cruz"],"_links":{"self":[{"href":"https:\/\/memoriadaculturaesportebsb.com.br\/index.php\/wp-json\/wp\/v2\/posts\/3308","targetHints":{"allow":["GET"]}}],"collection":[{"href":"https:\/\/memoriadaculturaesportebsb.com.br\/index.php\/wp-json\/wp\/v2\/posts"}],"about":[{"href":"https:\/\/memoriadaculturaesportebsb.com.br\/index.php\/wp-json\/wp\/v2\/types\/post"}],"author":[{"embeddable":true,"href":"https:\/\/memoriadaculturaesportebsb.com.br\/index.php\/wp-json\/wp\/v2\/users\/2"}],"replies":[{"embeddable":true,"href":"https:\/\/memoriadaculturaesportebsb.com.br\/index.php\/wp-json\/wp\/v2\/comments?post=3308"}],"version-history":[{"count":3,"href":"https:\/\/memoriadaculturaesportebsb.com.br\/index.php\/wp-json\/wp\/v2\/posts\/3308\/revisions"}],"predecessor-version":[{"id":3312,"href":"https:\/\/memoriadaculturaesportebsb.com.br\/index.php\/wp-json\/wp\/v2\/posts\/3308\/revisions\/3312"}],"wp:attachment":[{"href":"https:\/\/memoriadaculturaesportebsb.com.br\/index.php\/wp-json\/wp\/v2\/media?parent=3308"}],"wp:term":[{"taxonomy":"category","embeddable":true,"href":"https:\/\/memoriadaculturaesportebsb.com.br\/index.php\/wp-json\/wp\/v2\/categories?post=3308"},{"taxonomy":"post_tag","embeddable":true,"href":"https:\/\/memoriadaculturaesportebsb.com.br\/index.php\/wp-json\/wp\/v2\/tags?post=3308"}],"curies":[{"name":"wp","href":"https:\/\/api.w.org\/{rel}","templated":true}]}}