{"id":3299,"date":"2025-09-18T14:39:26","date_gmt":"2025-09-18T17:39:26","guid":{"rendered":"https:\/\/memoriadaculturaesportebsb.com.br\/?p=3299"},"modified":"2025-09-18T14:40:11","modified_gmt":"2025-09-18T17:40:11","slug":"a-memoria-da-cultura-e-do-esporte-mais-valorizada","status":"publish","type":"post","link":"https:\/\/memoriadaculturaesportebsb.com.br\/index.php\/2025\/09\/18\/a-memoria-da-cultura-e-do-esporte-mais-valorizada\/","title":{"rendered":"A MEM\u00d3RIA DA CULTURA E DO\u00a0ESPORTE MAIS VALORIZADA"},"content":{"rendered":"<p><a href=\"https:\/\/memoriadaculturaesportebsb.com.br\/wp-content\/uploads\/2025\/09\/aruc1.jpg\"><img loading=\"lazy\" decoding=\"async\" class=\"alignleft size-full wp-image-3301\" src=\"https:\/\/memoriadaculturaesportebsb.com.br\/wp-content\/uploads\/2025\/09\/aruc1.jpg\" alt=\"\" width=\"409\" height=\"284\" srcset=\"https:\/\/memoriadaculturaesportebsb.com.br\/wp-content\/uploads\/2025\/09\/aruc1.jpg 409w, https:\/\/memoriadaculturaesportebsb.com.br\/wp-content\/uploads\/2025\/09\/aruc1-300x208.jpg 300w, https:\/\/memoriadaculturaesportebsb.com.br\/wp-content\/uploads\/2025\/09\/aruc1-110x75.jpg 110w\" sizes=\"auto, (max-width: 409px) 100vw, 409px\" \/><\/a>O Museu da Aruc, espa\u00e7o para a preserva\u00e7\u00e3o e exposi\u00e7\u00e3o permanente da mem\u00f3ria da cultura e do esporte em Bras\u00edlia, em suas diferentes manifesta\u00e7\u00f5es, acaba de ser consolidado em seu espa\u00e7o f\u00edsico, al\u00e9m de ter aumentado o seu acervo de forma significativa e integrado uma expressiva novidade, uma valiosa cole\u00e7\u00e3o de discos.<\/p>\n<p>O grande acervo tem como carro chefe as conquistas esportivas e carnavalescas, origens da Aruc, com a exposi\u00e7\u00e3o dos 208 trof\u00e9us colecionados desde a funda\u00e7\u00e3o da entidade, em 1961. Os novos espa\u00e7os ser\u00e3o inaugurados em outubro, m\u00eas do 64\u00ba anivers\u00e1rio da Aruc.<\/p>\n<p><a href=\"https:\/\/memoriadaculturaesportebsb.com.br\/wp-content\/uploads\/2025\/09\/aruc2.jpg\"><img loading=\"lazy\" decoding=\"async\" class=\"alignright size-thumbnail wp-image-3302\" src=\"https:\/\/memoriadaculturaesportebsb.com.br\/wp-content\/uploads\/2025\/09\/aruc2-150x142.jpg\" alt=\"\" width=\"150\" height=\"142\" \/><\/a>Destacam-se, entre outros, os trof\u00e9us dos 31 t\u00edtulos de campe\u00e3 do Carnaval Brasiliense, as ta\u00e7as das equipes masculinas e femininas obtidas com os times de futsal, handebol, futebol de campo e beach soccer. Desses trof\u00e9us, se sobressai o referente ao t\u00edtulo de handebol feminino, conquistado no Campeonato Mundial Master, disputado na Cro\u00e1cia, em 2021.<\/p>\n<p>A prop\u00f3sito de esportes, o time masculino de futebol profissional disputa este ano a S\u00e9rie B, mais uma iniciativa da gest\u00e3o do presidente Robson Silva (foto).<\/p>\n<p><a href=\"https:\/\/memoriadaculturaesportebsb.com.br\/wp-content\/uploads\/2025\/09\/aruc3.jpg\"><img loading=\"lazy\" decoding=\"async\" class=\"aligncenter size-full wp-image-3303\" src=\"https:\/\/memoriadaculturaesportebsb.com.br\/wp-content\/uploads\/2025\/09\/aruc3.jpg\" alt=\"\" width=\"443\" height=\"277\" srcset=\"https:\/\/memoriadaculturaesportebsb.com.br\/wp-content\/uploads\/2025\/09\/aruc3.jpg 443w, https:\/\/memoriadaculturaesportebsb.com.br\/wp-content\/uploads\/2025\/09\/aruc3-300x188.jpg 300w\" sizes=\"auto, (max-width: 443px) 100vw, 443px\" \/><\/a><\/p>\n<p>A novidade, por\u00e9m, \u00e9 a cria\u00e7\u00e3o, no mesmo ambiente, de um espa\u00e7o, com tratamento ac\u00fastico, para a produ\u00e7\u00e3o de podcasts, entrevistas escritas, de \u00e1udio e v\u00eddeos. Isso ser\u00e1 poss\u00edvel gra\u00e7as a aquisi\u00e7\u00e3o de equipamentos de \u00faltima gera\u00e7\u00e3o, com recursos da lei de incentivo \u201cPaulo Gustavo\u201d, o grande ator que nos deixou recentemente. Entre outros equipamentos adquiridos est\u00e3o um notebook Apple, uma filmadora Kodak, quatro microfones, mesa de edi\u00e7\u00e3o e ilumina\u00e7\u00e3o adicional, tudo dispon\u00edvel para produ\u00e7\u00e3o de entrevistas e programa, tamb\u00e9m para o IBEC, cuja presidente, Gabi Lima, elaborou o projeto.<\/p>\n<p><a href=\"https:\/\/memoriadaculturaesportebsb.com.br\/wp-content\/uploads\/2025\/09\/aruc4.jpg\"><img loading=\"lazy\" decoding=\"async\" class=\"alignright size-medium wp-image-3304\" src=\"https:\/\/memoriadaculturaesportebsb.com.br\/wp-content\/uploads\/2025\/09\/aruc4-290x300.jpg\" alt=\"\" width=\"290\" height=\"300\" srcset=\"https:\/\/memoriadaculturaesportebsb.com.br\/wp-content\/uploads\/2025\/09\/aruc4-290x300.jpg 290w, https:\/\/memoriadaculturaesportebsb.com.br\/wp-content\/uploads\/2025\/09\/aruc4.jpg 722w\" sizes=\"auto, (max-width: 290px) 100vw, 290px\" \/><\/a>Nessa reengenharia, o espa\u00e7o para a Biblioteca da Aruc tamb\u00e9m est\u00e1 em novo ambiente. S\u00e3o mais de 300 livros de autores de Bras\u00edlia, nacionais e internacionais, nas \u00e1reas do esporte, da cultura e da m\u00fasica, em especial. S\u00e3o publica\u00e7\u00f5es antigas e a maioria mais recentes que incentivam a leitura de temas sempre atualizados com a m\u00fasica nativa, principalmente. Destaque para os livros sobre as escolas de samba do Rio de Janeiro, com suas maravilhosas cria\u00e7\u00f5es sobre temas e sambas-enredos. O espa\u00e7o da Biblioteca da Aruc est\u00e1 aberto \u00e0 comunidade do Cruzeiro e as publica\u00e7\u00f5es dispon\u00edveis podem ser adquiridas por empr\u00e9stimo tempor\u00e1rio, de ter\u00e7a a quinta-feira, das 9h \u00e0s 17h. Reserve um espa\u00e7o na sua agenda e venha se deliciar com um espa\u00e7o culturalmente qualificado.<\/p>\n<p><strong>Novidade<\/strong><\/p>\n<p>As mudan\u00e7as e atualiza\u00e7\u00f5es introduzidas no espa\u00e7o cultural da Aruc reservou espa\u00e7o para a cole\u00e7\u00e3o de discos de vinil, voltados para o samba tradicional, o samba enredo e o samba raiz.<\/p>\n<p>S\u00e3o cerca de 100 doa\u00e7\u00f5es que a Discoteca da Aruc recebeu do amigo e colecionador S\u00e9rgio Careca, que recentemente concedeu entrevista para o portal da Mem\u00f3ria da Cultura e do Esporte em Bras\u00edlia, sobre a sua cole\u00e7\u00e3o de 20 mil discos de vinil. Um verdadeiro espet\u00e1culo num apraz\u00edvel est\u00fadio do cerrado brasiliense.<\/p>\n<p>Com essa preciosidade, Careca est\u00e1 desenvolvendo um projeto de interc\u00e2mbio, onde oferece o vinil em troca de discos raros ou um CD. Como se observa, o objetivo \u00e9, tamb\u00e9m, a valoriza\u00e7\u00e3o das produ\u00e7\u00f5es anal\u00f3gicas, cujo valor e preciosidades s\u00e3o reconhecidas. Nesse prop\u00f3sito, o ilustre doador tamb\u00e9m doou uma estante para cerca de 100 discos. Em breve, a comunidade do Cruzeiro ter\u00e1 acesso a essa discografia, quando poder\u00e1 ouvir o \u201cvinil\u201d de sua prefer\u00eancia num aparelho toca-discos, em processo de aquisi\u00e7\u00e3o.<\/p>\n<p>Nesse projeto, outros associados da Aruc j\u00e1 se aproximaram e tamb\u00e9m promoveram doa\u00e7\u00f5es de CDs, e vinis, entre ele os ex-presidentes da Aruc, Moacir de Oliveira, o MOA, H\u00e9lio Tremendani e o ex-atleta de futebol de campo e sal\u00e3o, Luiz Carlos Barroso.<\/p>\n<p>Entusiasmado com esse espa\u00e7o redimensionados, H\u00e9lio lembrou que esse projeto do presidente Robson Silva consolida um antigo desejo da Aruc, n\u00e3o s\u00f3 de preservar a mem\u00f3ria da m\u00fasica e da literatura como disponibilizar esse acervo cultural a tradicional comunidade dos Unidos do Cruzeiro.<\/p>\n<p>\u201cEsse \u00e9 um antigo desejo da Aruc, dos tempos do Cine Gavi\u00e3o, que agora come\u00e7a a se realizar. Nesse sentido somos filiados ao antigo Instituto Nacional do Livro \u2013 desde o in\u00edcio dos anos 1980 \u2013 e da Ancine\u201d, tamb\u00e9m em parceria com o Ibec\u201d, disse H\u00e9lio.<\/p>\n<p>A abertura oficial dos novos espa\u00e7os ocorrer\u00e1 no pr\u00f3ximo 11 de outubro, m\u00eas em que a Aruc completar\u00e1 64 anos de funda\u00e7\u00e3o, durante a sua tradicional feijoada e a apresenta\u00e7\u00e3o da vitoriosa bateria \u201cCarcar\u00e1\u201d.<\/p>\n<p>&nbsp;<\/p>\n<p>&nbsp;<\/p>\n<p>&nbsp;<\/p>\n<p>&nbsp;<\/p>\n<p>&nbsp;<\/p>\n","protected":false},"excerpt":{"rendered":"<p>O Museu da Aruc, espa\u00e7o para a preserva\u00e7\u00e3o e exposi\u00e7\u00e3o permanente da mem\u00f3ria da cultura e do esporte em Bras\u00edlia, em suas diferentes manifesta\u00e7\u00f5es, acaba de ser consolidado em seu espa\u00e7o f\u00edsico, al\u00e9m de ter aumentado o seu acervo de forma significativa e integrado uma expressiva novidade, uma valiosa cole\u00e7\u00e3o de discos. O grande acervo &hellip;<\/p>\n","protected":false},"author":2,"featured_media":0,"comment_status":"closed","ping_status":"closed","sticky":false,"template":"","format":"standard","meta":{"footnotes":""},"categories":[13,2,3,4],"tags":[],"class_list":["post-3299","post","type-post","status-publish","format-standard","","category-colunistas","category-cultura","category-destaque","category-esporte"],"_links":{"self":[{"href":"https:\/\/memoriadaculturaesportebsb.com.br\/index.php\/wp-json\/wp\/v2\/posts\/3299","targetHints":{"allow":["GET"]}}],"collection":[{"href":"https:\/\/memoriadaculturaesportebsb.com.br\/index.php\/wp-json\/wp\/v2\/posts"}],"about":[{"href":"https:\/\/memoriadaculturaesportebsb.com.br\/index.php\/wp-json\/wp\/v2\/types\/post"}],"author":[{"embeddable":true,"href":"https:\/\/memoriadaculturaesportebsb.com.br\/index.php\/wp-json\/wp\/v2\/users\/2"}],"replies":[{"embeddable":true,"href":"https:\/\/memoriadaculturaesportebsb.com.br\/index.php\/wp-json\/wp\/v2\/comments?post=3299"}],"version-history":[{"count":4,"href":"https:\/\/memoriadaculturaesportebsb.com.br\/index.php\/wp-json\/wp\/v2\/posts\/3299\/revisions"}],"predecessor-version":[{"id":3307,"href":"https:\/\/memoriadaculturaesportebsb.com.br\/index.php\/wp-json\/wp\/v2\/posts\/3299\/revisions\/3307"}],"wp:attachment":[{"href":"https:\/\/memoriadaculturaesportebsb.com.br\/index.php\/wp-json\/wp\/v2\/media?parent=3299"}],"wp:term":[{"taxonomy":"category","embeddable":true,"href":"https:\/\/memoriadaculturaesportebsb.com.br\/index.php\/wp-json\/wp\/v2\/categories?post=3299"},{"taxonomy":"post_tag","embeddable":true,"href":"https:\/\/memoriadaculturaesportebsb.com.br\/index.php\/wp-json\/wp\/v2\/tags?post=3299"}],"curies":[{"name":"wp","href":"https:\/\/api.w.org\/{rel}","templated":true}]}}