{"id":3285,"date":"2025-09-08T15:08:50","date_gmt":"2025-09-08T18:08:50","guid":{"rendered":"https:\/\/memoriadaculturaesportebsb.com.br\/?p=3285"},"modified":"2025-09-08T15:39:02","modified_gmt":"2025-09-08T18:39:02","slug":"o-dia-em-que-um-astro-noruegues-fez-feliz-uma-familia-de-brasilia","status":"publish","type":"post","link":"https:\/\/memoriadaculturaesportebsb.com.br\/index.php\/2025\/09\/08\/o-dia-em-que-um-astro-noruegues-fez-feliz-uma-familia-de-brasilia\/","title":{"rendered":"O dia em que um astro noruegu\u00eas\u00a0fez feliz uma fam\u00edlia de Bras\u00edlia"},"content":{"rendered":"<p><strong><em><a href=\"https:\/\/memoriadaculturaesportebsb.com.br\/wp-content\/uploads\/2025\/09\/aha12.jpg\"><img loading=\"lazy\" decoding=\"async\" class=\"alignleft size-full wp-image-3291\" src=\"https:\/\/memoriadaculturaesportebsb.com.br\/wp-content\/uploads\/2025\/09\/aha12.jpg\" alt=\"\" width=\"328\" height=\"154\" srcset=\"https:\/\/memoriadaculturaesportebsb.com.br\/wp-content\/uploads\/2025\/09\/aha12.jpg 328w, https:\/\/memoriadaculturaesportebsb.com.br\/wp-content\/uploads\/2025\/09\/aha12-300x141.jpg 300w\" sizes=\"auto, (max-width: 328px) 100vw, 328px\" \/><\/a>A not\u00edcia de que o vocalista Morten Harket da banda a-ha est\u00e1 com a doen\u00e7a de Parkinson entristece os f\u00e3s do trio noruegu\u00eas, mundo afora.<\/em><\/strong><\/p>\n<p>O garoto bonito dos anos 1980, de tra\u00e7os vinkings, suas origens, cabelos fartos, como recomenda o ambiente e o ritmo do rock pop, transformou-se num artista de 66 ano triste, mas consolado.<\/p>\n<p><a href=\"https:\/\/memoriadaculturaesportebsb.com.br\/wp-content\/uploads\/2025\/09\/aha2.jpg\"><img loading=\"lazy\" decoding=\"async\" class=\"alignright wp-image-3287 size-medium\" src=\"https:\/\/memoriadaculturaesportebsb.com.br\/wp-content\/uploads\/2025\/09\/aha2-185x300.jpg\" alt=\"\" width=\"185\" height=\"300\" srcset=\"https:\/\/memoriadaculturaesportebsb.com.br\/wp-content\/uploads\/2025\/09\/aha2-185x300.jpg 185w, https:\/\/memoriadaculturaesportebsb.com.br\/wp-content\/uploads\/2025\/09\/aha2.jpg 318w\" sizes=\"auto, (max-width: 185px) 100vw, 185px\" \/><\/a>Ex-estudante de Teologia, Morten enfrenta a doen\u00e7a de Parkinson com uma abordagem positiva. Passou por estimula\u00e7\u00e3o cerebral para ajudar a reduzir os sintomas f\u00edsicos, que tamb\u00e9m afetam a sua voz. Abalado e sem vontade de cantar, os compromissos da banda est\u00e3o suspensos.<\/p>\n<p><strong>Aventura<\/strong><\/p>\n<p>\u00c9 desse personagem e da banda, que fez hist\u00f3ria na m\u00fasica mundial, que a goiana, de Goian\u00e1polis, Wanda Souza Amaro Guimar\u00e3es, tem uma lembran\u00e7a valiosa e guardada com carinho enorme, at\u00e9 hoje.<\/p>\n<p><strong><em>Prestigiada com apresenta\u00e7\u00f5es em todo o mundo, a banda a-ha quer dizer \u201calgo novo\u201d, \u201cinusitado\u201d, em portugu\u00eas<\/em><\/strong><\/p>\n<p>Criada em 1992, a a-ha esteve em Bras\u00edlia com os seus personagens, Magne Furuholmen (teclado), Paul Waaktaar (guitarra) e liderados pelo cantor, tamb\u00e9m compositor e instrumentista Morten Harket, al\u00e9m do baterista Karl-Oluf Wennerberg, que se juntou ao grupo em 2009.<\/p>\n<p><strong>A narrativa de Wanda<\/strong><\/p>\n<p><a href=\"https:\/\/memoriadaculturaesportebsb.com.br\/wp-content\/uploads\/2025\/09\/aha3.jpg\"><img loading=\"lazy\" decoding=\"async\" class=\"aligncenter wp-image-3288 size-full\" src=\"https:\/\/memoriadaculturaesportebsb.com.br\/wp-content\/uploads\/2025\/09\/aha3.jpg\" alt=\"\" width=\"294\" height=\"172\" \/><\/a><\/p>\n<p><em>\u201cEra o ano de 2010. Eu e minha sobrinha L\u00edvia Leal combinamos de ir ao show. Na reta final, minha filha Ana Camilla Souza Improise tamb\u00e9m quis ir e ainda precisei correr atr\u00e1s de ingresso. Por volta das 18 horas, na entrada do Gin\u00e1sio Nilson Nelson, local do show. Fomos abrindo espa\u00e7o na multid\u00e3o e conseguimos chegar bem na frente do palco. Quando come\u00e7ou, abri um cartaz com o nome dos tr\u00eas artistas, onde eu tamb\u00e9m pedia o aut\u00f3grafo deles. Observei que ao longo do show, eles olhavam o cartaz, quando chegavam mais perto do p\u00fablico. \u00a0No final do espet\u00e1culo, o baterista Karl-Oluf Wennerberg jogou a baqueta que utilizara e jogou para o p\u00fablico. N\u00e3o sei como mas ela veio parar na minha m\u00e3o. Claro que me estiquei um pouco para apanh\u00e1-la, mas ter sido premiada com aquele pequeno instrumento do grupo era um presente enorme\u201d<\/em><\/p>\n<p>Wanda j\u00e1 estava satisfeit\u00edssima com a baqueta do a-ha e se preparando para sair, quando viu uma assistente da equipe dele se aproximando dela, da filha e da sobrinha, pedindo que lhe entregasse o cartaz, com o pedido de aut\u00f3grafos.<\/p>\n<p><em>\u201cN\u00e3o acreditei! Eram muitos presentes para uma noite s\u00f3. Imediatamente entreguei \u00e0 assistente e fiquei no aguardo. Ela n\u00e3o demorou a voltar e, al\u00e9m do cartaz com os aut\u00f3grafos trouxe o convite para que f\u00f4ssemos at\u00e9 o camarim dos artistas. Inacredit\u00e1vel todas essas coincid\u00eancias. Fui para ver um espet\u00e1culo de meus \u00eddolos, peguei a baqueta do baterista, ganhei aut\u00f3grafos e ainda fiquei frente a frente com eles. Fui premiad\u00edssima, com certeza, porque tem muita gente que vai a v\u00e1rios shows deles, em outros pa\u00edses, inclusive, e n\u00e3o consegue nem aut\u00f3grafo&#8230;\u201d, conta Wanda.<\/em><\/p>\n<p><a href=\"https:\/\/memoriadaculturaesportebsb.com.br\/wp-content\/uploads\/2025\/09\/aha4.jpg\"><img loading=\"lazy\" decoding=\"async\" class=\"aligncenter size-full wp-image-3289\" src=\"https:\/\/memoriadaculturaesportebsb.com.br\/wp-content\/uploads\/2025\/09\/aha4.jpg\" alt=\"\" width=\"398\" height=\"316\" srcset=\"https:\/\/memoriadaculturaesportebsb.com.br\/wp-content\/uploads\/2025\/09\/aha4.jpg 398w, https:\/\/memoriadaculturaesportebsb.com.br\/wp-content\/uploads\/2025\/09\/aha4-300x238.jpg 300w\" sizes=\"auto, (max-width: 398px) 100vw, 398px\" \/><\/a><\/p>\n<p>Em 2010, os celulares ainda n\u00e3o tinham a modernidade de hoje, c\u00e2mera fotogr\u00e1fica, por exemplo. Mas Wanda se valeu de uma maquininha ainda com filme para registrar o momento valioso em que tirou a foto abra\u00e7ada com o seu \u00eddolo principal, Morten Harket (acima), quando se expressou, euf\u00f3rica:<\/p>\n<p><strong><em>\u201cFoi um grande sonho realizado\u201d<\/em><\/strong><\/p>\n<p>A foto, moldura a casa de Wanda, ainda hoje. A baqueta e o cartaz ela deu para a sobrinha. Agora, enquanto lamentam a not\u00edcia triste da doen\u00e7a de Morten, elas lembram com saudade a noite em que aquele m\u00fasico da distante Noruega fez feliz uma fam\u00edlia amante do rock, em Bras\u00edlia.<\/p>\n<p><strong>O livro<\/strong><\/p>\n<p><a href=\"https:\/\/memoriadaculturaesportebsb.com.br\/wp-content\/uploads\/2025\/09\/aha5.jpg\"><img loading=\"lazy\" decoding=\"async\" class=\"alignleft size-full wp-image-3290\" src=\"https:\/\/memoriadaculturaesportebsb.com.br\/wp-content\/uploads\/2025\/09\/aha5.jpg\" alt=\"\" width=\"195\" height=\"286\" \/><\/a>Todas essas recorda\u00e7\u00f5es reaparecem no momento em que o livro \u201c<em>My Take On Me<\/em>\u201d\u00a0 chega \u00e0 Biblioteca da Aruc. O livro \u00e9 uma autobiografia de Morten Harket\u00a0 e lembra desde os tempos em que um garoto do sub\u00farbio sofria bullying na escola, a cria\u00e7\u00e3o e os primeiros anos da banda a-ha e sua jornada de apresenta\u00e7\u00f5es pelo mundo.<\/p>\n<p>O livro conta tamb\u00e9m sobre \u201co som quente que veio do frio\u201d e conquistaram o pa\u00eds tropical, quando tocaram para 200 mil pessoas no Maracan\u00e3, na primeira vez no Brasil, em 1991, na segunda edi\u00e7\u00e3o do Rock in Rio.<\/p>\n<p><em>Sobre o livro, o jornalista e m\u00fasico Ro<\/em>drigo Rodrigues escreveu:<\/p>\n<p>.<\/p>\n<p><em>\u201cO jovem que era conhecido por sonhar acordado na Noruega mudou-se para a Inglaterra e tornou tudo realidade: Mortem Harket, uma das vozes mais respeitadas e invejadas no meio art\u00edstico, revela aqui (no livro) mais que sua arte:<\/em><\/p>\n<p><strong><em>\u201cStay On These Roads, we shall meet\u201d<\/em><\/strong><strong>,<\/strong><\/p>\n<p><strong><em>\u201cFique nas estradas que nos encontraremos\u201d<\/em><\/strong><\/p>\n<p><strong><em>\u00a0<\/em><\/strong><strong>*Stay on these Roads \u00e9 uma das can\u00e7\u00f5es rom\u00e2nticas que\u00a0<\/strong><strong>d\u00e1 t\u00edtulo ao \u00e1lbum do grupo a-ha, lan\u00e7ado em 1988<\/strong><\/p>\n<p>Confira um dos maiores sucessos da banda!<\/p>\n<p><iframe loading=\"lazy\" title=\"a-ha - Take On Me (Official Video) [4K]\" width=\"618\" height=\"464\" src=\"https:\/\/www.youtube.com\/embed\/djV11Xbc914?feature=oembed\" frameborder=\"0\" allow=\"accelerometer; autoplay; clipboard-write; encrypted-media; gyroscope; picture-in-picture; web-share\" referrerpolicy=\"strict-origin-when-cross-origin\" allowfullscreen><\/iframe><\/p>\n<p>&nbsp;<\/p>\n","protected":false},"excerpt":{"rendered":"<p>A not\u00edcia de que o vocalista Morten Harket da banda a-ha est\u00e1 com a doen\u00e7a de Parkinson entristece os f\u00e3s do trio noruegu\u00eas, mundo afora. O garoto bonito dos anos 1980, de tra\u00e7os vinkings, suas origens, cabelos fartos, como recomenda o ambiente e o ritmo do rock pop, transformou-se num artista de 66 ano triste, &hellip;<\/p>\n","protected":false},"author":2,"featured_media":0,"comment_status":"closed","ping_status":"closed","sticky":false,"template":"","format":"standard","meta":{"footnotes":""},"categories":[13,2,6,16],"tags":[],"class_list":["post-3285","post","type-post","status-publish","format-standard","","category-colunistas","category-cultura","category-entrevistas","category-helio-tremendani"],"_links":{"self":[{"href":"https:\/\/memoriadaculturaesportebsb.com.br\/index.php\/wp-json\/wp\/v2\/posts\/3285","targetHints":{"allow":["GET"]}}],"collection":[{"href":"https:\/\/memoriadaculturaesportebsb.com.br\/index.php\/wp-json\/wp\/v2\/posts"}],"about":[{"href":"https:\/\/memoriadaculturaesportebsb.com.br\/index.php\/wp-json\/wp\/v2\/types\/post"}],"author":[{"embeddable":true,"href":"https:\/\/memoriadaculturaesportebsb.com.br\/index.php\/wp-json\/wp\/v2\/users\/2"}],"replies":[{"embeddable":true,"href":"https:\/\/memoriadaculturaesportebsb.com.br\/index.php\/wp-json\/wp\/v2\/comments?post=3285"}],"version-history":[{"count":5,"href":"https:\/\/memoriadaculturaesportebsb.com.br\/index.php\/wp-json\/wp\/v2\/posts\/3285\/revisions"}],"predecessor-version":[{"id":3297,"href":"https:\/\/memoriadaculturaesportebsb.com.br\/index.php\/wp-json\/wp\/v2\/posts\/3285\/revisions\/3297"}],"wp:attachment":[{"href":"https:\/\/memoriadaculturaesportebsb.com.br\/index.php\/wp-json\/wp\/v2\/media?parent=3285"}],"wp:term":[{"taxonomy":"category","embeddable":true,"href":"https:\/\/memoriadaculturaesportebsb.com.br\/index.php\/wp-json\/wp\/v2\/categories?post=3285"},{"taxonomy":"post_tag","embeddable":true,"href":"https:\/\/memoriadaculturaesportebsb.com.br\/index.php\/wp-json\/wp\/v2\/tags?post=3285"}],"curies":[{"name":"wp","href":"https:\/\/api.w.org\/{rel}","templated":true}]}}