{"id":3281,"date":"2025-09-04T14:00:19","date_gmt":"2025-09-04T17:00:19","guid":{"rendered":"https:\/\/memoriadaculturaesportebsb.com.br\/?p=3281"},"modified":"2025-09-04T14:00:19","modified_gmt":"2025-09-04T17:00:19","slug":"armacao-no-futebol-de-salao-ja-existia-ha-cinquenta-anos","status":"publish","type":"post","link":"https:\/\/memoriadaculturaesportebsb.com.br\/index.php\/2025\/09\/04\/armacao-no-futebol-de-salao-ja-existia-ha-cinquenta-anos\/","title":{"rendered":"Arma\u00e7\u00e3o no Futebol de sal\u00e3o\u00a0j\u00e1 existia h\u00e1 cinquenta anos"},"content":{"rendered":"<p>Por H\u00e9lio Tremendani<\/p>\n<p>O esporte \u00e9 farto em folclore. Outro tanto de fakes. Mas h\u00e1 fatos reais inacredit\u00e1veis que pr\u00f3pria imprensa \u2013 ainda bem \u2013 contribui para confirmar que, de fato, aconteceu. O que passo a narrar \u00e9 um desses caos e por suas caracter\u00edsticas merece entrar para a mem\u00f3ria do esporte brasiliense.<\/p>\n<p>A arma\u00e7\u00e3o de resultado, hoje em dia t\u00e3o questionada nas apostas esportivas, at\u00e9 com inqu\u00e9ritos policiais, j\u00e1 existia em 1975, ou seja, h\u00e1 meio s\u00e9culo&#8230;<\/p>\n<p>Foi em 1975, na cidade de Sete Lagoas, em Minas, Gerais, que se realizava o campeonato Zonal da Ta\u00e7a Brasil de futebol de sal\u00e3o. No jogo preliminar, a equipe do Distrito Federal venceu Mato Grosso por 3&#215;0, com gols de Axel, Galdino e Arnaldo, e estava praticamente classificada para a fase seguinte, independentemente da vit\u00f3ria do time de Minas Gerais ou da Guanabara. O \u00fanico resultado que eliminaria Bras\u00edlia seria o empate e \u00e9 a\u00ed que entra a arma\u00e7\u00e3o. \u00a0A foto, do jornal \u201cA Not\u00edcia\u201d, de Sete Lagoas, registrou a indigna\u00e7\u00e3o dos torcedores.<\/p>\n<p><a href=\"https:\/\/memoriadaculturaesportebsb.com.br\/wp-content\/uploads\/2025\/09\/h1.jpg\"><img loading=\"lazy\" decoding=\"async\" class=\"alignright wp-image-3282 size-medium\" src=\"https:\/\/memoriadaculturaesportebsb.com.br\/wp-content\/uploads\/2025\/09\/h1-252x300.jpg\" alt=\"\" width=\"252\" height=\"300\" srcset=\"https:\/\/memoriadaculturaesportebsb.com.br\/wp-content\/uploads\/2025\/09\/h1-252x300.jpg 252w, https:\/\/memoriadaculturaesportebsb.com.br\/wp-content\/uploads\/2025\/09\/h1.jpg 283w\" sizes=\"auto, (max-width: 252px) 100vw, 252px\" \/><\/a>Conforme registros da imprensa, no dia seguinte, os dirigentes das duas equipes, Guanabara e Minas Gerais, combinaram empatar, justamente para eliminar o Distrito Federal.<\/p>\n<p>O jogo foi realizado no gin\u00e1sio M\u00e1rcio Paulino, lotad\u00edssimo, com mais de tr\u00eas mil torcedores. Quando o jogo se encaminhava para o final, as torcidas, j\u00e1 sabendo da arma\u00e7\u00e3o, come\u00e7aram a vaiar os jogadores insistentemente, amea\u00e7ando invadir a quadra, um tumulto que durou por mais de dez minutos.<\/p>\n<p>A situa\u00e7\u00e3o se agravou quando o p\u00fablico come\u00e7ou a jogar peda\u00e7os de madeira e outros objetos em dire\u00e7\u00e3o aos jogadores. Nem a arbitragem escapou da revolta dos torcedores. Segundo a imprensa local, at\u00e9 cusparada serviu de arma para demonstrar a revolta diante daquela atitude anti\u00e9tica.<\/p>\n<p>Enfim, nada disso adiantou. O jogo foi encerrado e com o 0x0 no placar a equipe do Distrito Federal foi mesmo eliminada, numa triste arma\u00e7\u00e3o que entrou para a hist\u00f3ria dos fatos negativos do esporte<\/p>\n<p>Waldemar Francisco de Almeida era um dos dirigentes da delega\u00e7\u00e3o do DF. Segundo ele as dire\u00e7\u00f5es das duas sele\u00e7\u00f5es fizeram mesmo o pacto de empate para eliminar Bras\u00edlia.<\/p>\n<p>Tudo isso foi acompanhado pela delega\u00e7\u00e3o de Bras\u00edlia nas laterais da quadra. Indignados, os jogadores tamb\u00e9m acompanharam os torcedores nas vaias e acabam expulsos da \u00e1rea de jogo. Tenente Waldemar, outro dirigente do Distrito Federal, declarou na ocasi\u00e3o que relataria a arma\u00e7\u00e3o ao ent\u00e3o ministro da Educa\u00e7\u00e3o, Ney Braga. Era tempo da ditadura e o esporte estava intimamente vinculado aos \u00f3rg\u00e3os oficiais de governo.<\/p>\n<p>Por\u00e9m, o tempo foi passando e a marmelada em quadra foi consumada, com a elimina\u00e7\u00e3o do Distrito Federal da competi\u00e7\u00e3o em Sete Lagoas.<\/p>\n<p><a href=\"https:\/\/memoriadaculturaesportebsb.com.br\/wp-content\/uploads\/2025\/09\/h2.jpg\"><img loading=\"lazy\" decoding=\"async\" class=\"alignleft size-medium wp-image-3283\" src=\"https:\/\/memoriadaculturaesportebsb.com.br\/wp-content\/uploads\/2025\/09\/h2-300x203.jpg\" alt=\"\" width=\"300\" height=\"203\" srcset=\"https:\/\/memoriadaculturaesportebsb.com.br\/wp-content\/uploads\/2025\/09\/h2-300x203.jpg 300w, https:\/\/memoriadaculturaesportebsb.com.br\/wp-content\/uploads\/2025\/09\/h2-110x75.jpg 110w, https:\/\/memoriadaculturaesportebsb.com.br\/wp-content\/uploads\/2025\/09\/h2.jpg 710w\" sizes=\"auto, (max-width: 300px) 100vw, 300px\" \/><\/a>Galdino Neto (foto), h\u00e1 muito aposentado das quadras, estava naquele jogo. Ele era um dos jogadores da equipe e confirmou a arma\u00e7\u00e3o assim como o tumulto provocado pelos torcedores revoltados.<\/p>\n<p>Galdino, inclusive, jogou ao lado de verdadeiros craques que ajudaram a construir a hist\u00f3ria do futebol de sal\u00e3o em Bras\u00edlia. Ele jogou no time da FAUnB que tinha Waltinho, Axel e Arnaldo. Ot\u00e1vio e Guairac\u00e1. \u201cTive a honra de jogar com Axel e Guairac\u00e1, para mim os melhores jogadores que vi atuar no Distrito Federal\u201d, afirmou. Arnaldo Gomes, outro craque, lamentavelmente nos deixou recentemente.<\/p>\n<p>As reportagens com Galdino Neto, Arnaldo Gomes, Guairac\u00e1 e Axel est\u00e3o no site da Mem\u00f3ria da Cultura e do Esporte em Bras\u00edlia, no seguinte link:<\/p>\n<p><a href=\"https:\/\/memoriadaculturaesportebsb.com.br\/index.php\/2024\/09\/29\/memorias-de-um-craque-da-elite-do-futebol-de-salao\/\"><em>https:\/\/memoriadaculturaesportebsb.com.br\/index.php\/2024\/09\/29\/memorias-de-um-craque-da-elite-do-futebol-de-salao\/<\/em><\/a><\/p>\n<p><em>\u00a0<\/em>Pesquisa: Helio Tremendani<\/p>\n<p>Foto do Jornal A Noticia.<\/p>\n","protected":false},"excerpt":{"rendered":"<p>Por H\u00e9lio Tremendani O esporte \u00e9 farto em folclore. Outro tanto de fakes. Mas h\u00e1 fatos reais inacredit\u00e1veis que pr\u00f3pria imprensa \u2013 ainda bem \u2013 contribui para confirmar que, de fato, aconteceu. O que passo a narrar \u00e9 um desses caos e por suas caracter\u00edsticas merece entrar para a mem\u00f3ria do esporte brasiliense. A arma\u00e7\u00e3o &hellip;<\/p>\n","protected":false},"author":2,"featured_media":0,"comment_status":"closed","ping_status":"closed","sticky":false,"template":"","format":"standard","meta":{"footnotes":""},"categories":[13,4,16],"tags":[],"class_list":["post-3281","post","type-post","status-publish","format-standard","","category-colunistas","category-esporte","category-helio-tremendani"],"_links":{"self":[{"href":"https:\/\/memoriadaculturaesportebsb.com.br\/index.php\/wp-json\/wp\/v2\/posts\/3281","targetHints":{"allow":["GET"]}}],"collection":[{"href":"https:\/\/memoriadaculturaesportebsb.com.br\/index.php\/wp-json\/wp\/v2\/posts"}],"about":[{"href":"https:\/\/memoriadaculturaesportebsb.com.br\/index.php\/wp-json\/wp\/v2\/types\/post"}],"author":[{"embeddable":true,"href":"https:\/\/memoriadaculturaesportebsb.com.br\/index.php\/wp-json\/wp\/v2\/users\/2"}],"replies":[{"embeddable":true,"href":"https:\/\/memoriadaculturaesportebsb.com.br\/index.php\/wp-json\/wp\/v2\/comments?post=3281"}],"version-history":[{"count":1,"href":"https:\/\/memoriadaculturaesportebsb.com.br\/index.php\/wp-json\/wp\/v2\/posts\/3281\/revisions"}],"predecessor-version":[{"id":3284,"href":"https:\/\/memoriadaculturaesportebsb.com.br\/index.php\/wp-json\/wp\/v2\/posts\/3281\/revisions\/3284"}],"wp:attachment":[{"href":"https:\/\/memoriadaculturaesportebsb.com.br\/index.php\/wp-json\/wp\/v2\/media?parent=3281"}],"wp:term":[{"taxonomy":"category","embeddable":true,"href":"https:\/\/memoriadaculturaesportebsb.com.br\/index.php\/wp-json\/wp\/v2\/categories?post=3281"},{"taxonomy":"post_tag","embeddable":true,"href":"https:\/\/memoriadaculturaesportebsb.com.br\/index.php\/wp-json\/wp\/v2\/tags?post=3281"}],"curies":[{"name":"wp","href":"https:\/\/api.w.org\/{rel}","templated":true}]}}