{"id":3277,"date":"2025-08-26T09:22:21","date_gmt":"2025-08-26T12:22:21","guid":{"rendered":"https:\/\/memoriadaculturaesportebsb.com.br\/?p=3277"},"modified":"2025-08-26T09:22:21","modified_gmt":"2025-08-26T12:22:21","slug":"entrevista-com-jose-bonetti","status":"publish","type":"post","link":"https:\/\/memoriadaculturaesportebsb.com.br\/index.php\/2025\/08\/26\/entrevista-com-jose-bonetti\/","title":{"rendered":"Entrevista com Jos\u00e9 Bonetti"},"content":{"rendered":"<p>O ex-capit\u00e3o do Ex\u00e9rcito, Jos\u00e9 Bonetti, \u00e9 um dos \u00e9 um dos \u00faltimos testemunhos da gera\u00e7\u00e3o que levou a Sele\u00e7\u00e3o Brasileira \u00e0 conquista do tricampeonato mundial de futebol, em 1970, no M\u00e9xico. Formado na escola de Educa\u00e7\u00e3o F\u00edsica do Ex\u00e9rcito, no Rio de Janeiro, onde continuou como instrutor, Bonetti foi convidado para integrar a comiss\u00e3o t\u00e9cnica da Sele\u00e7\u00e3o. Ele participou de todas as etapas, menos uma, a escolha do t\u00e9cnico, compet\u00eancia de Jo\u00e3o Havelange, ent\u00e3o presidente da Confedera\u00e7\u00e3o Brasileira de Desportos, CBD, depois CBF. Bonetti tornou-se amigo de Havelange , que o levou como assessor, na Fifa. O restante dessa hist\u00f3ria est\u00e1 nesta recente entrevista de Bonetti. Confira!<\/p>\n<p><iframe loading=\"lazy\" title=\"2025 08 04   Entrevista hist\u00f3rica: Jos\u00e9 Bonetti\" width=\"618\" height=\"348\" src=\"https:\/\/www.youtube.com\/embed\/Z0IMtMrJHfY?feature=oembed\" frameborder=\"0\" allow=\"accelerometer; autoplay; clipboard-write; encrypted-media; gyroscope; picture-in-picture; web-share\" referrerpolicy=\"strict-origin-when-cross-origin\" allowfullscreen><\/iframe><\/p>\n","protected":false},"excerpt":{"rendered":"<p>O ex-capit\u00e3o do Ex\u00e9rcito, Jos\u00e9 Bonetti, \u00e9 um dos \u00e9 um dos \u00faltimos testemunhos da gera\u00e7\u00e3o que levou a Sele\u00e7\u00e3o Brasileira \u00e0 conquista do tricampeonato mundial de futebol, em 1970, no M\u00e9xico. Formado na escola de Educa\u00e7\u00e3o F\u00edsica do Ex\u00e9rcito, no Rio de Janeiro, onde continuou como instrutor, Bonetti foi convidado para integrar a comiss\u00e3o &hellip;<\/p>\n","protected":false},"author":2,"featured_media":0,"comment_status":"closed","ping_status":"closed","sticky":false,"template":"","format":"standard","meta":{"footnotes":""},"categories":[13,6,4,16,14],"tags":[],"class_list":["post-3277","post","type-post","status-publish","format-standard","","category-colunistas","category-entrevistas","category-esporte","category-helio-tremendani","category-jose-cruz"],"_links":{"self":[{"href":"https:\/\/memoriadaculturaesportebsb.com.br\/index.php\/wp-json\/wp\/v2\/posts\/3277","targetHints":{"allow":["GET"]}}],"collection":[{"href":"https:\/\/memoriadaculturaesportebsb.com.br\/index.php\/wp-json\/wp\/v2\/posts"}],"about":[{"href":"https:\/\/memoriadaculturaesportebsb.com.br\/index.php\/wp-json\/wp\/v2\/types\/post"}],"author":[{"embeddable":true,"href":"https:\/\/memoriadaculturaesportebsb.com.br\/index.php\/wp-json\/wp\/v2\/users\/2"}],"replies":[{"embeddable":true,"href":"https:\/\/memoriadaculturaesportebsb.com.br\/index.php\/wp-json\/wp\/v2\/comments?post=3277"}],"version-history":[{"count":2,"href":"https:\/\/memoriadaculturaesportebsb.com.br\/index.php\/wp-json\/wp\/v2\/posts\/3277\/revisions"}],"predecessor-version":[{"id":3279,"href":"https:\/\/memoriadaculturaesportebsb.com.br\/index.php\/wp-json\/wp\/v2\/posts\/3277\/revisions\/3279"}],"wp:attachment":[{"href":"https:\/\/memoriadaculturaesportebsb.com.br\/index.php\/wp-json\/wp\/v2\/media?parent=3277"}],"wp:term":[{"taxonomy":"category","embeddable":true,"href":"https:\/\/memoriadaculturaesportebsb.com.br\/index.php\/wp-json\/wp\/v2\/categories?post=3277"},{"taxonomy":"post_tag","embeddable":true,"href":"https:\/\/memoriadaculturaesportebsb.com.br\/index.php\/wp-json\/wp\/v2\/tags?post=3277"}],"curies":[{"name":"wp","href":"https:\/\/api.w.org\/{rel}","templated":true}]}}