{"id":3270,"date":"2025-08-12T18:43:39","date_gmt":"2025-08-12T21:43:39","guid":{"rendered":"https:\/\/memoriadaculturaesportebsb.com.br\/?p=3270"},"modified":"2025-08-12T18:43:39","modified_gmt":"2025-08-12T21:43:39","slug":"irmaos-ferreira-uma-tripla-entidade","status":"publish","type":"post","link":"https:\/\/memoriadaculturaesportebsb.com.br\/index.php\/2025\/08\/12\/irmaos-ferreira-uma-tripla-entidade\/","title":{"rendered":"Irm\u00e3os Ferreira, uma tripla entidade"},"content":{"rendered":"<p><a href=\"https:\/\/memoriadaculturaesportebsb.com.br\/wp-content\/uploads\/2025\/08\/clodo1.jpg\"><img loading=\"lazy\" decoding=\"async\" class=\"alignleft size-medium wp-image-3272\" src=\"https:\/\/memoriadaculturaesportebsb.com.br\/wp-content\/uploads\/2025\/08\/clodo1-214x300.jpg\" alt=\"\" width=\"214\" height=\"300\" srcset=\"https:\/\/memoriadaculturaesportebsb.com.br\/wp-content\/uploads\/2025\/08\/clodo1-214x300.jpg 214w, https:\/\/memoriadaculturaesportebsb.com.br\/wp-content\/uploads\/2025\/08\/clodo1.jpg 509w\" sizes=\"auto, (max-width: 214px) 100vw, 214px\" \/><\/a>No livro \u201cA Profiss\u00e3o do Sonho\u201d, lan\u00e7ado neste agosto de 2025, est\u00e1 a prova documentada, em detalhada narrativa, de que os irm\u00e3os Clodo, Clim\u00e9rio e Cl\u00e9sio t\u00eam, sim, expressiva contribui\u00e7\u00e3o para a m\u00fasica nacional e n\u00e3o apenas regionalizada do Nordeste, do Piau\u00ed, em especial, onde nasceram.<\/p>\n<p>Desde o in\u00edcio dos anos 1960 em Bras\u00edlia, para onde vieram com a fam\u00edlia, tornando-se verdadeiros pioneiros. Os \u201camarelinhos\u201d, no dizer carinhoso do cineasta Vladimir Carvalho (morto em 2024) mostraram, logo cedo, o talento para a m\u00fasica: Cl\u00e9sio (1944-2010) e Clim\u00e9rio, inicialmente, e Clodo (1951-2024) a partir dos 15 anos. Melodistas, poetas, compositores e letristas, os talentos se misturavam e as produ\u00e7\u00f5es foram surgindo e encantando onde se apresentavam.<\/p>\n<p>Os \u201camarelinhos\u201d, a prop\u00f3sito, referia-se \u00e0 identidade do nordestino piauiense, de estatura baixa, \u201cde cor acobreada, s\u00f3 aparentemente quieto, incapaz de contar vantagem, mas por dentro um d\u00ednamo de coragem e talento pronto a explodir\u201d. Foi o que o saudoso cineasta deixou escrito, em texto que prefacia o livro agora lan\u00e7ado.<\/p>\n<p><strong>O livro<\/strong><\/p>\n<p>O lan\u00e7amento de \u00a0\u201cA Profiss\u00e3o do Sonho\u201d, que teve a presen\u00e7a de Clim\u00e9rio, conta sobre a personalidade e trajet\u00f3ria de cada um dos irm\u00e3os, com \u00eanfase para a carreira que constru\u00edram em Bras\u00edlia. Para melhor explicar sobre a carreira e o sucesso do trio, os autores tamb\u00e9m conversaram com alguns dos parceiros do grupo, como Fagner, Ednardo, Fernanda Takai, entre outros.<\/p>\n<figure id=\"attachment_3273\" aria-describedby=\"caption-attachment-3273\" style=\"width: 954px\" class=\"wp-caption aligncenter\"><a href=\"https:\/\/memoriadaculturaesportebsb.com.br\/wp-content\/uploads\/2025\/08\/clodo2.jpg\"><img loading=\"lazy\" decoding=\"async\" class=\"size-full wp-image-3273\" src=\"https:\/\/memoriadaculturaesportebsb.com.br\/wp-content\/uploads\/2025\/08\/clodo2.jpg\" alt=\"\" width=\"954\" height=\"513\" srcset=\"https:\/\/memoriadaculturaesportebsb.com.br\/wp-content\/uploads\/2025\/08\/clodo2.jpg 954w, https:\/\/memoriadaculturaesportebsb.com.br\/wp-content\/uploads\/2025\/08\/clodo2-300x161.jpg 300w, https:\/\/memoriadaculturaesportebsb.com.br\/wp-content\/uploads\/2025\/08\/clodo2-768x413.jpg 768w\" sizes=\"auto, (max-width: 954px) 100vw, 954px\" \/><\/a><figcaption id=\"caption-attachment-3273\" class=\"wp-caption-text\">Dea, Severino e Clim\u00e9rio, no lan\u00e7amento do livro &#8211; <em>Reprodu\u00e7\u00e3o de foto publicada no Correio Braziliense<\/em><\/figcaption><\/figure>\n<p>O jornalista, professor, poeta e escritor Severino Francisco, h\u00e1 mais de vinte anos rep\u00f3rter, cr\u00edtico e subeditor do segmento cultural para o Correio Braziliense, conta na apresenta\u00e7\u00e3o do livro que foi sua colega Dea Barbosa que o convidou para essa parceria de um livro recuperando a mem\u00f3ria de Clodo, Clim\u00e9rio e Cl\u00e9sio.<\/p>\n<p>\u201cEsse livro s\u00f3 se tornou poss\u00edvel gra\u00e7as \u00e0 tenacidade nordestina da alagoana Dea Barbosa\u201d, escreveu Severino. Para ele, em especial, \u00e9 o 13\u00ba t\u00edtulo como autor e participante. \u201cConsiderei o convite uma distin\u00e7\u00e3o e um desafio irrecus\u00e1veis\u201d, afirmou o jornalista. E concluiu, conforme publicou o Correio Braziliense: \u201cEsse livro e como se fosse a continuidade de todos os outros que escrevi, principalmente do \u201cDa Poesia \u00e0 Eletricidade\u201d, que lancei quando a Capital completou 50 anos\u201d.<\/p>\n<p>A jornalista Dea, amiga de Clodo, Clim\u00e9rio e Cl\u00e9sio, trabalha na \u00e1rea cultural, na qual se profissionalizou desde a d\u00e9cada de 1990, sendo a idealizadora, pesquisadora e organizadora do livro.<\/p>\n<p><strong>Os irm\u00e3os<\/strong><\/p>\n<figure id=\"attachment_3274\" aria-describedby=\"caption-attachment-3274\" style=\"width: 218px\" class=\"wp-caption alignright\"><a href=\"https:\/\/memoriadaculturaesportebsb.com.br\/wp-content\/uploads\/2025\/08\/clodo3.jpg\"><img loading=\"lazy\" decoding=\"async\" class=\"size-medium wp-image-3274\" src=\"https:\/\/memoriadaculturaesportebsb.com.br\/wp-content\/uploads\/2025\/08\/clodo3-218x300.jpg\" alt=\"\" width=\"218\" height=\"300\" srcset=\"https:\/\/memoriadaculturaesportebsb.com.br\/wp-content\/uploads\/2025\/08\/clodo3-218x300.jpg 218w, https:\/\/memoriadaculturaesportebsb.com.br\/wp-content\/uploads\/2025\/08\/clodo3.jpg 470w\" sizes=\"auto, (max-width: 218px) 100vw, 218px\" \/><\/a><figcaption id=\"caption-attachment-3274\" class=\"wp-caption-text\">Pioneiro e sambista, H\u00e9lio Tremendani, do site da Mem\u00f3ria da Cultura e do Esporte em Bras\u00edlia, com o autor e jornalista Severino Francisco, \u201camigos das antigas\u201d.<\/figcaption><\/figure>\n<p>Sobre o trio, Severino descreve que Clodo, Clim\u00e9rio e Cl\u00e9sio \u201cnunca fizeram uma carreira no mercado fonogr\u00e1fico, pois eram compositores que cantavam. Sobreviveram do of\u00edcio de professores, para eles, a m\u00fasica foi (e \u00e9) a profiss\u00e3o do sonho\u201d.<\/p>\n<p><strong>Os int\u00e9rpretes<\/strong><\/p>\n<p>Para melhor conhecer o trio de artistas, Severino os descreve como se fossem \u201cirm\u00e3os siameses. Ttodavia, s\u00e3o muitos distintos nos talentos e nas personalidades. Cl\u00e9sio era melodista, Clim\u00e9rio, o poeta e Clodo sintetizou as habilidades de compositor e letrista. No entanto foram complementares\u201d.<\/p>\n<p>Devido \u00e0 qualidade das composi\u00e7\u00f5es, conquistaram int\u00e9rpretes da elite nacional, como Fagner, Ney Matogrosso, Milton Nascimento e Elba Ramalho.<\/p>\n<p><strong>Depoimento<\/strong><\/p>\n<p>\u201cOs irm\u00e3os Ferreira fazem parte da minha hist\u00f3ria art\u00edstica e de vida, especialmente ap\u00f3s a minha breve e intensa passagem por Bras\u00edlia\u201d, escreveu Raimundo Fagner. Concluindo: \u201cCom a importante vit\u00f3ria no Festival de M\u00fasica Jovem do Ceub, eles passaram a assumir o protagonismo da cena local por meio de um trabalho que se tornou refer\u00eancia musical, com show, discos e outr s manifesta\u00e7\u00f5es culturais que Bras\u00edlia sempre acatou\u201d.<\/p>\n<p>*<strong><em>Irm\u00e3os Ferreira, uma tripla entidade\u201d \u00e9 o t\u00edtulo do artigo que Vladimir Carvalho (1935 \u2013 2024) deixou escrito e que prefacia \u00a0o livro de Clodo, Clim\u00e9rio e Cl\u00e9sio. <\/em><\/strong><\/p>\n","protected":false},"excerpt":{"rendered":"<p>No livro \u201cA Profiss\u00e3o do Sonho\u201d, lan\u00e7ado neste agosto de 2025, est\u00e1 a prova documentada, em detalhada narrativa, de que os irm\u00e3os Clodo, Clim\u00e9rio e Cl\u00e9sio t\u00eam, sim, expressiva contribui\u00e7\u00e3o para a m\u00fasica nacional e n\u00e3o apenas regionalizada do Nordeste, do Piau\u00ed, em especial, onde nasceram. Desde o in\u00edcio dos anos 1960 em Bras\u00edlia, para &hellip;<\/p>\n","protected":false},"author":2,"featured_media":0,"comment_status":"closed","ping_status":"closed","sticky":false,"template":"","format":"standard","meta":{"footnotes":""},"categories":[13,2,3,6,16,14],"tags":[],"class_list":["post-3270","post","type-post","status-publish","format-standard","","category-colunistas","category-cultura","category-destaque","category-entrevistas","category-helio-tremendani","category-jose-cruz"],"_links":{"self":[{"href":"https:\/\/memoriadaculturaesportebsb.com.br\/index.php\/wp-json\/wp\/v2\/posts\/3270","targetHints":{"allow":["GET"]}}],"collection":[{"href":"https:\/\/memoriadaculturaesportebsb.com.br\/index.php\/wp-json\/wp\/v2\/posts"}],"about":[{"href":"https:\/\/memoriadaculturaesportebsb.com.br\/index.php\/wp-json\/wp\/v2\/types\/post"}],"author":[{"embeddable":true,"href":"https:\/\/memoriadaculturaesportebsb.com.br\/index.php\/wp-json\/wp\/v2\/users\/2"}],"replies":[{"embeddable":true,"href":"https:\/\/memoriadaculturaesportebsb.com.br\/index.php\/wp-json\/wp\/v2\/comments?post=3270"}],"version-history":[{"count":2,"href":"https:\/\/memoriadaculturaesportebsb.com.br\/index.php\/wp-json\/wp\/v2\/posts\/3270\/revisions"}],"predecessor-version":[{"id":3275,"href":"https:\/\/memoriadaculturaesportebsb.com.br\/index.php\/wp-json\/wp\/v2\/posts\/3270\/revisions\/3275"}],"wp:attachment":[{"href":"https:\/\/memoriadaculturaesportebsb.com.br\/index.php\/wp-json\/wp\/v2\/media?parent=3270"}],"wp:term":[{"taxonomy":"category","embeddable":true,"href":"https:\/\/memoriadaculturaesportebsb.com.br\/index.php\/wp-json\/wp\/v2\/categories?post=3270"},{"taxonomy":"post_tag","embeddable":true,"href":"https:\/\/memoriadaculturaesportebsb.com.br\/index.php\/wp-json\/wp\/v2\/tags?post=3270"}],"curies":[{"name":"wp","href":"https:\/\/api.w.org\/{rel}","templated":true}]}}