{"id":3266,"date":"2025-08-01T12:24:34","date_gmt":"2025-08-01T15:24:34","guid":{"rendered":"https:\/\/memoriadaculturaesportebsb.com.br\/?p=3266"},"modified":"2025-08-01T12:24:34","modified_gmt":"2025-08-01T15:24:34","slug":"historias-do-esporte-em-brasilia-futebol-de-campo-ii","status":"publish","type":"post","link":"https:\/\/memoriadaculturaesportebsb.com.br\/index.php\/2025\/08\/01\/historias-do-esporte-em-brasilia-futebol-de-campo-ii\/","title":{"rendered":"Hist\u00f3rias do Esporte em Bras\u00edlia &#8211; Futebol de Campo II"},"content":{"rendered":"<p><a href=\"https:\/\/memoriadaculturaesportebsb.com.br\/wp-content\/uploads\/2025\/08\/WhatsApp-Image-2025-08-01-at-08.26.00.jpeg\"><img loading=\"lazy\" decoding=\"async\" class=\"aligncenter size-large wp-image-3267\" src=\"https:\/\/memoriadaculturaesportebsb.com.br\/wp-content\/uploads\/2025\/08\/WhatsApp-Image-2025-08-01-at-08.26.00-1024x637.jpeg\" alt=\"\" width=\"618\" height=\"384\" srcset=\"https:\/\/memoriadaculturaesportebsb.com.br\/wp-content\/uploads\/2025\/08\/WhatsApp-Image-2025-08-01-at-08.26.00-1024x637.jpeg 1024w, https:\/\/memoriadaculturaesportebsb.com.br\/wp-content\/uploads\/2025\/08\/WhatsApp-Image-2025-08-01-at-08.26.00-300x187.jpeg 300w, https:\/\/memoriadaculturaesportebsb.com.br\/wp-content\/uploads\/2025\/08\/WhatsApp-Image-2025-08-01-at-08.26.00-768x478.jpeg 768w, https:\/\/memoriadaculturaesportebsb.com.br\/wp-content\/uploads\/2025\/08\/WhatsApp-Image-2025-08-01-at-08.26.00.jpeg 1080w\" sizes=\"auto, (max-width: 618px) 100vw, 618px\" \/><\/a><\/p>\n<p>Hist\u00f3rias do Esporte em Bras\u00edlia &#8211; Futebol de Campo (Parte II): BRASILIA EC &#8211; Iniciou suas atividades em 19\/06\/75, com Cl\u00e1udio Garcia e Caranambu Bessa fazendo uma peneira no Pelez\u00e3o. Desde 69, a Associa\u00e7\u00e3o Comercial do DF (ACDF) pensava em criar um clube de futebol, mas surgindo o CEUB esperou para ver no que resultaria. O primeiro jogo foi um 3&#215;1 sobre o Fluminense de Araguari (76). O 1\u00b0 t\u00edtulo foi o Torneio Incentivo (75), o 1\u00b0 grande jogo foi a derrota 1&#215;2 contra o Flamengo (76).<\/p>\n<p>Em 77 entrou na Copa Brasil e fez uma campanha t\u00e3o boa na fase preliminar que conseguiu integrar o DF em torno dele. O time dirigido por Airton Nogueira formava com D\u00e9o, Newton, Jonas Foca, Luis Carlos e Santos (\u00fanico de fora), Wel, Moreirinha e Banana; Julinho, Nei e Bira.<br \/>\nFonte: Hist\u00f3rias do Esporte em Bras\u00edlia<br \/>\nAutor: Gustavo Mariani.<br \/>\nPrecisamos de ajuda para identificar a foto.<\/p>\n","protected":false},"excerpt":{"rendered":"<p>Hist\u00f3rias do Esporte em Bras\u00edlia &#8211; Futebol de Campo (Parte II): BRASILIA EC &#8211; Iniciou suas atividades em 19\/06\/75, com Cl\u00e1udio Garcia e Caranambu Bessa fazendo uma peneira no Pelez\u00e3o. Desde 69, a Associa\u00e7\u00e3o Comercial do DF (ACDF) pensava em criar um clube de futebol, mas surgindo o CEUB esperou para ver no que resultaria. &hellip;<\/p>\n","protected":false},"author":2,"featured_media":0,"comment_status":"closed","ping_status":"closed","sticky":false,"template":"","format":"standard","meta":{"footnotes":""},"categories":[13,4,16],"tags":[],"class_list":["post-3266","post","type-post","status-publish","format-standard","","category-colunistas","category-esporte","category-helio-tremendani"],"_links":{"self":[{"href":"https:\/\/memoriadaculturaesportebsb.com.br\/index.php\/wp-json\/wp\/v2\/posts\/3266","targetHints":{"allow":["GET"]}}],"collection":[{"href":"https:\/\/memoriadaculturaesportebsb.com.br\/index.php\/wp-json\/wp\/v2\/posts"}],"about":[{"href":"https:\/\/memoriadaculturaesportebsb.com.br\/index.php\/wp-json\/wp\/v2\/types\/post"}],"author":[{"embeddable":true,"href":"https:\/\/memoriadaculturaesportebsb.com.br\/index.php\/wp-json\/wp\/v2\/users\/2"}],"replies":[{"embeddable":true,"href":"https:\/\/memoriadaculturaesportebsb.com.br\/index.php\/wp-json\/wp\/v2\/comments?post=3266"}],"version-history":[{"count":1,"href":"https:\/\/memoriadaculturaesportebsb.com.br\/index.php\/wp-json\/wp\/v2\/posts\/3266\/revisions"}],"predecessor-version":[{"id":3268,"href":"https:\/\/memoriadaculturaesportebsb.com.br\/index.php\/wp-json\/wp\/v2\/posts\/3266\/revisions\/3268"}],"wp:attachment":[{"href":"https:\/\/memoriadaculturaesportebsb.com.br\/index.php\/wp-json\/wp\/v2\/media?parent=3266"}],"wp:term":[{"taxonomy":"category","embeddable":true,"href":"https:\/\/memoriadaculturaesportebsb.com.br\/index.php\/wp-json\/wp\/v2\/categories?post=3266"},{"taxonomy":"post_tag","embeddable":true,"href":"https:\/\/memoriadaculturaesportebsb.com.br\/index.php\/wp-json\/wp\/v2\/tags?post=3266"}],"curies":[{"name":"wp","href":"https:\/\/api.w.org\/{rel}","templated":true}]}}