{"id":3225,"date":"2025-06-30T18:55:15","date_gmt":"2025-06-30T21:55:15","guid":{"rendered":"https:\/\/memoriadaculturaesportebsb.com.br\/?p=3225"},"modified":"2025-06-30T18:55:56","modified_gmt":"2025-06-30T21:55:56","slug":"museu-de-20-mil-lps-e-outro-tanto-de-boas-ideias-no-cerrado","status":"publish","type":"post","link":"https:\/\/memoriadaculturaesportebsb.com.br\/index.php\/2025\/06\/30\/museu-de-20-mil-lps-e-outro-tanto-de-boas-ideias-no-cerrado\/","title":{"rendered":"MUSEU DE 20 MIL LPs E OUTRO TANTO DE BOAS IDEIAS NO CERRADO"},"content":{"rendered":"<p><strong>Por H\u00e9lio Tremendani e Jos\u00e9 Cruz<\/strong><\/p>\n<p><strong><a href=\"https:\/\/memoriadaculturaesportebsb.com.br\/wp-content\/uploads\/2025\/06\/careca1.jpg\"><img loading=\"lazy\" decoding=\"async\" class=\"alignleft size-medium wp-image-3226\" src=\"https:\/\/memoriadaculturaesportebsb.com.br\/wp-content\/uploads\/2025\/06\/careca1-203x300.jpg\" alt=\"\" width=\"203\" height=\"300\" srcset=\"https:\/\/memoriadaculturaesportebsb.com.br\/wp-content\/uploads\/2025\/06\/careca1-203x300.jpg 203w, https:\/\/memoriadaculturaesportebsb.com.br\/wp-content\/uploads\/2025\/06\/careca1.jpg 631w\" sizes=\"auto, (max-width: 203px) 100vw, 203px\" \/><\/a><\/strong><strong><em>S\u00e9rgio Careca (foto) \u00e9 um idealista, antes de tudo. Formado em Educa\u00e7\u00e3o F\u00edsica pela Escola Dom Bosco, a primeira do g\u00eanero, em Bras\u00edlia, ele n\u00e3o \u00e9 um personal trainer; \u00e9 empres\u00e1rio que curte a natureza, gosta de fazer amizades e cuidar de uma preciosa cole\u00e7\u00e3o de 20.000 discos LPs. Ironicamente, Careca n\u00e3o \u00e9 fan\u00e1tico por m\u00fasica. Ouve com modera\u00e7\u00e3o. Por\u00e9m sem ficar com ouvido grudado no fone, no r\u00e1dio, celular, gramofone ou algo do g\u00eanero, tanto da modernidade quanto daqueles tempos&#8230; \u00a0<\/em><\/strong><\/p>\n<p><strong><em>Projetos<\/em><\/strong><\/p>\n<p><em><a href=\"https:\/\/memoriadaculturaesportebsb.com.br\/wp-content\/uploads\/2025\/06\/careca2.jpg\"><img loading=\"lazy\" decoding=\"async\" class=\"alignright size-thumbnail wp-image-3227\" src=\"https:\/\/memoriadaculturaesportebsb.com.br\/wp-content\/uploads\/2025\/06\/careca2-150x150.jpg\" alt=\"\" width=\"150\" height=\"150\" srcset=\"https:\/\/memoriadaculturaesportebsb.com.br\/wp-content\/uploads\/2025\/06\/careca2-150x150.jpg 150w, https:\/\/memoriadaculturaesportebsb.com.br\/wp-content\/uploads\/2025\/06\/careca2-70x70.jpg 70w, https:\/\/memoriadaculturaesportebsb.com.br\/wp-content\/uploads\/2025\/06\/careca2-120x120.jpg 120w\" sizes=\"auto, (max-width: 150px) 100vw, 150px\" \/><\/a>C<\/em>areca, amigo do nordestino Tampinha (foto), um folcl\u00f3rico gar\u00e7om de Bras\u00edlia \u2013 \u201cOlha o kibe!!!\u201d \u2013, \u00e9 um brasiliense que gosta de receber visitas. Ele mora na acolhedora \u201cVila Marianna\u201d, com boa altitude nos arredores da Capital, ambiente silencioso e perto do Lago Parano\u00e1. Na Vila, o melhor som e visual s\u00e3o da natureza: folhas caindo, mudas de \u00e1rvores sendo plantadas e muitos p\u00e1ssaros atra\u00eddos, tamb\u00e9m, pelo barulhinho ritmado da \u00e1gua de um pequeno riacho.<\/p>\n<p>\u00c9 nesse ambiente que Careca criou o seu recanto agregador, tanto de natureza quanto de pessoas e de projetos, que vai executando, na contram\u00e3o do mundo consumidor da sociedade atual. Nesse espa\u00e7o ele gerencia um sal\u00e3o de festas, agora em reforma, e conclui um palco-audit\u00f3rio ao ar livre, pr\u00f3prio para noitadas festivas, com decora\u00e7\u00e3o que se agrega \u00e0 natureza pr\u00f3xima. Tudo equipado com bar e cozinha.<\/p>\n<p><a href=\"https:\/\/memoriadaculturaesportebsb.com.br\/wp-content\/uploads\/2025\/06\/careca3.jpg\"><img loading=\"lazy\" decoding=\"async\" class=\"alignleft size-medium wp-image-3228\" src=\"https:\/\/memoriadaculturaesportebsb.com.br\/wp-content\/uploads\/2025\/06\/careca3-169x300.jpg\" alt=\"\" width=\"169\" height=\"300\" srcset=\"https:\/\/memoriadaculturaesportebsb.com.br\/wp-content\/uploads\/2025\/06\/careca3-169x300.jpg 169w, https:\/\/memoriadaculturaesportebsb.com.br\/wp-content\/uploads\/2025\/06\/careca3.jpg 542w\" sizes=\"auto, (max-width: 169px) 100vw, 169px\" \/><\/a>Com tantas iniciativas culturais-gastron\u00f4micas-musicais, o que era ch\u00e1cara, heran\u00e7a de fam\u00edlia, com mais de 50 anos, transformou-se na \u201cVila Marianna\u201d, sede do \u201cRegenera Bras\u00edlia\u201d, que Careca assim resume:<\/p>\n<p>\u201cO Regenera Bras\u00edlia \u00e9 um guia de consumo consciente, uma plataforma que re\u00fane empreendedores com foco em sa\u00fade, sustentabilidade que atuam em \u00e1reas como alimentos org\u00e2nicos, restaurantes veganos e vegetarianos, constru\u00e7\u00e3o sustent\u00e1vel, produtos e servi\u00e7os sustent\u00e1veis ou regenerativos no Distrito Federal. \u00c9 uma plataforma que incentiva os consumidores que buscam uma vida mais saud\u00e1vel e sustent\u00e1vel com produtores e prestadores de servi\u00e7os comprometidos com esses valores\u201d.<\/p>\n<p><strong>Museu do Vinil<\/strong><\/p>\n<p>Mas, o quente da visita \u00e9 o \u201cMuseu do Vinil\u201d, preciosidade da qual ele \u00e9 o curador. Recebeu a doa\u00e7\u00e3o de \u201cJanete\u201d, uma amiga que j\u00e1 n\u00e3o tem tanto tempo para os cuidados que os LPs exigem. Careca se disp\u00f4s a fazer isso e a cole\u00e7\u00e3o tornou-se mais um de seus projetos.<\/p>\n<p><strong><em>\u201cJanete tinha uma loja de CD, quando todo mundo come\u00e7ou a se livrar&#8230; dos LPs, os discos em vinil. Um dia, ela contou um a um, tinha 20 mil exemplares. Foi quando me confiou a guarda\u201d, explicou Careca.<\/em><\/strong><\/p>\n<p><a href=\"https:\/\/memoriadaculturaesportebsb.com.br\/wp-content\/uploads\/2025\/06\/careca4.jpg\"><img loading=\"lazy\" decoding=\"async\" class=\"alignright wp-image-3229 size-medium\" src=\"https:\/\/memoriadaculturaesportebsb.com.br\/wp-content\/uploads\/2025\/06\/careca4-169x300.jpg\" alt=\"\" width=\"169\" height=\"300\" srcset=\"https:\/\/memoriadaculturaesportebsb.com.br\/wp-content\/uploads\/2025\/06\/careca4-169x300.jpg 169w, https:\/\/memoriadaculturaesportebsb.com.br\/wp-content\/uploads\/2025\/06\/careca4-577x1024.jpg 577w, https:\/\/memoriadaculturaesportebsb.com.br\/wp-content\/uploads\/2025\/06\/careca4.jpg 593w\" sizes=\"auto, (max-width: 169px) 100vw, 169px\" \/><\/a>Os cl\u00e1ssicos daqui e do mundo est\u00e3o agora em tr\u00eas ambientes ao final de uma pequena escada, na Vila Marianna. Quem quiser visitar essa raridade que v\u00e1 com f\u00f4lego para procurar o seu LP preferido, porque eles n\u00e3o est\u00e3o catalogados. Primeiro, busque o estilo: samba, rock, jazz, sertanejo&#8230; ou por cantor: Chico, Roberto Carlos, Elis, Rita Lee&#8230; Esses sim, est\u00e3o agrupados e, ent\u00e3o, delicie-se buscando o seu favorito, um a um. Se desejar, um toca-discos est\u00e1 \u00e0 disposi\u00e7\u00e3o para matar as saudades.<\/p>\n<p><strong>Estrat\u00e9gia <\/strong><\/p>\n<p>Esse detalhe de n\u00e3o catalogar os LPs \u00e9 proposital. Porque, procurando o que deseja, o visitante se depara com produ\u00e7\u00f5es que v\u00e3o lhe trazer outras lembran\u00e7as e sugerir um bom papo sobre os tempos daquela produ\u00e7\u00e3o, o autor, o mundo em que viv\u00edamos, a tecnologia de ent\u00e3o&#8230; pura saudade.<\/p>\n<p><a href=\"https:\/\/memoriadaculturaesportebsb.com.br\/wp-content\/uploads\/2025\/06\/careca5.jpg\"><img loading=\"lazy\" decoding=\"async\" class=\"alignright size-medium wp-image-3230\" src=\"https:\/\/memoriadaculturaesportebsb.com.br\/wp-content\/uploads\/2025\/06\/careca5-200x300.jpg\" alt=\"\" width=\"200\" height=\"300\" srcset=\"https:\/\/memoriadaculturaesportebsb.com.br\/wp-content\/uploads\/2025\/06\/careca5-200x300.jpg 200w, https:\/\/memoriadaculturaesportebsb.com.br\/wp-content\/uploads\/2025\/06\/careca5.jpg 480w\" sizes=\"auto, (max-width: 200px) 100vw, 200px\" \/><\/a>Foi nessa busca aleat\u00f3ria que o carnavalesco H\u00e9lio Tremendani (foto), ex-presidente da Aruc e parceiro de reportagens para a Mem\u00f3ria da Cultura e do Esporte, encontrou um de seus \u00e1lbuns favoritos, \u201cInimit\u00e1vel\u201d, de Roberto Carlos. \u201cPara mim, \u00e9 o melhor de todos os \u00e1lbuns dele\u201d, disse H\u00e9lio.<\/p>\n<p>Lan\u00e7ado em 1968, esse LP marca a mudan\u00e7a de estilo do cantor, afastando-se da Jovem Guarda e abra\u00e7ando o romantismo que o consagrou como \u201cRei\u201d da m\u00fasica brasileira. \u201cSe Voc\u00ea Pensa\u201d, \u201cCi\u00fame de Voc\u00ea\u201d, \u201cAs can\u00e7\u00f5es Que Voc\u00ea Fez Pra Mim\u201d e \u201cEu te Amo\u201d est\u00e3o nas faixas desse memor\u00e1vel LP.<\/p>\n<p>Para justificar tanto interesse pelo Museu do Vinil, Careca tem bom argumento. Ele cita o exemplo da bicicleta, que teve o seu fim decretado quando surgiram as motos e os carros, mas est\u00e3o a\u00ed at\u00e9 hoje. \u201cDa mesma forma o vinil, sempre vir\u00e1 algu\u00e9m buscar por essas rel\u00edquias\u201d, diz ele.<\/p>\n<p>O projeto do Museu do Vinil poderia estar num est\u00e1gio mais avan\u00e7ado para receber visitantes com estrutura mais adequada, com maior n\u00famero de toca-discos, por exemplo. Mas os recursos p\u00fablicos destinados atrav\u00e9s de outra entidade parceira nunca chegaram ao seu destino. Careca at\u00e9 j\u00e1 reclamou junto \u00e0 Secretaria de Cultura do Distrito Federal, mas ainda n\u00e3o recebeu resposta.<\/p>\n<p><strong>Muito valor<\/strong><\/p>\n<p>Para mim, al\u00e9m das m\u00fasicas que guardam, os discos com uma assinatura, com dedicat\u00f3rias, com umas declara\u00e7\u00f5es de amor t\u00eam mais valor. Olha s\u00f3 o tamanho de uma hist\u00f3ria dessas quando um disco assim vem parar aqui. Tenho um vinil do Geraldo Azevedo em que Jamili assinou uma dedicat\u00f3ria para a irm\u00e3, Juliana, que diz assim:<\/p>\n<p style=\"text-align: center;\"><strong><em>\u201cApesar de tudo, te amo demais. <\/em><\/strong><\/p>\n<p style=\"text-align: center;\"><strong><em>Posso n\u00e3o demonstrar, mas amo.<\/em><\/strong><\/p>\n<p style=\"text-align: center;\"><strong><em>\u00a0Feliz Natal e pr\u00f3spero Ano Novo\u201d<\/em><\/strong><\/p>\n<p><strong>Curtindo um bom som<\/strong><\/p>\n<p>\u201cNa modernidade de hoje, o ser humano faz um play list e finge que gosta de m\u00fasica. No Museu a ideia n\u00e3o \u00e9 s\u00f3 ouvir, \u00e9 curtir, procurar o LP, colocar no toca-discos, reunir amigos, ouvir, comentar sobre determinada faixa, falar sobre aqueles tempos\u201d&#8230; De fato, para muitos isso ainda \u00e9 um prazer de boas lembran\u00e7as.<\/p>\n<p><a href=\"https:\/\/memoriadaculturaesportebsb.com.br\/wp-content\/uploads\/2025\/06\/careca6.jpg\"><img loading=\"lazy\" decoding=\"async\" class=\"alignleft size-medium wp-image-3231\" src=\"https:\/\/memoriadaculturaesportebsb.com.br\/wp-content\/uploads\/2025\/06\/careca6-211x300.jpg\" alt=\"\" width=\"211\" height=\"300\" srcset=\"https:\/\/memoriadaculturaesportebsb.com.br\/wp-content\/uploads\/2025\/06\/careca6-211x300.jpg 211w, https:\/\/memoriadaculturaesportebsb.com.br\/wp-content\/uploads\/2025\/06\/careca6.jpg 551w\" sizes=\"auto, (max-width: 211px) 100vw, 211px\" \/><\/a>\u201cTenho muitos discos repetidos, mas n\u00e3o est\u00e3o \u00e0 venda. Por\u00e9m, troco por CDs, quero criar, tamb\u00e9m, o Museu do CD\u201d, diz S\u00e9rgio Careca.<\/p>\n<p>Mas poderia vender, n\u00e3o?<\/p>\n<p>\u201cOs discos s\u00e3o mais ou menos com os livros, se h\u00e1 duplicatas, precisamos que circulem entre pessoas que curtem. O educador Paulo Freire doava os livros depois de ler, para que circulassem entre novos leitores. Sua biblioteca tinha cinco ou seis livros. O mesmo eu quero fazer com os discos LPs\u201d, explicou Careca. \u201cEles precisam circular\u201d<\/p>\n<p><strong>Argumentos<\/strong><\/p>\n<p>Nessa conversa, H\u00e9lio Tremendani lembrou de outros argumentos que valorizam a guarda do vinil e cita a composi\u00e7\u00e3o \u201c<em>Trocando em Mi\u00fados<\/em>\u201d, de Chico Buarque. Nela, o autor destaca, logo no primeiro verso, sobre o qu\u00ea lhe interessava numa certa separa\u00e7\u00e3o amorosa que teve:<\/p>\n<p style=\"text-align: center;\"><strong><em>&#8230; \u201cMas fico com o disco do Pixinguinha, sim<br \/>\nO resto \u00e9 seu\u201d&#8230;<\/em><\/strong><\/p>\n<p>Est\u00e1 a\u00ed, no valioso cancioneiro, a valoriza\u00e7\u00e3o do vinil; nada mais lhe interessava se n\u00e3o o disco de outro poeta, Pixinguinha. O restante, nada tinha mais valor.<\/p>\n<p>\u00c9 nesse contexto da valoriza\u00e7\u00e3o da arte e da cultura que S\u00e9rgio Careca quer trabalhar e j\u00e1 encontra parceiros que o aplaudem.<\/p>\n<blockquote><p><strong><em>Inacredit\u00e1vel, mas num mundo de tanto consumo e anseios pelo pagamento da presta\u00e7\u00e3o de servi\u00e7os, do lazer, no Museu do Vinil n\u00e3o precisa pagar para pesquisar, mas deixar algo em troca, mesmo que seja a ideia para uma parceria, a disposi\u00e7\u00e3o para plantar \u00e1rvores&#8230;<\/em><\/strong><\/p><\/blockquote>\n<p><strong>Interc\u00e2mbio<\/strong><\/p>\n<p>Careca \u00e9 um incentivador de interc\u00e2mbios, da arte e da cultura. Busca dar apoio a iniciativas pouco divulgadas, como a dos \u00edndios que habitam o Cerrado pr\u00f3ximo, para que valorizem mais suas produ\u00e7\u00f5es artesanais. Apoiou, tamb\u00e9m, grupos de LGBTQIA+, mas por ser h\u00e9tero, foi afastado da comunidade. Os l\u00edderes do movimentam negam at\u00e9 o cumprimento, algo que o entristece, mas n\u00e3o desanima em seus projetos.<\/p>\n<p><a href=\"https:\/\/memoriadaculturaesportebsb.com.br\/wp-content\/uploads\/2025\/06\/careca7.jpg\"><img loading=\"lazy\" decoding=\"async\" class=\"alignleft size-medium wp-image-3232\" src=\"https:\/\/memoriadaculturaesportebsb.com.br\/wp-content\/uploads\/2025\/06\/careca7-235x300.jpg\" alt=\"\" width=\"235\" height=\"300\" srcset=\"https:\/\/memoriadaculturaesportebsb.com.br\/wp-content\/uploads\/2025\/06\/careca7-235x300.jpg 235w, https:\/\/memoriadaculturaesportebsb.com.br\/wp-content\/uploads\/2025\/06\/careca7.jpg 455w\" sizes=\"auto, (max-width: 235px) 100vw, 235px\" \/><\/a>\u201cComecei a trabalhar com a cultura em 2010, com projetos sociais de grupos negros, \u00edndios e LGBTQIA+\u201d, lembrou. E se orgulha de ter dado o primeiro cavaquinho para o amigo Valerinho Xavier (foto), um dos mais prestigiados cavaquinista da nova gera\u00e7\u00e3o brasiliense.<\/p>\n<p>A amizade dos dois se mant\u00e9m e \u00e9 no est\u00fadio que Careca criou na Vila Marianna que Valerinho grava as suas produ\u00e7\u00f5es.<\/p>\n<p>Aos 42 anos, Valerinho \u00e9 um artista do canto e da percuss\u00e3o. A entrevista dele para a Mem\u00f3ria da Cultura e do Esporte e Bras\u00edlia, est\u00e1 neste link:<\/p>\n<p><a href=\"https:\/\/memoriadaculturaesportebsb.com.br\/index.php\/2024\/03\/03\/heranca-de-familia-valerinho-o-mestre-da-musica\/\"><strong><em>https:\/\/memoriadaculturaesportebsb.com.br\/index.php\/2024\/03\/03\/heranca-de-familia-valerinho-o-mestre-da-musica\/<\/em><\/strong><\/a><\/p>\n<p><strong>Em resumo<\/strong><\/p>\n<p>Aos 60 anos, Careca \u00e9 um idealista com mil e uma ideias que vai executando na medida em que surgem parceiros. Na conversa, ficou claro que ele faz o que gosta e isso fica claro nas palavras dele, na despedida:<\/p>\n<p><strong>\u201cAo cuidar dos vinis, aprender a ouvir m\u00fasica e a conviver com a natureza, a minha vida melhorou muito. Estou rindo mais, que chato, n\u00e9? <\/strong><\/p>\n<p><strong>Quatro anos que estou aqui, n\u00e3o tenho TV. \u00c0 noite, fa\u00e7o uma pequena fogueira, tomo um vinho e escuto a m\u00fasica da natureza: um grilo, um sapo, o c\u00f3rrego com a cachoeira&#8230; A m\u00fasica da floresta \u00e9 \u00f3tima para se esquecer de tudo.<\/strong><\/p>\n<p><strong> <a href=\"https:\/\/memoriadaculturaesportebsb.com.br\/wp-content\/uploads\/2025\/06\/careca8.jpg\"><img loading=\"lazy\" decoding=\"async\" class=\"aligncenter size-full wp-image-3233\" src=\"https:\/\/memoriadaculturaesportebsb.com.br\/wp-content\/uploads\/2025\/06\/careca8.jpg\" alt=\"\" width=\"833\" height=\"576\" srcset=\"https:\/\/memoriadaculturaesportebsb.com.br\/wp-content\/uploads\/2025\/06\/careca8.jpg 833w, https:\/\/memoriadaculturaesportebsb.com.br\/wp-content\/uploads\/2025\/06\/careca8-300x207.jpg 300w, https:\/\/memoriadaculturaesportebsb.com.br\/wp-content\/uploads\/2025\/06\/careca8-768x531.jpg 768w, https:\/\/memoriadaculturaesportebsb.com.br\/wp-content\/uploads\/2025\/06\/careca8-110x75.jpg 110w\" sizes=\"auto, (max-width: 833px) 100vw, 833px\" \/><\/a><\/strong><\/p>\n<p><strong>H\u00e9lio Tremendani, S\u00e9rgio Careca e Jos\u00e9 Cruz:\u00a0<\/strong><strong>entrevista, m\u00fasica e muita natureza<\/strong><\/p>\n","protected":false},"excerpt":{"rendered":"<p>Por H\u00e9lio Tremendani e Jos\u00e9 Cruz S\u00e9rgio Careca (foto) \u00e9 um idealista, antes de tudo. Formado em Educa\u00e7\u00e3o F\u00edsica pela Escola Dom Bosco, a primeira do g\u00eanero, em Bras\u00edlia, ele n\u00e3o \u00e9 um personal trainer; \u00e9 empres\u00e1rio que curte a natureza, gosta de fazer amizades e cuidar de uma preciosa cole\u00e7\u00e3o de 20.000 discos LPs. &hellip;<\/p>\n","protected":false},"author":2,"featured_media":0,"comment_status":"closed","ping_status":"closed","sticky":false,"template":"","format":"standard","meta":{"footnotes":""},"categories":[13,2,3,6,16,14],"tags":[],"class_list":["post-3225","post","type-post","status-publish","format-standard","","category-colunistas","category-cultura","category-destaque","category-entrevistas","category-helio-tremendani","category-jose-cruz"],"_links":{"self":[{"href":"https:\/\/memoriadaculturaesportebsb.com.br\/index.php\/wp-json\/wp\/v2\/posts\/3225","targetHints":{"allow":["GET"]}}],"collection":[{"href":"https:\/\/memoriadaculturaesportebsb.com.br\/index.php\/wp-json\/wp\/v2\/posts"}],"about":[{"href":"https:\/\/memoriadaculturaesportebsb.com.br\/index.php\/wp-json\/wp\/v2\/types\/post"}],"author":[{"embeddable":true,"href":"https:\/\/memoriadaculturaesportebsb.com.br\/index.php\/wp-json\/wp\/v2\/users\/2"}],"replies":[{"embeddable":true,"href":"https:\/\/memoriadaculturaesportebsb.com.br\/index.php\/wp-json\/wp\/v2\/comments?post=3225"}],"version-history":[{"count":3,"href":"https:\/\/memoriadaculturaesportebsb.com.br\/index.php\/wp-json\/wp\/v2\/posts\/3225\/revisions"}],"predecessor-version":[{"id":3236,"href":"https:\/\/memoriadaculturaesportebsb.com.br\/index.php\/wp-json\/wp\/v2\/posts\/3225\/revisions\/3236"}],"wp:attachment":[{"href":"https:\/\/memoriadaculturaesportebsb.com.br\/index.php\/wp-json\/wp\/v2\/media?parent=3225"}],"wp:term":[{"taxonomy":"category","embeddable":true,"href":"https:\/\/memoriadaculturaesportebsb.com.br\/index.php\/wp-json\/wp\/v2\/categories?post=3225"},{"taxonomy":"post_tag","embeddable":true,"href":"https:\/\/memoriadaculturaesportebsb.com.br\/index.php\/wp-json\/wp\/v2\/tags?post=3225"}],"curies":[{"name":"wp","href":"https:\/\/api.w.org\/{rel}","templated":true}]}}