{"id":3214,"date":"2025-06-20T13:56:20","date_gmt":"2025-06-20T16:56:20","guid":{"rendered":"https:\/\/memoriadaculturaesportebsb.com.br\/?p=3214"},"modified":"2025-06-20T14:00:42","modified_gmt":"2025-06-20T17:00:42","slug":"nossa-sentida-homenagem-ao-querido-vareta","status":"publish","type":"post","link":"https:\/\/memoriadaculturaesportebsb.com.br\/index.php\/2025\/06\/20\/nossa-sentida-homenagem-ao-querido-vareta\/","title":{"rendered":"Nossa sentida homenagem ao querido Vareta"},"content":{"rendered":"<p><strong>Welington Campos<\/strong><\/p>\n<p>(1956 \u2013 2025)<\/p>\n<p>A comunidade do Cruzeiro, em geral, e da Aruc, em especial, est\u00e3o tristes. Morreu no dia 9 de junho, o nosso querido e sempre alegre carnavalesco Vareta, nome art\u00edstico de Welington Campos.<\/p>\n<figure id=\"attachment_3216\" aria-describedby=\"caption-attachment-3216\" style=\"width: 960px\" class=\"wp-caption aligncenter\"><a href=\"https:\/\/memoriadaculturaesportebsb.com.br\/wp-content\/uploads\/2025\/06\/WhatsApp-Image-2025-06-14-at-18.38.38.jpeg\"><img loading=\"lazy\" decoding=\"async\" class=\"wp-image-3216 size-full\" src=\"https:\/\/memoriadaculturaesportebsb.com.br\/wp-content\/uploads\/2025\/06\/WhatsApp-Image-2025-06-14-at-18.38.38.jpeg\" alt=\"\" width=\"960\" height=\"720\" srcset=\"https:\/\/memoriadaculturaesportebsb.com.br\/wp-content\/uploads\/2025\/06\/WhatsApp-Image-2025-06-14-at-18.38.38.jpeg 960w, https:\/\/memoriadaculturaesportebsb.com.br\/wp-content\/uploads\/2025\/06\/WhatsApp-Image-2025-06-14-at-18.38.38-300x225.jpeg 300w, https:\/\/memoriadaculturaesportebsb.com.br\/wp-content\/uploads\/2025\/06\/WhatsApp-Image-2025-06-14-at-18.38.38-768x576.jpeg 768w\" sizes=\"auto, (max-width: 960px) 100vw, 960px\" \/><\/a><figcaption id=\"caption-attachment-3216\" class=\"wp-caption-text\">Vareta e Lecy Brand\u00e3o<br \/>Show na Aruc 2012<\/figcaption><\/figure>\n<p>Intimamente vinculado \u00e0 nossa Associa\u00e7\u00e3o, Vareta deixa um sil\u00eancio enorme na quadra do Samba e na Comunidade. Ele foi um dos milhares de pioneiros em Bras\u00edlia, trazendo do Rio de Janeiro o esp\u00edrito carnavalesco de duas tradicionais escolas, a Unidos de Padre Miguel e a Mocidade Independente de Padre Miguel, que t\u00eam suas sedes na regi\u00e3o onde nosso Carnavalesco nasceu.<\/p>\n<figure id=\"attachment_3217\" aria-describedby=\"caption-attachment-3217\" style=\"width: 875px\" class=\"wp-caption aligncenter\"><a href=\"https:\/\/memoriadaculturaesportebsb.com.br\/wp-content\/uploads\/2025\/06\/WhatsApp-Image-2025-06-14-at-18.39.58.jpeg\"><img loading=\"lazy\" decoding=\"async\" class=\"wp-image-3217 size-full\" src=\"https:\/\/memoriadaculturaesportebsb.com.br\/wp-content\/uploads\/2025\/06\/WhatsApp-Image-2025-06-14-at-18.39.58.jpeg\" alt=\"\" width=\"875\" height=\"579\" srcset=\"https:\/\/memoriadaculturaesportebsb.com.br\/wp-content\/uploads\/2025\/06\/WhatsApp-Image-2025-06-14-at-18.39.58.jpeg 875w, https:\/\/memoriadaculturaesportebsb.com.br\/wp-content\/uploads\/2025\/06\/WhatsApp-Image-2025-06-14-at-18.39.58-300x199.jpeg 300w, https:\/\/memoriadaculturaesportebsb.com.br\/wp-content\/uploads\/2025\/06\/WhatsApp-Image-2025-06-14-at-18.39.58-768x508.jpeg 768w, https:\/\/memoriadaculturaesportebsb.com.br\/wp-content\/uploads\/2025\/06\/WhatsApp-Image-2025-06-14-at-18.39.58-310x205.jpeg 310w\" sizes=\"auto, (max-width: 875px) 100vw, 875px\" \/><\/a><figcaption id=\"caption-attachment-3217\" class=\"wp-caption-text\">Vareta e o filho Renato<\/figcaption><\/figure>\n<p>Fica registrado o nosso agradecimento e reconhecimento eternos pelas inestim\u00e1veis contribui\u00e7\u00f5es participativas de Vareta em todas as iniciativas da Aruc, sempre na tentativa de fortalecer o nosso Carnaval e pela valoriza\u00e7\u00e3o do Samba. Nesse sentido, republicamos a recente entrevista que ele concedeu \u00e0 <strong><a href=\"https:\/\/memoriadaculturaesportebsb.com.br\/index.php\/2025\/02\/17\/as-alegrias-de-vareta-e-a-tristeza-um-carnavalesco\/\">Mem\u00f3ria da Cultura e do Esporte em Bras\u00edlia<\/a><\/strong>.<\/p>\n<p><a href=\"https:\/\/memoriadaculturaesportebsb.com.br\/wp-content\/uploads\/2025\/06\/WhatsApp-Image-2025-06-14-at-18.41.30.jpeg\"><img loading=\"lazy\" decoding=\"async\" class=\"aligncenter size-full wp-image-3222\" src=\"https:\/\/memoriadaculturaesportebsb.com.br\/wp-content\/uploads\/2025\/06\/WhatsApp-Image-2025-06-14-at-18.41.30.jpeg\" alt=\"\" width=\"448\" height=\"709\" srcset=\"https:\/\/memoriadaculturaesportebsb.com.br\/wp-content\/uploads\/2025\/06\/WhatsApp-Image-2025-06-14-at-18.41.30.jpeg 448w, https:\/\/memoriadaculturaesportebsb.com.br\/wp-content\/uploads\/2025\/06\/WhatsApp-Image-2025-06-14-at-18.41.30-190x300.jpeg 190w\" sizes=\"auto, (max-width: 448px) 100vw, 448px\" \/><\/a><\/p>\n","protected":false},"excerpt":{"rendered":"<p>Welington Campos (1956 \u2013 2025) A comunidade do Cruzeiro, em geral, e da Aruc, em especial, est\u00e3o tristes. Morreu no dia 9 de junho, o nosso querido e sempre alegre carnavalesco Vareta, nome art\u00edstico de Welington Campos. Intimamente vinculado \u00e0 nossa Associa\u00e7\u00e3o, Vareta deixa um sil\u00eancio enorme na quadra do Samba e na Comunidade. Ele &hellip;<\/p>\n","protected":false},"author":2,"featured_media":3218,"comment_status":"closed","ping_status":"closed","sticky":false,"template":"","format":"standard","meta":{"footnotes":""},"categories":[13,2],"tags":[],"class_list":["post-3214","post","type-post","status-publish","format-standard","has-post-thumbnail","","category-colunistas","category-cultura"],"_links":{"self":[{"href":"https:\/\/memoriadaculturaesportebsb.com.br\/index.php\/wp-json\/wp\/v2\/posts\/3214","targetHints":{"allow":["GET"]}}],"collection":[{"href":"https:\/\/memoriadaculturaesportebsb.com.br\/index.php\/wp-json\/wp\/v2\/posts"}],"about":[{"href":"https:\/\/memoriadaculturaesportebsb.com.br\/index.php\/wp-json\/wp\/v2\/types\/post"}],"author":[{"embeddable":true,"href":"https:\/\/memoriadaculturaesportebsb.com.br\/index.php\/wp-json\/wp\/v2\/users\/2"}],"replies":[{"embeddable":true,"href":"https:\/\/memoriadaculturaesportebsb.com.br\/index.php\/wp-json\/wp\/v2\/comments?post=3214"}],"version-history":[{"count":5,"href":"https:\/\/memoriadaculturaesportebsb.com.br\/index.php\/wp-json\/wp\/v2\/posts\/3214\/revisions"}],"predecessor-version":[{"id":3223,"href":"https:\/\/memoriadaculturaesportebsb.com.br\/index.php\/wp-json\/wp\/v2\/posts\/3214\/revisions\/3223"}],"wp:featuredmedia":[{"embeddable":true,"href":"https:\/\/memoriadaculturaesportebsb.com.br\/index.php\/wp-json\/wp\/v2\/media\/3218"}],"wp:attachment":[{"href":"https:\/\/memoriadaculturaesportebsb.com.br\/index.php\/wp-json\/wp\/v2\/media?parent=3214"}],"wp:term":[{"taxonomy":"category","embeddable":true,"href":"https:\/\/memoriadaculturaesportebsb.com.br\/index.php\/wp-json\/wp\/v2\/categories?post=3214"},{"taxonomy":"post_tag","embeddable":true,"href":"https:\/\/memoriadaculturaesportebsb.com.br\/index.php\/wp-json\/wp\/v2\/tags?post=3214"}],"curies":[{"name":"wp","href":"https:\/\/api.w.org\/{rel}","templated":true}]}}