{"id":3207,"date":"2025-06-14T17:49:55","date_gmt":"2025-06-14T20:49:55","guid":{"rendered":"https:\/\/memoriadaculturaesportebsb.com.br\/?p=3207"},"modified":"2025-06-14T17:50:34","modified_gmt":"2025-06-14T20:50:34","slug":"um-mestre-formador-de-talentos-no-handebol","status":"publish","type":"post","link":"https:\/\/memoriadaculturaesportebsb.com.br\/index.php\/2025\/06\/14\/um-mestre-formador-de-talentos-no-handebol\/","title":{"rendered":"Um Mestre formador de\u00a0talentos no handebol"},"content":{"rendered":"<p><strong>Por Jos\u00e9 Cruz\u00a0\u00a0\u00a0\u00a0\u00a0\u00a0\u00a0\u00a0\u00a0\u00a0\u00a0\u00a0\u00a0 <\/strong><\/p>\n<p><a href=\"https:\/\/memoriadaculturaesportebsb.com.br\/wp-content\/uploads\/2025\/06\/valdeci1.jpg\"><img loading=\"lazy\" decoding=\"async\" class=\"alignright size-medium wp-image-3208\" src=\"https:\/\/memoriadaculturaesportebsb.com.br\/wp-content\/uploads\/2025\/06\/valdeci1-169x300.jpg\" alt=\"\" width=\"169\" height=\"300\" srcset=\"https:\/\/memoriadaculturaesportebsb.com.br\/wp-content\/uploads\/2025\/06\/valdeci1-169x300.jpg 169w, https:\/\/memoriadaculturaesportebsb.com.br\/wp-content\/uploads\/2025\/06\/valdeci1.jpg 202w\" sizes=\"auto, (max-width: 169px) 100vw, 169px\" \/><\/a>Numa manh\u00e3 muito fria e no anonimato de uma quadra esportiva na Ceil\u00e2ndia, no Distrito Federal, Valdeci Morais Santos exerce a sua profiss\u00e3o a c\u00e9u aberto e com apego profissional, de professor e t\u00e9cnico, incomum.<\/p>\n<p>H\u00e1 32 anos ele ensina a pr\u00e1tica de handebol para estudantes da rede p\u00fablica de Bras\u00edlia, em aulas de duas horas, no contraturno escolar, tr\u00eas vezes por semana. Nessa rotina, Valdeci (foto ao lado) j\u00e1 viu mais de uma dezena de brasilienses se despedirem da fam\u00edlia para abra\u00e7ar a profissionaliza\u00e7\u00e3o dessa modalidade ol\u00edmpica, amplamente praticada nas escolas brasileiras, mas, sobremaneira valorizada profissionalmente no calend\u00e1rio esportivo da Europa, destino de muitos brasileiros, atra\u00eddos por \u00f3timos sal\u00e1rios.<\/p>\n<p><strong>Hist\u00f3ria<\/strong><\/p>\n<p>O handebol chegou ao Brasil na d\u00e9cada de 1930, com a vinda de milhares de alem\u00e3es, refugiados de guerra. Aos poucos, o jogo foi sendo absorvido pelos estudantes, em especial, no contexto das atividades f\u00edsicas nas escolas.<\/p>\n<p>Em Bras\u00edlia, o handebol cresceu intimamente vinculado aos Centros de Inicia\u00e7\u00e3o Desportiva (CIDs) onde se fixou como um dos esportes mais apreciados e praticados pelos alunos.<\/p>\n<p>Os CIDs, criados pelo Governo do Distrito Federal em 1980, s\u00e3o espa\u00e7os nas escolas da rede p\u00fablica que oferecem a estudantes, gratuitamente, a oportunidade de praticar diferentes modalidades esportivas, promovendo o conhecimento t\u00e9cnico e t\u00e1tico. \u00c9 num dos dois CIDs de Ceil\u00e2ndia que Valdeci trabalha, na Quadra Comunit\u00e1ria da \u00c1rea Especial da QNP 14.<\/p>\n<p><strong>Orgulho<\/strong><\/p>\n<p>\u201c\u00c9 aqui que estou desde 1999\u201d, diz Valdeci, orgulhoso do trabalho que realiza, enquanto dirige mais uma aula para 15 alunos, numa manh\u00e3 nublada no outono brasiliense.<\/p>\n<p><strong><em> <a href=\"https:\/\/memoriadaculturaesportebsb.com.br\/wp-content\/uploads\/2025\/06\/valdeci2.jpg\"><img loading=\"lazy\" decoding=\"async\" class=\"aligncenter size-full wp-image-3209\" src=\"https:\/\/memoriadaculturaesportebsb.com.br\/wp-content\/uploads\/2025\/06\/valdeci2.jpg\" alt=\"\" width=\"925\" height=\"699\" \/><\/a><\/em><\/strong><\/p>\n<blockquote><p><strong><em>\u201cO interessante \u00e9 que nesta quadra j\u00e1 vi muito aluno sair para jogar em outros estados e at\u00e9 no exterior. E os pr\u00f3prios pais que um dia foram meus alunos incentivam os filhos a virem treinar comigo. Isso acontece, tamb\u00e9m\u201d, diz Valdeci<\/em><\/strong><\/p><\/blockquote>\n<p><strong><em>\u00a0<\/em><\/strong><strong>Forma\u00e7\u00e3o<\/strong><\/p>\n<p>Formando na Faculdade Dom Bosco de Educa\u00e7\u00e3o F\u00edsica, a mais tradicional de Bras\u00edlia nesse segmento, Valdeci tem outro orgulho, o de ver prosperar os Centros de Inicia\u00e7\u00e3o Desportiva, pois s\u00e3o o ponto de partida para quem busca a profissionaliza\u00e7\u00e3o no esporte. No espa\u00e7o onde ele treina os seus alunos, tamb\u00e9m s\u00e3o realizadas atividades de v\u00f4lei e futsal. A escolha dos alunos pela modalidade \u00e9 espont\u00e2nea.<\/p>\n<p>Ex-atleta escolar, Valdeci come\u00e7ou na carreira de t\u00e9cnico quando fez est\u00e1gio universit\u00e1rio do Col\u00e9gio Leonardo da Vinci, uma das refer\u00eancias educacionais de Bras\u00edlia.<\/p>\n<p>\u201cAs atividades de handebol e a de outros esportes, atrav\u00e9s dos CIDs, t\u00eam o objetivo de inserir os alunos no contexto da pr\u00e1tica esportiva, al\u00e9m de socializ\u00e1-los e, para os que desejarem e tiverem aptid\u00e3o, come\u00e7ar no rendimento\u201d, explicou Valdeci.<\/p>\n<p>Nessa \u00faltima etapa, ou seja, os que optam pelo esporte de rendimento, exigir\u00e1 que o aluno se vincule a um clube e se torne federado. Seguindo o princ\u00edpio de que quanto maior a quantidade melhor para encontrar atletas com qualidade, Valdeci percorre as escolas p\u00fablicas da Ceil\u00e2ndia a cada in\u00edcio de ano letivo convidando os alunos para se integrarem \u00e0 pr\u00e1tica esportiva.<\/p>\n<p><a href=\"https:\/\/memoriadaculturaesportebsb.com.br\/wp-content\/uploads\/2025\/06\/valdeci3.jpg\"><img loading=\"lazy\" decoding=\"async\" class=\"aligncenter size-full wp-image-3210\" src=\"https:\/\/memoriadaculturaesportebsb.com.br\/wp-content\/uploads\/2025\/06\/valdeci3.jpg\" alt=\"\" width=\"875\" height=\"606\" srcset=\"https:\/\/memoriadaculturaesportebsb.com.br\/wp-content\/uploads\/2025\/06\/valdeci3.jpg 875w, https:\/\/memoriadaculturaesportebsb.com.br\/wp-content\/uploads\/2025\/06\/valdeci3-300x208.jpg 300w, https:\/\/memoriadaculturaesportebsb.com.br\/wp-content\/uploads\/2025\/06\/valdeci3-768x532.jpg 768w, https:\/\/memoriadaculturaesportebsb.com.br\/wp-content\/uploads\/2025\/06\/valdeci3-110x75.jpg 110w\" sizes=\"auto, (max-width: 875px) 100vw, 875px\" \/><\/a><\/p>\n<blockquote><p><strong><em>\u201cO resultado desse convite \u00e9 sempre muito bom, pois aparecem dezenas de alunos que se interessam pelo handebol\u201d, diz o professor e t\u00e9cnico Valdeci<\/em><\/strong><\/p><\/blockquote>\n<p><strong>Destaques<\/strong><\/p>\n<p>Foi nessa din\u00e2mica que v\u00e1rios alunos de Valdeci come\u00e7aram a disputar competi\u00e7\u00f5es nacionais, onde se destacaram e acabaram sendo contratados por clubes de outros estados e at\u00e9 do exterior. \u201cFoi o caso de Mateus Du\u00edlio, que atualmente joga por um clube de Portugal. O goleiro William, atualmente no Esporte Clube Pinheiros, tamb\u00e9m come\u00e7ou aqui em Ceil\u00e2ndia, comigo, nesta quadra\u201d, diz o t\u00e9cnico, orgulhoso de suas crias.<\/p>\n<p>Entre as mulheres, Yasmin, irm\u00e3 de Mateus Wiliam, foi contratada pelo S\u00e3o Caetano do Sul (SP); E Ana Carolina Gon\u00e7alves, atualmente num time de Crici\u00fama (SC), j\u00e1 disputou dois Campeonatos Mundiais, nas categorias J\u00fanior e Juvenil.<\/p>\n<p>\u201cQuando levamos um time daqui da Ceil\u00e2ndia para disputar uma competi\u00e7\u00e3o nacional \u00e9 a oportunidade de os melhores mostrarem suas qualidades. Paralelamente, converso com t\u00e9cnicos de outras cidades, trocamos ideias e informa\u00e7\u00f5es e \u00e9 assim que surgem os convites para que os nossos alunos se vinculem a uma agremia\u00e7\u00e3o com mais tradi\u00e7\u00e3o no handebol\u201d, explicou Valdeci, sobre a sa\u00edda de seus alunos para outros centros.<\/p>\n<p><strong>Surpresa<\/strong><\/p>\n<p><a href=\"https:\/\/memoriadaculturaesportebsb.com.br\/wp-content\/uploads\/2025\/06\/valdeci4.jpg\"><img loading=\"lazy\" decoding=\"async\" class=\"alignleft size-medium wp-image-3211\" src=\"https:\/\/memoriadaculturaesportebsb.com.br\/wp-content\/uploads\/2025\/06\/valdeci4-176x300.jpg\" alt=\"\" width=\"176\" height=\"300\" srcset=\"https:\/\/memoriadaculturaesportebsb.com.br\/wp-content\/uploads\/2025\/06\/valdeci4-176x300.jpg 176w, https:\/\/memoriadaculturaesportebsb.com.br\/wp-content\/uploads\/2025\/06\/valdeci4.jpg 474w\" sizes=\"auto, (max-width: 176px) 100vw, 176px\" \/><\/a>Enquanto contava sobre a \u201cexporta\u00e7\u00e3o de talentos\u201d surgidos no CID de Ceil\u00e2ndia, Valdeci foi surpreendido por uma visita. A ex-atleta brasiliense, Marina Sousa Leit\u00e3o (<em>na foto, com Valdeci<\/em>), aqui visitando os seus familiares, foi \u00e0 Quadra P\u00fablica da 14, onde aprendeu a jogar handebol, para visitar o seu primeiro Mestre. \u201cComecei aqui nesta quadra quando tinha 11 anos\u201d, disse ela. Valdeci ficou orgulhoso com a lembran\u00e7a da ex-aluna, atualmente se recuperando de uma les\u00e3o. Aos 29 anos, Marina est\u00e1 h\u00e1 10 anos jogando por um time de Campo Grande, no \/Rio de Janeiro, onde ela aproveita para estudar Educa\u00e7\u00e3o F\u00edsica.<\/p>\n<p>\u201cJ\u00e1 joguei em Cascavel, Paran\u00e1, por dois anos. Me ofereceram estudo em escola particular, moradia, academia etc. Depois, joguei em outros clubes e atualmente estou no da Universidade Rural, no estado do Rio de Janeiro\u201d, explicou.<\/p>\n<p><strong>Sem parar<\/strong><\/p>\n<p>Valdeci contou que j\u00e1 tem idade para se aposentar. Por\u00e9m, est\u00e1 sem planos para quando ficar com mais tempo, sem o compromisso de ir \u00e0 quadra, pr\u00e1tica que ele mant\u00e9m h\u00e1 26 anos. \u201cO que vou fazer quando essa rotina terminar? Ainda n\u00e3o tenho planos\u201d, confessa. \u201cE me sinto com muita disposi\u00e7\u00e3o para continuar a jornada. Por isso, quem quiser me encontrar pode vir aqui, meu recanto de refer\u00eancia\u201d, confessa.<\/p>\n<p>Fora desse espa\u00e7o, o t\u00e9cnico Valdeci comanda a equipe de handebol do Ceil\u00e2ndia Esporte Clube, tradicional agremia\u00e7\u00e3o de futebol da cidade, que tamb\u00e9m desenvolve projetos nos demais esportes ol\u00edmpicos.<\/p>\n<p><strong>A entrevista<\/strong><\/p>\n<p>A entrevista com Valdeci foi uma das pouqu\u00edssimas que fizemos fora de um ambiente fechado. No melhor estilo de uma aula pr\u00e1tica, Valdeci Moreira Santos recebeu a reportagem com muita disposi\u00e7\u00e3o e conversou durante mais de uma hora, enquanto orientava o treino de uma animada turma de handebol.<\/p>\n<p><a href=\"https:\/\/memoriadaculturaesportebsb.com.br\/wp-content\/uploads\/2025\/06\/valdeci5.jpg\"><img loading=\"lazy\" decoding=\"async\" class=\"alignleft size-medium wp-image-3212\" src=\"https:\/\/memoriadaculturaesportebsb.com.br\/wp-content\/uploads\/2025\/06\/valdeci5-300x225.jpg\" alt=\"\" width=\"300\" height=\"225\" srcset=\"https:\/\/memoriadaculturaesportebsb.com.br\/wp-content\/uploads\/2025\/06\/valdeci5-300x225.jpg 300w, https:\/\/memoriadaculturaesportebsb.com.br\/wp-content\/uploads\/2025\/06\/valdeci5-768x576.jpg 768w, https:\/\/memoriadaculturaesportebsb.com.br\/wp-content\/uploads\/2025\/06\/valdeci5.jpg 824w\" sizes=\"auto, (max-width: 300px) 100vw, 300px\" \/><\/a>O surpreendente nesse Professor, por\u00e9m, \u00e9 a sua disposi\u00e7\u00e3o para continuar trabalhando, mesmo j\u00e1 tendo idade para se aposentar. Comportamentos assim s\u00e3o excelentes, principalmente para quem lida com o esporte, com jovens e adolescentes. Quem ganha muito com isso, al\u00e9m a valoriza\u00e7\u00e3o da Escola, \u00e9 a sociedade, que deve ser grata ao exemplo desse verdadeiro Mestre da Educa\u00e7\u00e3o.<\/p>\n<p><em>Com certeza \u2013 e por m\u00e9rito \u2013 o Professor Valdeci Morais Santos \u00e9 exemplar na sua tarefa de Mestre, que se tornou t\u00e9cnico, contribuindo, pelo esporte, para a forma\u00e7\u00e3o do car\u00e1ter da nossa juventude. Por isso, ele merece integrar a Mem\u00f3ria da Cultura e do Esporte em Bras\u00edlia. Bem-vindo \u00e0 nossa galeria, Professor<\/em><em>.<\/em><\/p>\n<p>&nbsp;<\/p>\n<p>&nbsp;<\/p>\n","protected":false},"excerpt":{"rendered":"<p>Por Jos\u00e9 Cruz\u00a0\u00a0\u00a0\u00a0\u00a0\u00a0\u00a0\u00a0\u00a0\u00a0\u00a0\u00a0\u00a0 Numa manh\u00e3 muito fria e no anonimato de uma quadra esportiva na Ceil\u00e2ndia, no Distrito Federal, Valdeci Morais Santos exerce a sua profiss\u00e3o a c\u00e9u aberto e com apego profissional, de professor e t\u00e9cnico, incomum. H\u00e1 32 anos ele ensina a pr\u00e1tica de handebol para estudantes da rede p\u00fablica de Bras\u00edlia, em &hellip;<\/p>\n","protected":false},"author":2,"featured_media":3209,"comment_status":"closed","ping_status":"closed","sticky":false,"template":"","format":"standard","meta":{"footnotes":""},"categories":[13,3,6,4,14],"tags":[],"class_list":["post-3207","post","type-post","status-publish","format-standard","has-post-thumbnail","","category-colunistas","category-destaque","category-entrevistas","category-esporte","category-jose-cruz"],"_links":{"self":[{"href":"https:\/\/memoriadaculturaesportebsb.com.br\/index.php\/wp-json\/wp\/v2\/posts\/3207","targetHints":{"allow":["GET"]}}],"collection":[{"href":"https:\/\/memoriadaculturaesportebsb.com.br\/index.php\/wp-json\/wp\/v2\/posts"}],"about":[{"href":"https:\/\/memoriadaculturaesportebsb.com.br\/index.php\/wp-json\/wp\/v2\/types\/post"}],"author":[{"embeddable":true,"href":"https:\/\/memoriadaculturaesportebsb.com.br\/index.php\/wp-json\/wp\/v2\/users\/2"}],"replies":[{"embeddable":true,"href":"https:\/\/memoriadaculturaesportebsb.com.br\/index.php\/wp-json\/wp\/v2\/comments?post=3207"}],"version-history":[{"count":1,"href":"https:\/\/memoriadaculturaesportebsb.com.br\/index.php\/wp-json\/wp\/v2\/posts\/3207\/revisions"}],"predecessor-version":[{"id":3213,"href":"https:\/\/memoriadaculturaesportebsb.com.br\/index.php\/wp-json\/wp\/v2\/posts\/3207\/revisions\/3213"}],"wp:featuredmedia":[{"embeddable":true,"href":"https:\/\/memoriadaculturaesportebsb.com.br\/index.php\/wp-json\/wp\/v2\/media\/3209"}],"wp:attachment":[{"href":"https:\/\/memoriadaculturaesportebsb.com.br\/index.php\/wp-json\/wp\/v2\/media?parent=3207"}],"wp:term":[{"taxonomy":"category","embeddable":true,"href":"https:\/\/memoriadaculturaesportebsb.com.br\/index.php\/wp-json\/wp\/v2\/categories?post=3207"},{"taxonomy":"post_tag","embeddable":true,"href":"https:\/\/memoriadaculturaesportebsb.com.br\/index.php\/wp-json\/wp\/v2\/tags?post=3207"}],"curies":[{"name":"wp","href":"https:\/\/api.w.org\/{rel}","templated":true}]}}