{"id":3183,"date":"2025-06-02T10:41:01","date_gmt":"2025-06-02T13:41:01","guid":{"rendered":"https:\/\/memoriadaculturaesportebsb.com.br\/?p=3183"},"modified":"2025-06-02T10:49:28","modified_gmt":"2025-06-02T13:49:28","slug":"quando-eu-penso-no-futuro-nao-esqueco-o-meu-passado","status":"publish","type":"post","link":"https:\/\/memoriadaculturaesportebsb.com.br\/index.php\/2025\/06\/02\/quando-eu-penso-no-futuro-nao-esqueco-o-meu-passado\/","title":{"rendered":"Quando eu penso no futuro, n\u00e3o esque\u00e7o o meu passado"},"content":{"rendered":"<p><strong>Moacyr de Oliveira Filho (*)<\/strong><\/p>\n<p>Aproveitando o lan\u00e7amento do meu livro na Associa\u00e7\u00e3o Brasileira de Imprensa (ABI), no Rio de Janeiro, no dia 26 de maio, consegui resgatar uma preciosidade nos arquivos da entidade: o registro funcional de um certo Hildemar Diniz, que foi office boy da ABI, em 1947, aos 16 anos de idade, ganhando, na \u00e9poca, um sal\u00e1rio de 450 cruzeiros mensais.<\/p>\n<p><a href=\"https:\/\/memoriadaculturaesportebsb.com.br\/wp-content\/uploads\/2025\/05\/moa1.jpg\"><img loading=\"lazy\" decoding=\"async\" class=\"aligncenter size-medium wp-image-3184\" src=\"https:\/\/memoriadaculturaesportebsb.com.br\/wp-content\/uploads\/2025\/05\/moa1-220x300.jpg\" alt=\"\" width=\"220\" height=\"300\" srcset=\"https:\/\/memoriadaculturaesportebsb.com.br\/wp-content\/uploads\/2025\/05\/moa1-220x300.jpg 220w, https:\/\/memoriadaculturaesportebsb.com.br\/wp-content\/uploads\/2025\/05\/moa1.jpg 403w\" sizes=\"auto, (max-width: 220px) 100vw, 220px\" \/><\/a><\/p>\n<p>Para quem n\u00e3o sabe, Hildemar Diniz \u00e9 o nome de batismo do inesquec\u00edvel Mestre Monarco, da Velha Guarda da Portela, falecido em dezembro de 2021.<\/p>\n<p>Monarco tinha um orgulho de ter sido office boy da ABI, visitava com frequ\u00eancia a sede da entidade, na Rua Ara\u00fajo Porto Alegre, 71, no Centro do Rio de Janeiro, e gostava de contar que escovava a mesa de sinuca do 11\u00ba andar para o maestro Heitor Villa Lobos jogar. Reza a lenda que um dia, o presidente da ABI, na \u00e9poca, Herbert Moses, pegou o jovem Hildemar cantando um samba e dan\u00e7ando com uma vassoura, e o demitiu. Mas foi convencido a voltar atr\u00e1s.<\/p>\n<p><a href=\"https:\/\/memoriadaculturaesportebsb.com.br\/wp-content\/uploads\/2025\/05\/moa2.jpg\"><img loading=\"lazy\" decoding=\"async\" class=\"aligncenter size-full wp-image-3185\" src=\"https:\/\/memoriadaculturaesportebsb.com.br\/wp-content\/uploads\/2025\/05\/moa2.jpg\" alt=\"\" width=\"512\" height=\"333\" srcset=\"https:\/\/memoriadaculturaesportebsb.com.br\/wp-content\/uploads\/2025\/05\/moa2.jpg 512w, https:\/\/memoriadaculturaesportebsb.com.br\/wp-content\/uploads\/2025\/05\/moa2-300x195.jpg 300w\" sizes=\"auto, (max-width: 512px) 100vw, 512px\" \/><\/a><\/p>\n<p>Monarco est\u00e1 imortalizado na sede da ABI com um desenho, de autoria do cartunista Chico Caruso, carregando um estandarte, onde se l\u00ea: Monarco sa\u00fada a imprensa escrita, falada e televisada e pede passagem.<\/p>\n<p><a href=\"https:\/\/memoriadaculturaesportebsb.com.br\/wp-content\/uploads\/2025\/05\/moa3.png\"><img loading=\"lazy\" decoding=\"async\" class=\"alignleft size-medium wp-image-3186\" src=\"https:\/\/memoriadaculturaesportebsb.com.br\/wp-content\/uploads\/2025\/05\/moa3-173x300.png\" alt=\"\" width=\"173\" height=\"300\" srcset=\"https:\/\/memoriadaculturaesportebsb.com.br\/wp-content\/uploads\/2025\/05\/moa3-173x300.png 173w, https:\/\/memoriadaculturaesportebsb.com.br\/wp-content\/uploads\/2025\/05\/moa3.png 475w\" sizes=\"auto, (max-width: 173px) 100vw, 173px\" \/><\/a>Em 2023, no dia 17 de agosto, quando Monarco faria 90 anos, a ABI foi palco de um show hist\u00f3rico, em sua homenagem, que lotou o audit\u00f3rio do 9\u00ba andar da sede da entidade.<\/p>\n<p>Organizado pelo ex-presidente da Portela e diretor cultural da Liesa e da Fenasamba, Luis Carlos Magalh\u00e3es; pela pesquisadora Mar\u00edlia Trindade Barbosa; pela vi\u00fava de Monarco, Olinda; por mim, representando a ABI, e por um grupo de amigos do compositor portelense, o show teve a dire\u00e7\u00e3o musical de Mauro Diniz, filho de Monarco, e Paul\u00e3o 7 Cordas, e contou com a participa\u00e7\u00e3o de v\u00e1rios artistas \u2013 Dunga, Nilze Carvalho, Dorina, Teresa Cristina, Mauro Diniz, Paul\u00e3o 7 Cordas, Eliane Farias, Marquinhos Diniz, Marquinhos de Oswaldo Cruz, Wanderley Monteiro, Samir Trindade, Leo Russo, T\u00e2nia Machado, Ernesto Pires, Iracema Monteiro, Pedro Paulo Malta, Jo\u00e3o Diniz, Paulinha Diniz, Fam\u00edlia Roitman, Sandro Cacha\u00e7a, Filhos da \u00c1guia, Unidos do Jacarezinho e a Velha Guarda da Portela. O show foi aberto pela filha de Paulinho da Viola, Eliane Faria, que leu um depoimento de Paulinho sobre Monarco. No encerramento do show, todos os artistas subiram ao palco para cantar Cora\u00e7\u00e3o em Desalinho, um dos grandes sucessos de Monarco, em parceria com Ratinho.<\/p>\n<p><a href=\"https:\/\/memoriadaculturaesportebsb.com.br\/wp-content\/uploads\/2025\/05\/moa4.jpg\"><img loading=\"lazy\" decoding=\"async\" class=\"aligncenter size-full wp-image-3187\" src=\"https:\/\/memoriadaculturaesportebsb.com.br\/wp-content\/uploads\/2025\/05\/moa4.jpg\" alt=\"\" width=\"466\" height=\"355\" srcset=\"https:\/\/memoriadaculturaesportebsb.com.br\/wp-content\/uploads\/2025\/05\/moa4.jpg 466w, https:\/\/memoriadaculturaesportebsb.com.br\/wp-content\/uploads\/2025\/05\/moa4-300x229.jpg 300w\" sizes=\"auto, (max-width: 466px) 100vw, 466px\" \/><\/a><\/p>\n<p>Quando mandei a foto do registro profissional de Monarco na ABI para seu filho, Mauro Diniz, ele ficou emocionado e n\u00e3o conteve as l\u00e1grimas.<\/p>\n<p>Eu tamb\u00e9m fiquei emocionado em resgatar essa raridade. Cuidar e preservar a mem\u00f3ria \u00e9 fundamental para escrever o futuro. Como diz o samba <em>Dan\u00e7a da Solid\u00e3o<\/em>, de Paulinho da Viola: \u201cQuando eu penso no futuro, n\u00e3o esque\u00e7o o meu passado\u201d.<\/p>\n<p>(*) jornalista, diretor de Jornalismo da ABI, ex-presidente da ARUC<\/p>\n","protected":false},"excerpt":{"rendered":"<p>Moacyr de Oliveira Filho (*) Aproveitando o lan\u00e7amento do meu livro na Associa\u00e7\u00e3o Brasileira de Imprensa (ABI), no Rio de Janeiro, no dia 26 de maio, consegui resgatar uma preciosidade nos arquivos da entidade: o registro funcional de um certo Hildemar Diniz, que foi office boy da ABI, em 1947, aos 16 anos de idade, &hellip;<\/p>\n","protected":false},"author":2,"featured_media":0,"comment_status":"closed","ping_status":"closed","sticky":false,"template":"","format":"standard","meta":{"footnotes":""},"categories":[13,2,3,17],"tags":[],"class_list":["post-3183","post","type-post","status-publish","format-standard","","category-colunistas","category-cultura","category-destaque","category-moacyr-oliveira-filho"],"_links":{"self":[{"href":"https:\/\/memoriadaculturaesportebsb.com.br\/index.php\/wp-json\/wp\/v2\/posts\/3183","targetHints":{"allow":["GET"]}}],"collection":[{"href":"https:\/\/memoriadaculturaesportebsb.com.br\/index.php\/wp-json\/wp\/v2\/posts"}],"about":[{"href":"https:\/\/memoriadaculturaesportebsb.com.br\/index.php\/wp-json\/wp\/v2\/types\/post"}],"author":[{"embeddable":true,"href":"https:\/\/memoriadaculturaesportebsb.com.br\/index.php\/wp-json\/wp\/v2\/users\/2"}],"replies":[{"embeddable":true,"href":"https:\/\/memoriadaculturaesportebsb.com.br\/index.php\/wp-json\/wp\/v2\/comments?post=3183"}],"version-history":[{"count":4,"href":"https:\/\/memoriadaculturaesportebsb.com.br\/index.php\/wp-json\/wp\/v2\/posts\/3183\/revisions"}],"predecessor-version":[{"id":3192,"href":"https:\/\/memoriadaculturaesportebsb.com.br\/index.php\/wp-json\/wp\/v2\/posts\/3183\/revisions\/3192"}],"wp:attachment":[{"href":"https:\/\/memoriadaculturaesportebsb.com.br\/index.php\/wp-json\/wp\/v2\/media?parent=3183"}],"wp:term":[{"taxonomy":"category","embeddable":true,"href":"https:\/\/memoriadaculturaesportebsb.com.br\/index.php\/wp-json\/wp\/v2\/categories?post=3183"},{"taxonomy":"post_tag","embeddable":true,"href":"https:\/\/memoriadaculturaesportebsb.com.br\/index.php\/wp-json\/wp\/v2\/tags?post=3183"}],"curies":[{"name":"wp","href":"https:\/\/api.w.org\/{rel}","templated":true}]}}