{"id":3167,"date":"2025-05-20T11:54:19","date_gmt":"2025-05-20T14:54:19","guid":{"rendered":"https:\/\/memoriadaculturaesportebsb.com.br\/?p=3167"},"modified":"2025-05-20T11:55:48","modified_gmt":"2025-05-20T14:55:48","slug":"brasilia-na-rota-dos-grandes-eventos","status":"publish","type":"post","link":"https:\/\/memoriadaculturaesportebsb.com.br\/index.php\/2025\/05\/20\/brasilia-na-rota-dos-grandes-eventos\/","title":{"rendered":"Bras\u00edlia na rota dos\u00a0grandes eventos"},"content":{"rendered":"<p><strong><em>Nos pr\u00f3ximos dois anos Bras\u00edlia integrar\u00e1 calend\u00e1rios internacionais de competi\u00e7\u00f5es esportivas sediando tr\u00eas grandes eventos nas modalidades de atletismo, handebol e futebol.<\/em><\/strong><\/p>\n<p><strong><em><a href=\"https:\/\/memoriadaculturaesportebsb.com.br\/wp-content\/uploads\/2025\/05\/Imagem1.jpg\"><img loading=\"lazy\" decoding=\"async\" class=\"alignright wp-image-3168 size-medium\" src=\"https:\/\/memoriadaculturaesportebsb.com.br\/wp-content\/uploads\/2025\/05\/Imagem1-300x166.jpg\" alt=\"\" width=\"300\" height=\"166\" srcset=\"https:\/\/memoriadaculturaesportebsb.com.br\/wp-content\/uploads\/2025\/05\/Imagem1-300x166.jpg 300w, https:\/\/memoriadaculturaesportebsb.com.br\/wp-content\/uploads\/2025\/05\/Imagem1.jpg 638w\" sizes=\"auto, (max-width: 300px) 100vw, 300px\" \/><\/a><\/em><\/strong>A temporada come\u00e7ar\u00e1 em abril de 2026, com o Campeonato Mundial de Marcha Atl\u00e9tica por equipes. A escolha da capital brasileira como sede superou as candidaturas de Samborond\u00f3n, no Equador, e de Vars\u00f3via, capital da Pol\u00f4nia, dois expoentes internacionais na modalidade.<\/p>\n<p>Al\u00e9m de ser uma cidade com \u00f3timos percursos, a competi\u00e7\u00e3o revela-se, sobretudo, uma homenagem ao marchador Caio Bonfim (foto), medalhista de prata nos Jogos Ol\u00edmpicos de Paris. Caio faz parte da escola de marchadores da cidade de Sobradinho, a 15Km do centro de Bras\u00edlia, dirigida pelo t\u00e9cnico Jo\u00e3o Sena, onde se destacam, tamb\u00e9m, Gabriela Muniz e Max Batista.<strong>\u00a0<\/strong><\/p>\n<p><strong>Handebol<\/strong><\/p>\n<p><a href=\"https:\/\/memoriadaculturaesportebsb.com.br\/wp-content\/uploads\/2025\/05\/Imagem2.jpg\"><img loading=\"lazy\" decoding=\"async\" class=\"alignleft size-medium wp-image-3169\" src=\"https:\/\/memoriadaculturaesportebsb.com.br\/wp-content\/uploads\/2025\/05\/Imagem2-300x247.jpg\" alt=\"\" width=\"300\" height=\"247\" srcset=\"https:\/\/memoriadaculturaesportebsb.com.br\/wp-content\/uploads\/2025\/05\/Imagem2-300x247.jpg 300w, https:\/\/memoriadaculturaesportebsb.com.br\/wp-content\/uploads\/2025\/05\/Imagem2.jpg 542w\" sizes=\"auto, (max-width: 300px) 100vw, 300px\" \/><\/a>O evento internacional seguinte em Bras\u00edlia ser\u00e1 a V Copa de Handebol Master, de 3 a 7 de setembro, com a participa\u00e7\u00e3o de 12 pa\u00edses das am\u00e9ricas.<\/p>\n<p>Em competi\u00e7\u00f5es de Sele\u00e7\u00f5es e por faixas et\u00e1rias, durante cinco dias, a V Copa Am\u00e9rica de Handebol reunir\u00e1 1.200 atletas, a maioria ex-profissionais.<\/p>\n<p>As informa\u00e7\u00f5es s\u00e3o de Ant\u00f4nio Carlos Falc\u00e3o, presidente da ONG Esporte Solid\u00e1rio, que integra a comiss\u00e3o organizadora da V Copa Am\u00e9rica de Handebol masculino.<\/p>\n<p>O gin\u00e1sio Nilson Nelson, o est\u00e1dio Man\u00e9 Garrincha e o Centro de Conven\u00e7\u00f5es ser\u00e3o os locais das competi\u00e7\u00f5es, segundo Falc\u00e3o. \u201cVale destacar, tamb\u00e9m, que se trata de uma\u00a0 \u00f3tima oportunidade para congregar atletas do Continente Americano que um dia estiveram em disputas profissionais de handebol\u201d, afirmou Falc\u00e3o, hoje integrado \u00e0 gest\u00e3o esportiva.<\/p>\n<p><strong>Lan\u00e7amento<\/strong><\/p>\n<p><a href=\"https:\/\/memoriadaculturaesportebsb.com.br\/wp-content\/uploads\/2025\/05\/Imagem3.jpg\"><img loading=\"lazy\" decoding=\"async\" class=\"alignright size-medium wp-image-3170\" src=\"https:\/\/memoriadaculturaesportebsb.com.br\/wp-content\/uploads\/2025\/05\/Imagem3-200x300.jpg\" alt=\"\" width=\"200\" height=\"300\" srcset=\"https:\/\/memoriadaculturaesportebsb.com.br\/wp-content\/uploads\/2025\/05\/Imagem3-200x300.jpg 200w, https:\/\/memoriadaculturaesportebsb.com.br\/wp-content\/uploads\/2025\/05\/Imagem3.jpg 403w\" sizes=\"auto, (max-width: 200px) 100vw, 200px\" \/><\/a>Em jantar que reuniu promotores, ex-atletas e dirigentes esportivos de Bras\u00edlia, a V Copa Am\u00e9rica de Handebol Master foi lan\u00e7ada oficialmente na cidade, inclusive com a presen\u00e7a da economista Venis Oliveira, da Econex Global Solu\u00e7\u00f5es, gestora de fundos e de neg\u00f3cios, investidora no evento.<\/p>\n<p><strong><em>V\u00eanis, na apresenta\u00e7\u00e3o da V Copa Am\u00e9rica de Handebol Master, durante jantar oferecido pelos organizadores, na Torre de TV <\/em><\/strong><\/p>\n<p><strong>Futebol<\/strong><\/p>\n<p>J\u00e1 no futebol, Bras\u00edlia foi escolhida como uma das oito sedes da Copa do Mundo de Futebol Feminino Fifa, a ser realizada em 2027. Os oito est\u00e1dios que receber\u00e3o evento do Mundial de Futebol s\u00e3o, al\u00e9m do Man\u00e9 Garrincha, na foto: Maracan\u00e3, Mineir\u00e3o, Fonte Nova, Arena Itaquera, Beira-Rio, Arena Pernambuco e Castel\u00e3o.<\/p>\n<p><a href=\"https:\/\/memoriadaculturaesportebsb.com.br\/wp-content\/uploads\/2025\/05\/Imagem4.jpg\"><img loading=\"lazy\" decoding=\"async\" class=\"aligncenter size-full wp-image-3171\" src=\"https:\/\/memoriadaculturaesportebsb.com.br\/wp-content\/uploads\/2025\/05\/Imagem4.jpg\" alt=\"\" width=\"296\" height=\"197\" \/><\/a><\/p>\n","protected":false},"excerpt":{"rendered":"<p>Nos pr\u00f3ximos dois anos Bras\u00edlia integrar\u00e1 calend\u00e1rios internacionais de competi\u00e7\u00f5es esportivas sediando tr\u00eas grandes eventos nas modalidades de atletismo, handebol e futebol. A temporada come\u00e7ar\u00e1 em abril de 2026, com o Campeonato Mundial de Marcha Atl\u00e9tica por equipes. A escolha da capital brasileira como sede superou as candidaturas de Samborond\u00f3n, no Equador, e de Vars\u00f3via, &hellip;<\/p>\n","protected":false},"author":2,"featured_media":0,"comment_status":"closed","ping_status":"closed","sticky":false,"template":"","format":"standard","meta":{"footnotes":""},"categories":[13,3,4,16,14],"tags":[],"class_list":["post-3167","post","type-post","status-publish","format-standard","","category-colunistas","category-destaque","category-esporte","category-helio-tremendani","category-jose-cruz"],"_links":{"self":[{"href":"https:\/\/memoriadaculturaesportebsb.com.br\/index.php\/wp-json\/wp\/v2\/posts\/3167","targetHints":{"allow":["GET"]}}],"collection":[{"href":"https:\/\/memoriadaculturaesportebsb.com.br\/index.php\/wp-json\/wp\/v2\/posts"}],"about":[{"href":"https:\/\/memoriadaculturaesportebsb.com.br\/index.php\/wp-json\/wp\/v2\/types\/post"}],"author":[{"embeddable":true,"href":"https:\/\/memoriadaculturaesportebsb.com.br\/index.php\/wp-json\/wp\/v2\/users\/2"}],"replies":[{"embeddable":true,"href":"https:\/\/memoriadaculturaesportebsb.com.br\/index.php\/wp-json\/wp\/v2\/comments?post=3167"}],"version-history":[{"count":1,"href":"https:\/\/memoriadaculturaesportebsb.com.br\/index.php\/wp-json\/wp\/v2\/posts\/3167\/revisions"}],"predecessor-version":[{"id":3173,"href":"https:\/\/memoriadaculturaesportebsb.com.br\/index.php\/wp-json\/wp\/v2\/posts\/3167\/revisions\/3173"}],"wp:attachment":[{"href":"https:\/\/memoriadaculturaesportebsb.com.br\/index.php\/wp-json\/wp\/v2\/media?parent=3167"}],"wp:term":[{"taxonomy":"category","embeddable":true,"href":"https:\/\/memoriadaculturaesportebsb.com.br\/index.php\/wp-json\/wp\/v2\/categories?post=3167"},{"taxonomy":"post_tag","embeddable":true,"href":"https:\/\/memoriadaculturaesportebsb.com.br\/index.php\/wp-json\/wp\/v2\/tags?post=3167"}],"curies":[{"name":"wp","href":"https:\/\/api.w.org\/{rel}","templated":true}]}}