{"id":3152,"date":"2025-04-20T18:50:38","date_gmt":"2025-04-20T21:50:38","guid":{"rendered":"https:\/\/memoriadaculturaesportebsb.com.br\/?p=3152"},"modified":"2025-04-20T18:50:38","modified_gmt":"2025-04-20T21:50:38","slug":"um-viva-a-nossa-querida-brasilia","status":"publish","type":"post","link":"https:\/\/memoriadaculturaesportebsb.com.br\/index.php\/2025\/04\/20\/um-viva-a-nossa-querida-brasilia\/","title":{"rendered":"Um viva \u00e0 nossa querida Bras\u00edlia"},"content":{"rendered":"<p class=\"s5\">Por <span class=\"s10\"><span class=\"bumpedFont15\">H\u00e9lio <\/span><\/span><span class=\"s10\"><span class=\"bumpedFont15\">Tremendani<\/span><\/span><span class=\"s10\"><span class=\"bumpedFont15\"> e Jos\u00e9 Cruz<\/span><\/span><\/p>\n<p class=\"s7\"><span class=\"s2\"><span class=\"bumpedFont15\"><a href=\"https:\/\/memoriadaculturaesportebsb.com.br\/wp-content\/uploads\/2025\/04\/IMG_9113.jpeg\"><img loading=\"lazy\" decoding=\"async\" class=\"alignleft size-full wp-image-3154\" src=\"https:\/\/memoriadaculturaesportebsb.com.br\/wp-content\/uploads\/2025\/04\/IMG_9113.jpeg\" alt=\"\" width=\"501\" height=\"1228\" srcset=\"https:\/\/memoriadaculturaesportebsb.com.br\/wp-content\/uploads\/2025\/04\/IMG_9113.jpeg 501w, https:\/\/memoriadaculturaesportebsb.com.br\/wp-content\/uploads\/2025\/04\/IMG_9113-122x300.jpeg 122w, https:\/\/memoriadaculturaesportebsb.com.br\/wp-content\/uploads\/2025\/04\/IMG_9113-418x1024.jpeg 418w\" sizes=\"auto, (max-width: 501px) 100vw, 501px\" \/><\/a>Desde a sua inaugura\u00e7\u00e3o, em 21 de abril de 1960, Bras\u00edlia se transformou em um s\u00edmbolo do modernismo e da inova\u00e7\u00e3o<\/span><\/span><span class=\"s2\"><span class=\"bumpedFont15\">; e<\/span><\/span><span class=\"s2\"><span class=\"bumpedFont15\">,<\/span><\/span> <span class=\"s2\"><span class=\"bumpedFont15\">acima de tudo, <\/span><\/span><span class=\"s2\"><span class=\"bumpedFont15\">revelou-se<\/span><\/span><span class=\"s2\"><span class=\"bumpedFont15\"> um ber\u00e7o f\u00e9rtil para a arte, a cultura e o esporte<\/span><\/span><span class=\"s2\"><span class=\"bumpedFont15\">em todos os seus segmentos. <\/span><\/span><\/p>\n<p class=\"s7\"><span class=\"s2\"><span class=\"bumpedFont15\">Os pioneiros que ergueram a cidade enfrentaram desafios imensos, mas trouxeram<\/span><\/span><span class=\"s2\"><span class=\"bumpedFont15\">, com <\/span><\/span><span class=\"s2\"><span class=\"bumpedFont15\">idealismo<\/span><\/span><span class=\"s2\"><span class=\"bumpedFont15\">, <\/span><\/span><span class=\"s2\"><span class=\"bumpedFont15\">uma vis\u00e3o que transcendeu as dificuldades. Arquitetos e urbanistas, como Oscar Niemeyer e L\u00facio Costa, moldaram a cidade com suas obras-primas que at\u00e9 hoje encantam visitantes e moradores<\/span><\/span><span class=\"s2\"><span class=\"bumpedFont15\"> do Brasil e do exterior.<\/span><\/span><\/p>\n<p class=\"s7\"><span class=\"s2\"><span class=\"bumpedFont15\">No entanto, s\u00e3o os cidad\u00e3os<\/span><\/span><span class=\"s2\"><span class=\"bumpedFont15\"> de todos os recantos do nosso Brasil <\/span><\/span><span class=\"s2\"><span class=\"bumpedFont15\">que aqui se instalaram nas origens da cidade, os pioneiros,<\/span><\/span><span class=\"s2\"><span class=\"bumpedFont15\"> que contribu\u00edram de forma vital para a constru\u00e7\u00e3o da identidade brasiliense.<\/span><\/span><\/p>\n<p class=\"s7\"><span class=\"s2\"><span class=\"bumpedFont15\">O esporte \u00e9 um dos campos onde essa identidade se expressa com for\u00e7a. Ao longo das d\u00e9cadas, filhos da cidade brilharam em competi\u00e7\u00f5es nacionais e internacionais<\/span><\/span><span class=\"s2\"><span class=\"bumpedFont15\">, a partir de <\/span><\/span><span class=\"s2\"><span class=\"bumpedFont15\">Joaquim Cruz<\/span><\/span><span class=\"s2\"><span class=\"bumpedFont15\">, por exemplo,<\/span><\/span><span class=\"s2\"><span class=\"bumpedFont15\"> que conquistou a primeira medalha de ouro ol\u00edmpica para a cidade<\/span><\/span><span class=\"s2\"><span class=\"bumpedFont15\">. Outros<\/span><\/span><span class=\"s2\"><span class=\"bumpedFont15\"> campe\u00f5es <\/span><\/span><span class=\"s2\"><span class=\"bumpedFont15\">e campe\u00e3s <\/span><\/span><span class=\"s2\"><span class=\"bumpedFont15\">se formaram em diferentes modalidades<\/span><\/span><span class=\"s2\"><span class=\"bumpedFont15\">, mostrando que Bras\u00edlia <\/span><\/span><span class=\"s2\"><span class=\"bumpedFont15\">\u00e9, tamb\u00e9m,<\/span><\/span><span class=\"s2\"><span class=\"bumpedFont15\"> uma pot\u00eancia em competi\u00e7\u00f5es de alto n\u00edvel.<\/span><\/span><\/p>\n<p class=\"s7\"><span class=\"s2\"><span class=\"bumpedFont15\">A diversidade cultural de Bras\u00edlia \u00e9 igualmente vibrante. A cidade se destaca como a capital nacional do rock, um t\u00edtulo que reflete sua rica cena musical. Bandas ic\u00f4nicas e novos talentos <\/span><\/span><span class=\"s2\"><span class=\"bumpedFont15\">s<\/span><\/span><span class=\"s2\"><span class=\"bumpedFont15\">urgiram e surgem<\/span><\/span><span class=\"s2\"><span class=\"bumpedFont15\">,<\/span><\/span> <span class=\"s2\"><span class=\"bumpedFont15\">consolidando <\/span><\/span><span class=\"s2\"><span class=\"bumpedFont15\">a Capital<\/span><\/span><span class=\"s2\"><span class=\"bumpedFont15\"> como um ber\u00e7o de criatividade e inova\u00e7\u00e3o. <\/span><\/span><\/p>\n<p class=\"s7\"><span class=\"s2\"><span class=\"bumpedFont15\">Ao lado do rock, os ritmos <\/span><\/span><span class=\"s2\"><span class=\"bumpedFont15\">como o <\/span><\/span><span class=\"s2\"><span class=\"bumpedFont15\">chorinho<\/span><\/span><span class=\"s2\"><span class=\"bumpedFont15\">, o <\/span><\/span><span class=\"s2\"><span class=\"bumpedFont15\">samba <\/span><\/span><span class=\"s2\"><span class=\"bumpedFont15\">e o canto regionalista que aqui se instalou <\/span><\/span><span class=\"s2\"><span class=\"bumpedFont15\">tamb\u00e9m fazem parte da alma da cidade. Festivais e <\/span><\/span><span class=\"s2\"><span class=\"bumpedFont15\">apresenta\u00e7\u00f5es frequentes no calend\u00e1rio art\u00edstico<\/span><\/span><span class=\"s2\"><span class=\"bumpedFont15\">,<\/span><\/span><span class=\"s2\"><span class=\"bumpedFont15\"> musical<\/span><\/span> <span class=\"s2\"><span class=\"bumpedFont15\">e gastron\u00f4mico <\/span><\/span><span class=\"s2\"><span class=\"bumpedFont15\">enchem os espa\u00e7os p\u00fablicos, promovendo a intera\u00e7\u00e3o entre diferentes gera\u00e7\u00f5es e celebrando a cultura local<\/span><\/span><span class=\"s2\"><span class=\"bumpedFont15\">, que se fortalece,<\/span><\/span><span class=\"s2\"><span class=\"bumpedFont15\"> de forma inclusiva.<\/span><\/span><\/p>\n<p class=\"s7\"><span class=\"s2\"><span class=\"bumpedFont15\">Assim, ao celebrarmos os 65 anos de Bras\u00edlia, lembramos que a cidade \u00e9 muito mais do que uma capital; \u00e9 um lugar de hist\u00f3rias, conquistas <\/span><\/span><span class=\"s2\"><span class=\"bumpedFont15\">rica<\/span><\/span><span class=\"s2\"><span class=\"bumpedFont15\">s<\/span><\/span><span class=\"s2\"><span class=\"bumpedFont15\"> em<\/span><\/span><span class=\"s2\"><span class=\"bumpedFont15\"> talentos <\/span><\/span><span class=\"s2\"><span class=\"bumpedFont15\">que se formam por gera\u00e7\u00f5es nesses seus 65 anos<\/span><\/span><span class=\"s2\"><span class=\"bumpedFont15\">. <\/span><\/span><\/p>\n<blockquote>\n<p class=\"s9\" style=\"text-align: left;\"><strong><span class=\"s8\"><span class=\"bumpedFont15\">\u00c9 nesse contexto que este site da Mem\u00f3ria da Cultura e do Esporte em Bras\u00edlia orgulha-se de participar. Nele, registramos<\/span><\/span> <span class=\"s8\"><span class=\"bumpedFont15\">j\u00e1 por tr\u00eas anos, depoimentos de pioneiros e seus filhos, gera\u00e7\u00f5es que participaram ativa e efetivamente da constru\u00e7\u00e3o da identidade s\u00f3cio-cultura-esportiva na Capital brasileira.<\/span><\/span><\/strong><\/p>\n<\/blockquote>\n<p class=\"s7\"><span class=\"s2\"><span class=\"bumpedFont15\">Com um olhar voltado para o futuro, Bras\u00edlia continua a ser um espa\u00e7o de oportunidades e um palco para o brilhantismo de seus filhos. \u00c9 uma cidade que renasce a cada dia, <\/span><\/span><span class=\"s2\"><span class=\"bumpedFont15\">sempre renovando os cap\u00edtulos de<\/span><\/span><span class=\"s2\"><span class=\"bumpedFont15\"> sua <\/span><\/span><span class=\"s2\"><span class=\"bumpedFont15\">ainda recente <\/span><\/span><span class=\"s2\"><span class=\"bumpedFont15\">hist\u00f3ria.<\/span><\/span><\/p>\n<p class=\"s7\">\u200b\u200b\u200b\u200b<span class=\"s2\"><span class=\"bumpedFont15\">Um viva \u00e0 nossa querida Bras\u00edlia<\/span><\/span><span class=\"s2\"><span class=\"bumpedFont15\">!<\/span><\/span><\/p>\n<p class=\"s7\">\u200b\u200b\u200b\u200b<\/p>\n<p>&nbsp;<\/p>\n","protected":false},"excerpt":{"rendered":"<p>Por H\u00e9lio Tremendani e Jos\u00e9 Cruz Desde a sua inaugura\u00e7\u00e3o, em 21 de abril de 1960, Bras\u00edlia se transformou em um s\u00edmbolo do modernismo e da inova\u00e7\u00e3o; e, acima de tudo, revelou-se um ber\u00e7o f\u00e9rtil para a arte, a cultura e o esporteem todos os seus segmentos. Os pioneiros que ergueram a cidade enfrentaram desafios &hellip;<\/p>\n","protected":false},"author":2,"featured_media":0,"comment_status":"closed","ping_status":"closed","sticky":false,"template":"","format":"standard","meta":{"footnotes":""},"categories":[13,2,3,16,14],"tags":[],"class_list":["post-3152","post","type-post","status-publish","format-standard","","category-colunistas","category-cultura","category-destaque","category-helio-tremendani","category-jose-cruz"],"_links":{"self":[{"href":"https:\/\/memoriadaculturaesportebsb.com.br\/index.php\/wp-json\/wp\/v2\/posts\/3152","targetHints":{"allow":["GET"]}}],"collection":[{"href":"https:\/\/memoriadaculturaesportebsb.com.br\/index.php\/wp-json\/wp\/v2\/posts"}],"about":[{"href":"https:\/\/memoriadaculturaesportebsb.com.br\/index.php\/wp-json\/wp\/v2\/types\/post"}],"author":[{"embeddable":true,"href":"https:\/\/memoriadaculturaesportebsb.com.br\/index.php\/wp-json\/wp\/v2\/users\/2"}],"replies":[{"embeddable":true,"href":"https:\/\/memoriadaculturaesportebsb.com.br\/index.php\/wp-json\/wp\/v2\/comments?post=3152"}],"version-history":[{"count":2,"href":"https:\/\/memoriadaculturaesportebsb.com.br\/index.php\/wp-json\/wp\/v2\/posts\/3152\/revisions"}],"predecessor-version":[{"id":3155,"href":"https:\/\/memoriadaculturaesportebsb.com.br\/index.php\/wp-json\/wp\/v2\/posts\/3152\/revisions\/3155"}],"wp:attachment":[{"href":"https:\/\/memoriadaculturaesportebsb.com.br\/index.php\/wp-json\/wp\/v2\/media?parent=3152"}],"wp:term":[{"taxonomy":"category","embeddable":true,"href":"https:\/\/memoriadaculturaesportebsb.com.br\/index.php\/wp-json\/wp\/v2\/categories?post=3152"},{"taxonomy":"post_tag","embeddable":true,"href":"https:\/\/memoriadaculturaesportebsb.com.br\/index.php\/wp-json\/wp\/v2\/tags?post=3152"}],"curies":[{"name":"wp","href":"https:\/\/api.w.org\/{rel}","templated":true}]}}