{"id":3134,"date":"2025-04-08T09:49:25","date_gmt":"2025-04-08T12:49:25","guid":{"rendered":"https:\/\/memoriadaculturaesportebsb.com.br\/?p=3134"},"modified":"2025-04-10T12:07:57","modified_gmt":"2025-04-10T15:07:57","slug":"destaques-que-orgulham-o-atletismo-brasiliense","status":"publish","type":"post","link":"https:\/\/memoriadaculturaesportebsb.com.br\/index.php\/2025\/04\/08\/destaques-que-orgulham-o-atletismo-brasiliense\/","title":{"rendered":"Destaques que orgulham o atletismo brasiliense"},"content":{"rendered":"<p style=\"font-weight: 400;\"><strong><em>Em prosseguimento \u00e0 s\u00e9rie de \u201cmem\u00f3rias\u201d que periodicamente publicamos neste espa\u00e7o trouxemos desta vez mais dois competidores do atletismo que marcaram \u00e9poca nas pistas brasileiras.<\/em><\/strong><\/p>\n<p style=\"font-weight: 400;\"><strong><em>Os textos s\u00e3o do professor de Educa\u00e7\u00e3o F\u00edsica Francisco Xavier, tamb\u00e9m t\u00e9cnico e organizador de corridas de rua. Xavier tem em seu curr\u00edculo a organiza\u00e7\u00e3o e coordena\u00e7\u00e3o das 38 primeiras Corridas de Reis, que este ano completou a sua 52\u00aa edi\u00e7\u00e3o, revelando-se a segunda mais antiga prova de rua do pa\u00eds, logo depois da tradicional S\u00e3o Silvestre<\/em><\/strong><\/p>\n<p style=\"font-weight: 400;\"><strong>Diego Chargal Martins Diniz Gomes<\/strong><\/p>\n<p style=\"font-weight: 400;\"><strong><a href=\"https:\/\/memoriadaculturaesportebsb.com.br\/wp-content\/uploads\/2025\/04\/diego1.jpg\"><img loading=\"lazy\" decoding=\"async\" class=\"alignright size-full wp-image-3140\" src=\"https:\/\/memoriadaculturaesportebsb.com.br\/wp-content\/uploads\/2025\/04\/diego1.jpg\" alt=\"\" width=\"183\" height=\"328\" srcset=\"https:\/\/memoriadaculturaesportebsb.com.br\/wp-content\/uploads\/2025\/04\/diego1.jpg 183w, https:\/\/memoriadaculturaesportebsb.com.br\/wp-content\/uploads\/2025\/04\/diego1-167x300.jpg 167w\" sizes=\"auto, (max-width: 183px) 100vw, 183px\" \/><\/a>Diego<\/strong> nasceu no interior do Par\u00e1, em abril de 1985. Com tr\u00eas anos de idade chegou em Bras\u00edlia, acompanhando a fam\u00edlia que aqui veio morar. Incentivado por seu pai, Isaias, Diego come\u00e7ou a correr cedo e, em 1992, com sete anos de idade, conquistou o segundo lugar na \u201cMarotinha\u201d, competi\u00e7\u00e3o de pista, infantil, comemorativa ao Dia da Crian\u00e7a.<\/p>\n<p style=\"font-weight: 400;\">Diego, come\u00e7ou no atletismo com o professor Dario, no Projeto Shell de Inicia\u00e7\u00e3o, na Ceil\u00e2ndia. Posteriormente, treinou com o professor Tadeu e em 1997 iniciou uma trajet\u00f3ria com o t\u00e9cnico Edilberto Barros, numa parceria que durou 13 anos. Nessa fase, Diego Chargal se especializou nas provas de 400m, 800m e 1.500m<\/p>\n<p style=\"font-weight: 400;\"><strong>Em Uberl\u00e2ndia<\/strong><\/p>\n<p style=\"font-weight: 400;\">Numa nova fase em Uberl\u00e2ndia, onde foi morar em 2010, Diego treinou com o t\u00e9cnico Luiz Alberto de Oliveira, o mesmo que levou Joaquim Cruz \u00e0 medalha de ouro ol\u00edmpica, nos Jogos de Los Angeles, 1984. \u00a0Por\u00e9m, algumas contus\u00f5es prejudicaram a carreira do atleta, que encerrou a sua participa\u00e7\u00e3o atl\u00e9tica em 2015.<\/p>\n<p style=\"font-weight: 400;\">Diego destacou-se em n\u00edvel nacional ao conquistar o campeonato brasileiro em todas as categorias que disputou, menor, juvenil e adulto. E foi vice-campe\u00e3o nos Jogos da Juventude, em 2001.<\/p>\n<p style=\"font-weight: 400;\">J\u00e1 em n\u00edvel internacional, ele foi vice-campe\u00e3o no sul-americano de 2005 e 2013, nos Jogos da Lusofonia (pa\u00edses de L\u00edngua Portuguesa), em Macau, em 2006. Diego tamb\u00e9m participou do Campeonato Mundial Juvenil, em Grosseto (It\u00e1lia), em 2004, e foi finalista nos Jogos Universit\u00e1rios Mundiais (Univers\u00edade), na Turquia, em 2005.<\/p>\n<p style=\"font-weight: 400;\">Diego havia conquistado o \u00edndice dos 800m para as Olimp\u00edadas de Londres, em 2012. Por\u00e9m, a um m\u00eas do in\u00edcio dos Jogos ele torceu o tornozelo e ficou fora do grande evento.<\/p>\n<p style=\"font-weight: 400;\">Ao encerrar carreira, ele apresentava as seguintes melhores marcas: 400 metros, 47seg21; 800 metros, 1min45seg62 (atualmente \u00e9 a 10\u00aa melhor marca brasileira de todos os tempos); e nos 1.500m, 3min47seg97c.<\/p>\n<p style=\"font-weight: 400;\">Atualmente, Diego Chargal mora em \u00c1guas Claras, \u00e9 casado e tem uma filha, Sophie. Ele trabalha como professor de educa\u00e7\u00e3o F\u00edsica na Secretaria de Educa\u00e7\u00e3o do DF.<\/p>\n<p style=\"font-weight: 400;\">Registramos os parab\u00e9ns ao ex-atleta Diego pela sua carreira atl\u00e9tica e desejamos sucesso na miss\u00e3o profissional que abra\u00e7ou. (Texto: Professor Francisco Xavier).<\/p>\n<p><a href=\"https:\/\/memoriadaculturaesportebsb.com.br\/wp-content\/uploads\/2025\/04\/WhatsApp-Image-2025-04-05-at-16.41.19.jpeg\"><img loading=\"lazy\" decoding=\"async\" class=\"aligncenter size-large wp-image-3138\" src=\"https:\/\/memoriadaculturaesportebsb.com.br\/wp-content\/uploads\/2025\/04\/WhatsApp-Image-2025-04-05-at-16.41.19-922x1024.jpeg\" alt=\"\" width=\"618\" height=\"686\" srcset=\"https:\/\/memoriadaculturaesportebsb.com.br\/wp-content\/uploads\/2025\/04\/WhatsApp-Image-2025-04-05-at-16.41.19-922x1024.jpeg 922w, https:\/\/memoriadaculturaesportebsb.com.br\/wp-content\/uploads\/2025\/04\/WhatsApp-Image-2025-04-05-at-16.41.19-270x300.jpeg 270w, https:\/\/memoriadaculturaesportebsb.com.br\/wp-content\/uploads\/2025\/04\/WhatsApp-Image-2025-04-05-at-16.41.19-768x853.jpeg 768w, https:\/\/memoriadaculturaesportebsb.com.br\/wp-content\/uploads\/2025\/04\/WhatsApp-Image-2025-04-05-at-16.41.19.jpeg 1080w\" sizes=\"auto, (max-width: 618px) 100vw, 618px\" \/><\/a><\/p>\n<p style=\"font-weight: 400;\"><strong>Wellington Luiz da Silva Souza<\/strong><\/p>\n<p style=\"font-weight: 400;\"><strong>Wellington <\/strong>nasceu em Bras\u00edlia em 24\/09\/1974, em uma fam\u00edlia de cinco irm\u00e3os. Iniciou no atletismo em 1988 no Centro de Inicia\u00e7\u00e3o Desportiva &#8211; CID de Atletismo do Guar\u00e1, orientado pelo t\u00e9cnico Domingos Guimar\u00e3es, o Professor Mingo.<\/p>\n<p style=\"font-weight: 400;\">\u00a0Em 1993, Wellington foi transferido para o clube do SESI de Santo Andr\u00e9-SP, e em 1995 para Funilense-SP. Nessa s\u00e9rie de transfer\u00eancias, foi parar no Equador, em 1997. Ele tamb\u00e9m treinou com os t\u00e9cnicos Adauto Domingues e Marc\u00e3o.<\/p>\n<p style=\"font-weight: 400;\">Wellington era especialista em Marcha atl\u00e9tica e participava das provas nas dist\u00e2ncias de 10.000m, 20.000m e 50.000m. Ele foi campe\u00e3o Brasiliense dessa prova em todas as categorias, menores, juvenil e adulto. Al\u00e9m disso, tornou-se campe\u00e3o Brasileiro de juvenis, terceiro colocado nos campeonato sul-americanos de juvenis, na Copa Brasil de Marcha Atl\u00e9tica e no Trof\u00e9u Brasil de Atletismo. Representou o Brasil na Copa Pan-americana de Marcha Atl\u00e9tica.<\/p>\n<p style=\"font-weight: 400;\">Wellington foi eleito pela Associa\u00e7\u00e3o Brasiliense de Cronistas Esportivos (ABCD) o atleta do ano de Bras\u00edlia em 1993. Ele treinava nas ruas do Guar\u00e1 e a prova de marcha atl\u00e9tica, na \u00e9poca, era motivo de chacota por parte da comunidade local. Por\u00e9m, persistente e determinado, ele se tornou um exemplo de atleta vitorioso conquistando v\u00e1rios t\u00edtulos para Bras\u00edlia.<\/p>\n<p style=\"font-weight: 400;\">O atletismo representou tudo para o Wellington. Vindo de uma fam\u00edlia de baixa renda, ele poderia ter enveredado pelo mundo das drogas e criminalidade. Por\u00e9m, consegui concluir curso superior de Educa\u00e7\u00e3o F\u00edsica e passar em um concurso p\u00fablico gra\u00e7as ao esporte e as pessoas envolvidas nesse trabalho que sempre o incentivaram, em especial o professor Mingo. \u201d<\/p>\n<p style=\"font-weight: 400;\">Wellington e casado com a tamb\u00e9m atleta Lucilene Barros (corredora de 400 metros) e tem 2 filhos, Davi e Gabriela. Ele trabalhou 18 anos no SESC-DF e atualmente \u00e9 professor e educa\u00e7\u00e3o f\u00edsica da Secretaria de Educa\u00e7\u00e3o.<\/p>\n<p style=\"font-weight: 400;\">Parab\u00e9ns, Wellington, pela sua brilhante carreira e sucesso em sua miss\u00e3o como professor.<\/p>\n<p style=\"font-weight: 400;\"><strong>Texto:<\/strong> Professor Francisco Xavier e Joilto Bomfim.<\/p>\n<p style=\"font-weight: 400;\">\n","protected":false},"excerpt":{"rendered":"<p>Em prosseguimento \u00e0 s\u00e9rie de \u201cmem\u00f3rias\u201d que periodicamente publicamos neste espa\u00e7o trouxemos desta vez mais dois competidores do atletismo que marcaram \u00e9poca nas pistas brasileiras. Os textos s\u00e3o do professor de Educa\u00e7\u00e3o F\u00edsica Francisco Xavier, tamb\u00e9m t\u00e9cnico e organizador de corridas de rua. Xavier tem em seu curr\u00edculo a organiza\u00e7\u00e3o e coordena\u00e7\u00e3o das 38 primeiras &hellip;<\/p>\n","protected":false},"author":2,"featured_media":0,"comment_status":"closed","ping_status":"closed","sticky":false,"template":"","format":"standard","meta":{"footnotes":""},"categories":[13,4],"tags":[],"class_list":["post-3134","post","type-post","status-publish","format-standard","","category-colunistas","category-esporte"],"_links":{"self":[{"href":"https:\/\/memoriadaculturaesportebsb.com.br\/index.php\/wp-json\/wp\/v2\/posts\/3134","targetHints":{"allow":["GET"]}}],"collection":[{"href":"https:\/\/memoriadaculturaesportebsb.com.br\/index.php\/wp-json\/wp\/v2\/posts"}],"about":[{"href":"https:\/\/memoriadaculturaesportebsb.com.br\/index.php\/wp-json\/wp\/v2\/types\/post"}],"author":[{"embeddable":true,"href":"https:\/\/memoriadaculturaesportebsb.com.br\/index.php\/wp-json\/wp\/v2\/users\/2"}],"replies":[{"embeddable":true,"href":"https:\/\/memoriadaculturaesportebsb.com.br\/index.php\/wp-json\/wp\/v2\/comments?post=3134"}],"version-history":[{"count":4,"href":"https:\/\/memoriadaculturaesportebsb.com.br\/index.php\/wp-json\/wp\/v2\/posts\/3134\/revisions"}],"predecessor-version":[{"id":3141,"href":"https:\/\/memoriadaculturaesportebsb.com.br\/index.php\/wp-json\/wp\/v2\/posts\/3134\/revisions\/3141"}],"wp:attachment":[{"href":"https:\/\/memoriadaculturaesportebsb.com.br\/index.php\/wp-json\/wp\/v2\/media?parent=3134"}],"wp:term":[{"taxonomy":"category","embeddable":true,"href":"https:\/\/memoriadaculturaesportebsb.com.br\/index.php\/wp-json\/wp\/v2\/categories?post=3134"},{"taxonomy":"post_tag","embeddable":true,"href":"https:\/\/memoriadaculturaesportebsb.com.br\/index.php\/wp-json\/wp\/v2\/tags?post=3134"}],"curies":[{"name":"wp","href":"https:\/\/api.w.org\/{rel}","templated":true}]}}