{"id":3118,"date":"2025-03-27T18:36:59","date_gmt":"2025-03-27T21:36:59","guid":{"rendered":"https:\/\/memoriadaculturaesportebsb.com.br\/?p=3118"},"modified":"2025-03-27T18:36:59","modified_gmt":"2025-03-27T21:36:59","slug":"amigo-arnaldo","status":"publish","type":"post","link":"https:\/\/memoriadaculturaesportebsb.com.br\/index.php\/2025\/03\/27\/amigo-arnaldo\/","title":{"rendered":"Amigo Arnaldo"},"content":{"rendered":"<p style=\"text-align: center;\"><strong><em>Logo que publicamos as primeiras entrevistas neste site, em 3 de maio de 2022, Arnaldo Gomes, um carioca com alma brasiliense, gostou do que leu e logo aderiu ao projeto. Ex-atleta, gestor do esporte e servidor concursado do Senado Federal, Arnaldo tristemente nos deixou na manh\u00e3 do \u00faltimo s\u00e1bado, v\u00edtima de acidente de tr\u00e2nsito.<\/em><\/strong><\/p>\n<p><a href=\"https:\/\/memoriadaculturaesportebsb.com.br\/wp-content\/uploads\/2025\/03\/arnaldo1.jpg\"><img loading=\"lazy\" decoding=\"async\" class=\"alignright size-full wp-image-3119\" src=\"https:\/\/memoriadaculturaesportebsb.com.br\/wp-content\/uploads\/2025\/03\/arnaldo1.jpg\" alt=\"\" width=\"406\" height=\"584\" srcset=\"https:\/\/memoriadaculturaesportebsb.com.br\/wp-content\/uploads\/2025\/03\/arnaldo1.jpg 406w, https:\/\/memoriadaculturaesportebsb.com.br\/wp-content\/uploads\/2025\/03\/arnaldo1-209x300.jpg 209w\" sizes=\"auto, (max-width: 406px) 100vw, 406px\" \/><\/a>Arnaldo vibrava lendo entrevistas com pioneiros de Bras\u00edlia, que o reportavam para tempos que ele viveu logo no in\u00edcio da nova Capital. E passou sugerir nomes de personagens que ajudaram a construir o esporte ou a cultura daqui.<\/p>\n<p>Em Bras\u00edlia desde 1961, Arnaldo Gomes logo se enturmou com jovens de sua gera\u00e7\u00e3o. Estudou Administra\u00e7\u00e3o e foi aprovado em concurso para o Senado Federal em 11\u00ba lugar. No Legislativo, avan\u00e7ou em cargos e chegou \u00e0 dire\u00e7\u00e3o da Gr\u00e1fica do Senado, \u00e0 \u00e9poca a mais aparelhada de Bras\u00edlia.<\/p>\n<p>Nas suas folgas, Arnaldo jogava t\u00eanis, futebol e futebol de sal\u00e3o, hoje o nosso futsal. Ganhou campeonatos locais e chegou \u00e0 Sele\u00e7\u00e3o de Futebol do Distrito Federal em jogos de representa\u00e7\u00e3o, atuando na ponta esquerda.<\/p>\n<p>Em v\u00e1rias de nossas entrevistas, Arnaldo estava presente. Com mem\u00f3ria privilegiada corrigia nomes e ajustava datas de eventos passados. Foi um fiel parceiro deste projeto da Mem\u00f3ria da Cultura e do Esporte em Bras\u00edlia. N\u00e3o \u00e9 exagero afirmar que Arnaldo vibrava com esta proposta de contar hist\u00f3rias com personagens locais.<\/p>\n<p><a href=\"https:\/\/memoriadaculturaesportebsb.com.br\/wp-content\/uploads\/2025\/03\/ar2.jpg\"><img loading=\"lazy\" decoding=\"async\" class=\"alignleft size-medium wp-image-3114\" src=\"https:\/\/memoriadaculturaesportebsb.com.br\/wp-content\/uploads\/2025\/03\/ar2-265x300.jpg\" alt=\"\" width=\"265\" height=\"300\" srcset=\"https:\/\/memoriadaculturaesportebsb.com.br\/wp-content\/uploads\/2025\/03\/ar2-265x300.jpg 265w, https:\/\/memoriadaculturaesportebsb.com.br\/wp-content\/uploads\/2025\/03\/ar2.jpg 350w\" sizes=\"auto, (max-width: 265px) 100vw, 265px\" \/><\/a>A \u00faltima entrevista que ele participou foi com o amig\u00e3o Guairac\u00e1 Carv\u00e3o Nunes, acreano, um craque no futebol de sal\u00e3o, parceiro de Arnaldo. Aposentados, deixaram as quadras, mas continuaram convivendo com a melhor amizade poss\u00edvel.<\/p>\n<p>Recentemente, Arnaldo abriu as portas de sua casa no Lago Sul e trouxe o amigo Guairac\u00e1 para um caf\u00e9. Avisou a mim e ao companheiro H\u00e9lio Tremendani. Fomos para l\u00e1, notebook em punho pegar depoimento valioso. O papo durou uma tarde enquanto viaj\u00e1vamos em notici\u00e1rios das antigas, recortes de jornais que Arnaldo guardou com carinho. Com as informa\u00e7\u00f5es que colhemos publicamos uma reportagem que pode ser lida neste link:<\/p>\n<p><a href=\"https:\/\/memoriadaculturaesportebsb.com.br\/index.php\/2023\/06\/01\/arnaldo-gomes-craque-no-futebol-e-na-gestao-do-esporte\/\"><em>https:\/\/memoriadaculturaesportebsb.com.br\/index.php\/2023\/06\/01\/arnaldo-gomes-craque-no-futebol-e-na-gestao-do-esporte\/<\/em><\/a><\/p>\n<p>Tem mais: no final dos anos 1990, na vice-presid\u00eancia da Confedera\u00e7\u00e3o Brasileira de T\u00eanis (CBT), Arnaldo questionou o ent\u00e3o presidente, Jorge Lacerda da Rosa, sobre a falta de transpar\u00eancia na gest\u00e3o da entidade. Desconfiava de que algo n\u00e3o ia bem. Pesquisou daqui e dali, foi ao Minist\u00e9rio do Esporte, que liberava recursos p\u00fablicos para a CBT e confirmou que parte do dinheiro da Lei de Incentivo ao Esporte n\u00e3o era aplicada como deveria. Jorge Rosa reagiu com um processo judicial contra Arnaldo. Tamb\u00e9m sobrou para mim, jornalista que divulgava os deslizes no Correio Braziliense. Certo dia, a contadora da CBT abriu o jogo para a imprensa e se confirmou que Arnaldo estava certo, a fraude existia. Esse era o lado transparente do gestor esportivo no trato com o bem p\u00fablico. E falava com autoridade, pois presidia a Federa\u00e7\u00e3o Brasiliense de T\u00eanis.<\/p>\n<p>Nos \u00faltimos anos, Arnaldo foi desacelerando. J\u00e1 n\u00e3o ia \u00e0s quadras com frequ\u00eancia e cuidava mais da sa\u00fade. Mas n\u00e3o perdia o pique para um almo\u00e7o e bom papo onde sempre nos passava \u00f3timas ideias de entrevistas. E sempre que encontrava um pioneiro falava sobre este site e via no personagem mais um que poderia nos conceder entrevista.<\/p>\n<p>Arnaldo nos ligava sempre tinha um assunto novo para conversar. Nessas ocasi\u00f5es, fazia refer\u00eancia \u00e0 fam\u00edlia, aos seis filhos em especial: os mais velhos \u2013 Arnaldinho, Andr\u00e9 e Fl\u00e1vio \u2013 dos quais se orgulhava; e comentava com alegria sobre as sapequices e evolu\u00e7\u00f5es escolares dos tr\u00eas menores \u2013 Jo\u00e3o Ant\u00f4nio, Benjamin e Maria Cec\u00edlia \u2013, que ele cuidava com a mam\u00e3e Cec\u00edlia.<\/p>\n<p>Enfim, estamos nos habituando \u00e0 nova rotina sem o apoio de Arnaldo Gomes, que come\u00e7ava sempre com uma sauda\u00e7\u00e3o di\u00e1ria de \u201cBom Dia\u201d.<\/p>\n<p>Sentimos a sua falta, Amigo. Tua intimidade com Bas\u00edlia nos ajudou muito neste projeto de preservar mem\u00f3rias da nossa querida Capital. Tamb\u00e9m por isso, somos eternamente agradecidos. Foi prazeroso e valioso conviver contigo. Que o Papai do C\u00e9u te acolha na Sua Grande Casa.<\/p>\n<p style=\"text-align: center;\"><strong><em>H\u00e9lio Tremendani e Jos\u00e9 Cruz<\/em><\/strong><\/p>\n<p style=\"text-align: center;\"><strong>Mem\u00f3ria da Cultura e do Esporte em Bras\u00edlia<\/strong><\/p>\n","protected":false},"excerpt":{"rendered":"<p>Logo que publicamos as primeiras entrevistas neste site, em 3 de maio de 2022, Arnaldo Gomes, um carioca com alma brasiliense, gostou do que leu e logo aderiu ao projeto. Ex-atleta, gestor do esporte e servidor concursado do Senado Federal, Arnaldo tristemente nos deixou na manh\u00e3 do \u00faltimo s\u00e1bado, v\u00edtima de acidente de tr\u00e2nsito. Arnaldo &hellip;<\/p>\n","protected":false},"author":2,"featured_media":0,"comment_status":"closed","ping_status":"closed","sticky":false,"template":"","format":"standard","meta":{"footnotes":""},"categories":[13,3,6,4,16,14],"tags":[],"class_list":["post-3118","post","type-post","status-publish","format-standard","","category-colunistas","category-destaque","category-entrevistas","category-esporte","category-helio-tremendani","category-jose-cruz"],"_links":{"self":[{"href":"https:\/\/memoriadaculturaesportebsb.com.br\/index.php\/wp-json\/wp\/v2\/posts\/3118","targetHints":{"allow":["GET"]}}],"collection":[{"href":"https:\/\/memoriadaculturaesportebsb.com.br\/index.php\/wp-json\/wp\/v2\/posts"}],"about":[{"href":"https:\/\/memoriadaculturaesportebsb.com.br\/index.php\/wp-json\/wp\/v2\/types\/post"}],"author":[{"embeddable":true,"href":"https:\/\/memoriadaculturaesportebsb.com.br\/index.php\/wp-json\/wp\/v2\/users\/2"}],"replies":[{"embeddable":true,"href":"https:\/\/memoriadaculturaesportebsb.com.br\/index.php\/wp-json\/wp\/v2\/comments?post=3118"}],"version-history":[{"count":1,"href":"https:\/\/memoriadaculturaesportebsb.com.br\/index.php\/wp-json\/wp\/v2\/posts\/3118\/revisions"}],"predecessor-version":[{"id":3120,"href":"https:\/\/memoriadaculturaesportebsb.com.br\/index.php\/wp-json\/wp\/v2\/posts\/3118\/revisions\/3120"}],"wp:attachment":[{"href":"https:\/\/memoriadaculturaesportebsb.com.br\/index.php\/wp-json\/wp\/v2\/media?parent=3118"}],"wp:term":[{"taxonomy":"category","embeddable":true,"href":"https:\/\/memoriadaculturaesportebsb.com.br\/index.php\/wp-json\/wp\/v2\/categories?post=3118"},{"taxonomy":"post_tag","embeddable":true,"href":"https:\/\/memoriadaculturaesportebsb.com.br\/index.php\/wp-json\/wp\/v2\/tags?post=3118"}],"curies":[{"name":"wp","href":"https:\/\/api.w.org\/{rel}","templated":true}]}}