{"id":3111,"date":"2025-03-22T17:55:34","date_gmt":"2025-03-22T20:55:34","guid":{"rendered":"https:\/\/memoriadaculturaesportebsb.com.br\/?p=3111"},"modified":"2025-03-22T17:56:18","modified_gmt":"2025-03-22T20:56:18","slug":"o-esporte-fica-orfao-do-talento-de-arnaldo-gomes","status":"publish","type":"post","link":"https:\/\/memoriadaculturaesportebsb.com.br\/index.php\/2025\/03\/22\/o-esporte-fica-orfao-do-talento-de-arnaldo-gomes\/","title":{"rendered":"O esporte fica \u00f3rf\u00e3o do\u00a0talento de Arnaldo Gomes\u00a0\u00a0"},"content":{"rendered":"<p><strong>Por Jos\u00e9 Cruz<\/strong><\/p>\n<p><a href=\"https:\/\/memoriadaculturaesportebsb.com.br\/wp-content\/uploads\/2024\/08\/h7.jpg\"><img loading=\"lazy\" decoding=\"async\" class=\"alignright size-full wp-image-2642\" src=\"https:\/\/memoriadaculturaesportebsb.com.br\/wp-content\/uploads\/2024\/08\/h7.jpg\" alt=\"\" width=\"181\" height=\"193\" \/><\/a>V\u00edtima de um acidente de carro, morreu neste s\u00e1bado (22\/3\/2025) o carioca Arnaldo Gomes, 82 anos, que aqui morava desde maio de 1960. Ele estava internado na UTI do Hospital Bras\u00edlia, onde passaria por uma cirurgia, mas n\u00e3o resistiu aos graves ferimentos. Segundo o m\u00e9dico e cirurgi\u00e3o, Rafael Frota, Arnaldo teve fraturas nas costelas do lado esquerdo e no externo (centro do t\u00f3rax). O acidente ocorreu na manh\u00e3 de sexta-feira, por volta das 8h, na altura da QL 24, conjunto 4 do Lago Sul.<\/p>\n<p><strong>Carreira<\/strong><\/p>\n<p>Desde cedo, Arnaldo destacou-se na sociedade brasiliense, tanto na pr\u00e1tica do t\u00eanis de mesa, do futebol, futebol de sal\u00e3o e t\u00eanis, quanto na gest\u00e3o do esporte. Foi um profissional polivalente nos gabinetes do Legislativo e fora deles.<\/p>\n<p>Formado em Administra\u00e7\u00e3o e Economia, foi aprovado em 11\u00ba lugar em concurso para o Senado Federal, onde chegou \u00e0 dire\u00e7\u00e3o da Gr\u00e1fica do Senado.<\/p>\n<p><a href=\"https:\/\/memoriadaculturaesportebsb.com.br\/wp-content\/uploads\/2025\/03\/arnaldo-pele.jpg\"><img loading=\"lazy\" decoding=\"async\" class=\"alignright size-medium wp-image-3112\" src=\"https:\/\/memoriadaculturaesportebsb.com.br\/wp-content\/uploads\/2025\/03\/arnaldo-pele-300x285.jpg\" alt=\"\" width=\"300\" height=\"285\" srcset=\"https:\/\/memoriadaculturaesportebsb.com.br\/wp-content\/uploads\/2025\/03\/arnaldo-pele-300x285.jpg 300w, https:\/\/memoriadaculturaesportebsb.com.br\/wp-content\/uploads\/2025\/03\/arnaldo-pele.jpg 475w\" sizes=\"auto, (max-width: 300px) 100vw, 300px\" \/><\/a>No esporte, al\u00e9m de atleta, presidiu a Associa\u00e7\u00e3o de Garantia do Atleta Profissional (AGAP) e a Federa\u00e7\u00e3o Brasiliense de T\u00eanis por oito anos divididos em dois mandatos. Por conta dessa atividade como gestor e atleta tornou-se amigo \u00edntimo de Pel\u00e9, tendo, inclusive, sido padrinho do segundo casamento do Rei, com Ass\u00edria Lemos.<\/p>\n<p>O primeiro time de futebol que Arnaldo atuou em Bras\u00edlia foi o Rabello, que se sagrou tetracampe\u00e3o candango, na temporada de 1964 a 1967. Os contempor\u00e2neos de Arnaldo s\u00e3o un\u00e2nimes em afirmar que era um excelente ponteiro esquerdo, de tal forma que atuou nas principais convoca\u00e7\u00f5es da Sele\u00e7\u00e3o de Bras\u00edlia. \u00c9 lembrado, tamb\u00e9m, por ter marcado o primeiro gol da Sele\u00e7\u00e3o.<\/p>\n<p><a href=\"https:\/\/memoriadaculturaesportebsb.com.br\/wp-content\/uploads\/2025\/03\/ar1.jpg\"><img loading=\"lazy\" decoding=\"async\" class=\"aligncenter size-full wp-image-3113\" src=\"https:\/\/memoriadaculturaesportebsb.com.br\/wp-content\/uploads\/2025\/03\/ar1.jpg\" alt=\"\" width=\"335\" height=\"295\" srcset=\"https:\/\/memoriadaculturaesportebsb.com.br\/wp-content\/uploads\/2025\/03\/ar1.jpg 335w, https:\/\/memoriadaculturaesportebsb.com.br\/wp-content\/uploads\/2025\/03\/ar1-300x264.jpg 300w\" sizes=\"auto, (max-width: 335px) 100vw, 335px\" \/><\/a><\/p>\n<p><strong><em>Em 1961, o ataque do time do Rabello era formado <\/em><\/strong><strong><em>por Paulo Roberto, Z\u00e9 Paulo, Nilo, Calado e Arnaldo<\/em><\/strong><\/p>\n<p><strong>No futsal<\/strong><\/p>\n<p>Arnaldo teve presen\u00e7a garantida nas melhores equipes do futebol de sal\u00e3o \u2013 hoje futsal \u2013 de Bras\u00edlia, na Sele\u00e7\u00e3o local, inclusive. Um dos melhores jogadores dessa modalidade que por aqui desfilou Guairac\u00e1 Nunes, conheceu Arnaldo nos tempos escolares, quando tinham 16 anos.<\/p>\n<p><a href=\"https:\/\/memoriadaculturaesportebsb.com.br\/wp-content\/uploads\/2025\/03\/ar2.jpg\"><img loading=\"lazy\" decoding=\"async\" class=\"alignleft size-full wp-image-3114\" src=\"https:\/\/memoriadaculturaesportebsb.com.br\/wp-content\/uploads\/2025\/03\/ar2.jpg\" alt=\"\" width=\"350\" height=\"396\" srcset=\"https:\/\/memoriadaculturaesportebsb.com.br\/wp-content\/uploads\/2025\/03\/ar2.jpg 350w, https:\/\/memoriadaculturaesportebsb.com.br\/wp-content\/uploads\/2025\/03\/ar2-265x300.jpg 265w\" sizes=\"auto, (max-width: 350px) 100vw, 350px\" \/><\/a>Recentemente, Arnaldo Gomes recebeu em sua casa, no Lago Sul, o amigo e ex-companheiro de quadra, Guairac\u00e1, quando a dupla (foto) concedeu entrevista ao site <em>Mem\u00f3ria da Cultura e Esporte em Bras\u00edlia<\/em>. Guairac\u00e1 \u00e9 citado pelos contempor\u00e2neos como o maior companheiro de ataque no futebol de sal\u00e3o daqueles tempos, ao lado de Axel, outro craque daquela gera\u00e7\u00e3o. Por\u00e9m, na entrevista, Guairac\u00e1 revelou:<\/p>\n<p><strong><em>\u201cAxel jogava muito, mas, para mim, o maior craque que joguei e vi jogar foi o Arnaldo\u201d.<\/em><\/strong><\/p>\n<p>Esse depoimento d\u00e1 a dimens\u00e3o do tamanho da perda para a hist\u00f3ria do esporte em Bras\u00edlia que se tem com a morte de Arnaldo Gomes.<\/p>\n<p><strong>Gestor<\/strong><\/p>\n<p>Mais tarde, j\u00e1 aposentado, Arnaldo levou para os gabinetes a experi\u00eancia de competidor esportivo. Em 2000, elegeu-se presidente da Federa\u00e7\u00e3o de T\u00eanis do Distrito Federal, sendo reeleito para mais um mandato, encerrado em 2008. \u201cFui o primeiro presidente eleito com voto de atleta\u201d, orgulhava-se de lembrar. E ria quando era chamado de cartola: \u201cD\u00e1 trabalho, viu? \u00c9 muito inc\u00f4modo\u201d.<\/p>\n<p>Na sua gest\u00e3o promoveu o primeiro torneio infanto-juvenil do Centro-Oeste, nas quadras do Iate, clube que frequentava com assiduidade, inclusive como tenista.<\/p>\n<p><strong><em><a href=\"https:\/\/memoriadaculturaesportebsb.com.br\/wp-content\/uploads\/2025\/03\/ar3.jpg\"><img loading=\"lazy\" decoding=\"async\" class=\"alignright size-medium wp-image-3115\" src=\"https:\/\/memoriadaculturaesportebsb.com.br\/wp-content\/uploads\/2025\/03\/ar3-300x284.jpg\" alt=\"\" width=\"300\" height=\"284\" srcset=\"https:\/\/memoriadaculturaesportebsb.com.br\/wp-content\/uploads\/2025\/03\/ar3-300x284.jpg 300w, https:\/\/memoriadaculturaesportebsb.com.br\/wp-content\/uploads\/2025\/03\/ar3.jpg 437w\" sizes=\"auto, (max-width: 300px) 100vw, 300px\" \/><\/a>Arnaldo era casado com a advogada Cec\u00edlia Machado Gomes, com a qual teve tr\u00eas filhos, Jo\u00e3o Ant\u00f4nio, Benjamim e Maria Cec\u00edlia. <\/em><\/strong><\/p>\n<p><strong><em>No primeiro casamento, tamb\u00e9m teve tr\u00eas filhos, Arnaldinho, Andr\u00e9 e Fl\u00e1vio, esse \u00faltimo tendo se sagrado campe\u00e3o do circuito mundial de v\u00f4lei de praia, em 1995, em parceria com Alem\u00e3o. <\/em><\/strong><\/p>\n<p><strong><em>\u00a0<\/em><\/strong><\/p>\n<p>&nbsp;<\/p>\n<p>&nbsp;<\/p>\n<p style=\"text-align: right;\"><strong><em>Agradecimento<\/em><\/strong><\/p>\n<p style=\"text-align: right;\"><em>Arnaldo Gomes foi um fiel desportista at\u00e9 o final. <\/em><\/p>\n<p style=\"text-align: right;\"><em>Deixou a dire\u00e7\u00e3o da Confedera\u00e7\u00e3o Brasileira de T\u00eanis, no final dos anos 1990, quando observou que a presid\u00eancia n\u00e3o agia com transpar\u00eancia. O assunto rendeu-lhe um processo que ele saiu vitorioso. <\/em><\/p>\n<p style=\"text-align: right;\"><em>Para n\u00f3s, Arnaldo foi um grande incentivador e colaborador, ajudando a resgatar a Mem\u00f3ria da Cultura e do Esporte em Bras\u00edlia. Prestou um depoimento hist\u00f3rico, assim como participou de outros momentos importantes para entrevistas inesquec\u00edveis que realizamos. <\/em><\/p>\n<p style=\"text-align: right;\"><em>Muito obrigado, Amigo Arnaldo, fica a nossa eterna saudades.<\/em><\/p>\n<p style=\"text-align: right;\"><em>\u00a0\u00a0\u00a0\u00a0\u00a0\u00a0\u00a0\u00a0\u00a0\u00a0\u00a0\u00a0\u00a0\u00a0\u00a0\u00a0\u00a0\u00a0\u00a0\u00a0\u00a0\u00a0\u00a0\u00a0\u00a0\u00a0\u00a0\u00a0\u00a0\u00a0\u00a0\u00a0\u00a0\u00a0\u00a0\u00a0\u00a0\u00a0\u00a0\u00a0\u00a0\u00a0\u00a0\u00a0\u00a0\u00a0\u00a0\u00a0\u00a0\u00a0\u00a0\u00a0\u00a0\u00a0\u00a0\u00a0\u00a0\u00a0\u00a0\u00a0\u00a0\u00a0\u00a0\u00a0\u00a0\u00a0\u00a0\u00a0\u00a0\u00a0\u00a0\u00a0\u00a0 H\u00e9lio Tremendani e Jos\u00e9 Cruz<\/em><\/p>\n<p><em>\u00a0<\/em><\/p>\n","protected":false},"excerpt":{"rendered":"<p>Por Jos\u00e9 Cruz V\u00edtima de um acidente de carro, morreu neste s\u00e1bado (22\/3\/2025) o carioca Arnaldo Gomes, 82 anos, que aqui morava desde maio de 1960. Ele estava internado na UTI do Hospital Bras\u00edlia, onde passaria por uma cirurgia, mas n\u00e3o resistiu aos graves ferimentos. Segundo o m\u00e9dico e cirurgi\u00e3o, Rafael Frota, Arnaldo teve fraturas &hellip;<\/p>\n","protected":false},"author":2,"featured_media":0,"comment_status":"closed","ping_status":"closed","sticky":false,"template":"","format":"standard","meta":{"footnotes":""},"categories":[13,3,6,4,14],"tags":[],"class_list":["post-3111","post","type-post","status-publish","format-standard","","category-colunistas","category-destaque","category-entrevistas","category-esporte","category-jose-cruz"],"_links":{"self":[{"href":"https:\/\/memoriadaculturaesportebsb.com.br\/index.php\/wp-json\/wp\/v2\/posts\/3111","targetHints":{"allow":["GET"]}}],"collection":[{"href":"https:\/\/memoriadaculturaesportebsb.com.br\/index.php\/wp-json\/wp\/v2\/posts"}],"about":[{"href":"https:\/\/memoriadaculturaesportebsb.com.br\/index.php\/wp-json\/wp\/v2\/types\/post"}],"author":[{"embeddable":true,"href":"https:\/\/memoriadaculturaesportebsb.com.br\/index.php\/wp-json\/wp\/v2\/users\/2"}],"replies":[{"embeddable":true,"href":"https:\/\/memoriadaculturaesportebsb.com.br\/index.php\/wp-json\/wp\/v2\/comments?post=3111"}],"version-history":[{"count":2,"href":"https:\/\/memoriadaculturaesportebsb.com.br\/index.php\/wp-json\/wp\/v2\/posts\/3111\/revisions"}],"predecessor-version":[{"id":3117,"href":"https:\/\/memoriadaculturaesportebsb.com.br\/index.php\/wp-json\/wp\/v2\/posts\/3111\/revisions\/3117"}],"wp:attachment":[{"href":"https:\/\/memoriadaculturaesportebsb.com.br\/index.php\/wp-json\/wp\/v2\/media?parent=3111"}],"wp:term":[{"taxonomy":"category","embeddable":true,"href":"https:\/\/memoriadaculturaesportebsb.com.br\/index.php\/wp-json\/wp\/v2\/categories?post=3111"},{"taxonomy":"post_tag","embeddable":true,"href":"https:\/\/memoriadaculturaesportebsb.com.br\/index.php\/wp-json\/wp\/v2\/tags?post=3111"}],"curies":[{"name":"wp","href":"https:\/\/api.w.org\/{rel}","templated":true}]}}