{"id":3106,"date":"2025-03-16T20:12:39","date_gmt":"2025-03-16T23:12:39","guid":{"rendered":"https:\/\/memoriadaculturaesportebsb.com.br\/?p=3106"},"modified":"2025-03-16T20:12:39","modified_gmt":"2025-03-16T23:12:39","slug":"personagem-do-cruzeiro-beto-pretti-um-craque-que-deixou-saudades","status":"publish","type":"post","link":"https:\/\/memoriadaculturaesportebsb.com.br\/index.php\/2025\/03\/16\/personagem-do-cruzeiro-beto-pretti-um-craque-que-deixou-saudades\/","title":{"rendered":"PERSONAGEM DO CRUZEIRO:\u00a0Beto Pretti, um craque\u00a0que deixou saudades"},"content":{"rendered":"<p><strong>Por H\u00e9lio Tremendani<\/strong><\/p>\n<p><strong><em>Um dos maiores craques que j\u00e1 jogou em Bras\u00edlia, Alberto Jos\u00e9 Pretti Filho, o Beto Pretti, nasceu em 7 de junho de 1935, em Colatina, no Esp\u00edrito Santo. Foi l\u00e1 que ele come\u00e7ou a praticar o futebol, inicialmente jogando pela Uni\u00e3o Atl\u00e9tica Col\u00e9gio Estadual de Colatina. O time era formado por jovens estudantes, mas, com o tempo, foi extinto. Profissionalmente, ele come\u00e7ou a jogar quando tinha 20 anos, em 1955.<\/em><\/strong><\/p>\n<p><a href=\"https:\/\/memoriadaculturaesportebsb.com.br\/wp-content\/uploads\/2025\/03\/beto1.jpg\"><img loading=\"lazy\" decoding=\"async\" class=\"alignleft size-full wp-image-3107\" src=\"https:\/\/memoriadaculturaesportebsb.com.br\/wp-content\/uploads\/2025\/03\/beto1.jpg\" alt=\"\" width=\"164\" height=\"202\" \/><\/a>Com o tempo, Beto Pretti veio para Bras\u00edlia e, inicialmente, jogando na Associa\u00e7\u00e3o Esportiva Cruzeiro do Sul e no Rabello, na Vila Planalto, revelou-se um dos melhores jogadores nestes 65 anos de hist\u00f3ria do futebol da capital da Rep\u00fablica. Eu tive o privil\u00e9gio de ter visto Beto Pretti jogar.<\/p>\n<p>Em 1963, ainda muito novo, assisti a quase todos os jogos da vitoriosa campanha do time Cruzeirense. Naquela \u00e9poca, eu acompanhava o meu irm\u00e3o Melo, que era beque central do time e, um dia, teve a felicidade de enfrentar o Santos, da Vila Belmiro, com Pel\u00e9 e outros craques, mas essa \u00e9 uma hist\u00f3ria que j\u00e1 contei mas voltarei a contar com mais detalhes.<\/p>\n<p>Volto ao nosso personagem: no Campeonato Brasiliense de 1963, lembro perfeitamente do jogo do Cruzeiro contra o Guar\u00e1, partida dif\u00edcil, pois o time do ent\u00e3o bairro do Gavi\u00e3o perdeu muitos gols no primeiro tempo.<\/p>\n<p><strong>Estrat\u00e9gia<\/strong><\/p>\n<p>No intervalo, eu estava pr\u00f3ximo do vesti\u00e1rio e ouvi o Beto pedindo que o Belini, centroavante do Cruzeiro, ficasse plantado em frente \u00e0 \u00e1rea advers\u00e1ria que, com um passe, ele ia coloc\u00e1-lo cara a cara com o goleiro do Guar\u00e1, bastando que finalizasse para marcar o gol cruzeirense. Com alguns minutos do segundo tempo, a estrat\u00e9gia do Beto deu certo, com Belini marcando o gol cruzeirense. \u00a0Beto Pretti, o nosso craque, era perfeccionista. Ele analisava o jogo, montava estrat\u00e9gias, tinha lideran\u00e7a. Mesmo jogando em campos de barro, sabia orientar o time dentro e fora das quatro linhas.<\/p>\n<p><strong><em>Time da Construtora Rabello<\/em><\/strong><\/p>\n<figure id=\"attachment_3108\" aria-describedby=\"caption-attachment-3108\" style=\"width: 310px\" class=\"wp-caption aligncenter\"><a href=\"https:\/\/memoriadaculturaesportebsb.com.br\/wp-content\/uploads\/2025\/03\/beto2.jpg\"><img loading=\"lazy\" decoding=\"async\" class=\"size-full wp-image-3108\" src=\"https:\/\/memoriadaculturaesportebsb.com.br\/wp-content\/uploads\/2025\/03\/beto2.jpg\" alt=\"\" width=\"310\" height=\"190\" srcset=\"https:\/\/memoriadaculturaesportebsb.com.br\/wp-content\/uploads\/2025\/03\/beto2.jpg 310w, https:\/\/memoriadaculturaesportebsb.com.br\/wp-content\/uploads\/2025\/03\/beto2-300x184.jpg 300w\" sizes=\"auto, (max-width: 310px) 100vw, 310px\" \/><\/a><figcaption id=\"caption-attachment-3108\" class=\"wp-caption-text\">\u00c0 esquerda, de cal\u00e7a e camisa, Beto Pretti; a direita, em p\u00e9, de chap\u00e9u e \u00f3culos, o massagista An\u00edsio (Foto do acervo de An\u00edsio)<\/figcaption><\/figure>\n<p>O melhor \u00e9 que ele era sempre ouvido pelos dirigentes, exercia com perfei\u00e7\u00e3o a atribui\u00e7\u00e3o de capit\u00e3o do time, sempre atento na arbitragem. Ao longo da carreira, formou-se em Odontologia e chegou a passar em concurso p\u00fablico em Bras\u00edlia.<\/p>\n<p>Tempos depois, quando encerrou a carreira, Beto levou seus conhecimentos, como t\u00e9cnico, para quase todos os times do Esp\u00edrito Santo, conquistando v\u00e1rios t\u00edtulos.<\/p>\n<p>Nas pesquisas que fiz para melhor ilustrar esta \u201cmem\u00f3ria\u201d, li que Beto Pretti come\u00e7ou a carreira profissional em 1955, ou seja, quando tinha 20 anos. Dois anos depois, tornou-se bicampe\u00e3o capixaba com os t\u00edtulos estaduais de 1957 e 1958, atuando pelo Rio Branco, de Vit\u00f3ria.<\/p>\n<p>Em 1967, quando deixou Bras\u00edlia, Beto retornou ao seu estado de origem, onde conquistou t\u00edtulos estaduais como t\u00e9cnico. Inicialmente, pelo Rio Branco, sagrando-se bicampe\u00e3o, 1968 e 1970. E ganhou, tamb\u00e9m, o campeonato de Vit\u00f3ria, em 1969.<\/p>\n<p>&nbsp;<\/p>\n","protected":false},"excerpt":{"rendered":"<p>Por H\u00e9lio Tremendani Um dos maiores craques que j\u00e1 jogou em Bras\u00edlia, Alberto Jos\u00e9 Pretti Filho, o Beto Pretti, nasceu em 7 de junho de 1935, em Colatina, no Esp\u00edrito Santo. Foi l\u00e1 que ele come\u00e7ou a praticar o futebol, inicialmente jogando pela Uni\u00e3o Atl\u00e9tica Col\u00e9gio Estadual de Colatina. O time era formado por jovens &hellip;<\/p>\n","protected":false},"author":2,"featured_media":0,"comment_status":"closed","ping_status":"closed","sticky":false,"template":"","format":"standard","meta":{"footnotes":""},"categories":[13,3,4,16],"tags":[],"class_list":["post-3106","post","type-post","status-publish","format-standard","","category-colunistas","category-destaque","category-esporte","category-helio-tremendani"],"_links":{"self":[{"href":"https:\/\/memoriadaculturaesportebsb.com.br\/index.php\/wp-json\/wp\/v2\/posts\/3106","targetHints":{"allow":["GET"]}}],"collection":[{"href":"https:\/\/memoriadaculturaesportebsb.com.br\/index.php\/wp-json\/wp\/v2\/posts"}],"about":[{"href":"https:\/\/memoriadaculturaesportebsb.com.br\/index.php\/wp-json\/wp\/v2\/types\/post"}],"author":[{"embeddable":true,"href":"https:\/\/memoriadaculturaesportebsb.com.br\/index.php\/wp-json\/wp\/v2\/users\/2"}],"replies":[{"embeddable":true,"href":"https:\/\/memoriadaculturaesportebsb.com.br\/index.php\/wp-json\/wp\/v2\/comments?post=3106"}],"version-history":[{"count":1,"href":"https:\/\/memoriadaculturaesportebsb.com.br\/index.php\/wp-json\/wp\/v2\/posts\/3106\/revisions"}],"predecessor-version":[{"id":3109,"href":"https:\/\/memoriadaculturaesportebsb.com.br\/index.php\/wp-json\/wp\/v2\/posts\/3106\/revisions\/3109"}],"wp:attachment":[{"href":"https:\/\/memoriadaculturaesportebsb.com.br\/index.php\/wp-json\/wp\/v2\/media?parent=3106"}],"wp:term":[{"taxonomy":"category","embeddable":true,"href":"https:\/\/memoriadaculturaesportebsb.com.br\/index.php\/wp-json\/wp\/v2\/categories?post=3106"},{"taxonomy":"post_tag","embeddable":true,"href":"https:\/\/memoriadaculturaesportebsb.com.br\/index.php\/wp-json\/wp\/v2\/tags?post=3106"}],"curies":[{"name":"wp","href":"https:\/\/api.w.org\/{rel}","templated":true}]}}