{"id":3102,"date":"2025-03-10T18:31:25","date_gmt":"2025-03-10T21:31:25","guid":{"rendered":"https:\/\/memoriadaculturaesportebsb.com.br\/?p=3102"},"modified":"2025-03-10T18:31:25","modified_gmt":"2025-03-10T21:31:25","slug":"sugestao-de-leitura-voltando-em-paz","status":"publish","type":"post","link":"https:\/\/memoriadaculturaesportebsb.com.br\/index.php\/2025\/03\/10\/sugestao-de-leitura-voltando-em-paz\/","title":{"rendered":"SUGEST\u00c3O DE LEITURA: \u201cVoltando em Paz\u201d"},"content":{"rendered":"<p>Por Jos\u00e9 Cruz<\/p>\n<p style=\"text-align: center;\"><strong><em><a href=\"https:\/\/memoriadaculturaesportebsb.com.br\/wp-content\/uploads\/2025\/03\/hamas1.jpg\"><img loading=\"lazy\" decoding=\"async\" class=\"aligncenter size-full wp-image-3103\" src=\"https:\/\/memoriadaculturaesportebsb.com.br\/wp-content\/uploads\/2025\/03\/hamas1.jpg\" alt=\"\" width=\"567\" height=\"283\" srcset=\"https:\/\/memoriadaculturaesportebsb.com.br\/wp-content\/uploads\/2025\/03\/hamas1.jpg 567w, https:\/\/memoriadaculturaesportebsb.com.br\/wp-content\/uploads\/2025\/03\/hamas1-300x150.jpg 300w\" sizes=\"auto, (max-width: 567px) 100vw, 567px\" \/><\/a><br \/>\nQuando o Hamas atacou Israel em 7 de outubro de 2023, dando in\u00edcio a uma guerra em que mais de tr\u00eas mil crian\u00e7as morreram na Faixa de Gaza, o governo brasileiro agiu imediatamente para retirar brasileiros que moravam na regi\u00e3o do conflito.<\/em><\/strong><\/p>\n<p>\u00c9 essa opera\u00e7\u00e3o, \u201cVoltando em Paz\u201d, que \u00e9 narrada nesse livro que agora encontra-se \u00e0 disposi\u00e7\u00e3o na Biblioteca da Aruc. A publica\u00e7\u00e3o, iniciativa da Secretaria de Comunica\u00e7\u00e3o da Presid\u00eancia da Rep\u00fablica, conta em detalhes todos os movimentos governamentais para o repatriamento de 1.477 pessoas e 53 animais de estima\u00e7\u00e3o resgatados.<\/p>\n<p><strong><em>\u201cEram quase 15h de 11 de outubro, quatro dias ap\u00f3s o in\u00edcio dos ataques, quando o presidente Lula foi informado de que uma aeronave KC-30, um Airbus A330 200 da For\u00e7a A\u00e9rea Brasileira, havia decolado de Tel Aviv rumo \u00e0 Base A\u00e9rea de Bras\u00edlia. A bordo, os primeiros 211 brasileiros repatriados\u201d.<\/em><\/strong><\/p>\n<p>\u00c9 assim que come\u00e7a a narrativa de Luiz Roberto Magalh\u00e3es, um experiente rep\u00f3rter com s\u00f3lida experi\u00eancia internacional, que redigiu a publica\u00e7\u00e3o de 80 p\u00e1ginas, com fartura de imagens, inclusive as que mostram todos os passos dessa iniciativa de governo.<\/p>\n<p>\u201cA agilidade e prontid\u00e3o do Governo Federal para identificar os brasileiros, cadastrar os que tinham interesse em retornar ao pa\u00eds e articular todos os elos diplom\u00e1ticos na regi\u00e3o foram essenciais para que os 1.477 passageiros fossem resgatados em dez voos de repatria\u00e7\u00e3o realizados entre 11 de outubro e 13 de novembro\u201d, escreveu o rep\u00f3rter.<\/p>\n<p><a href=\"https:\/\/memoriadaculturaesportebsb.com.br\/wp-content\/uploads\/2025\/03\/hamas2.jpg\"><img loading=\"lazy\" decoding=\"async\" class=\"alignleft size-medium wp-image-3104\" src=\"https:\/\/memoriadaculturaesportebsb.com.br\/wp-content\/uploads\/2025\/03\/hamas2-300x208.jpg\" alt=\"\" width=\"300\" height=\"208\" srcset=\"https:\/\/memoriadaculturaesportebsb.com.br\/wp-content\/uploads\/2025\/03\/hamas2-300x208.jpg 300w, https:\/\/memoriadaculturaesportebsb.com.br\/wp-content\/uploads\/2025\/03\/hamas2-110x75.jpg 110w, https:\/\/memoriadaculturaesportebsb.com.br\/wp-content\/uploads\/2025\/03\/hamas2.jpg 636w\" sizes=\"auto, (max-width: 300px) 100vw, 300px\" \/><\/a>Com texto emocionante, o livro \u201cVoltando em Paz\u201d narra, tamb\u00e9m, a reta final da opera\u00e7\u00e3o, que tratou do acolhimento e prote\u00e7\u00e3o dos estrangeiros que vieram para o Brasil, sendo 11 palestinos, tr\u00eas bolivianos e uma jordaniana. Poucos sabem, nos voos que sa\u00edam do Brasil os avi\u00f5es levavam mantimentos e kits de sa\u00fade e alimentos doados para a popula\u00e7\u00e3o da regi\u00e3o duramente atingida por Israel.<\/p>\n<p><strong><em>No total, foram 315 horas de voo, 16 pa\u00edses sobrevoados e 3 mil refei\u00e7\u00f5es servidas durante as viagens. A solidariedade teve, ainda, o apoio do Movimento dos Sem Terra, MST, que doou 1,5 toneladas de alimentos para as fam\u00edlias atingidas pelo conflito. <\/em><\/strong><\/p>\n","protected":false},"excerpt":{"rendered":"<p>Por Jos\u00e9 Cruz Quando o Hamas atacou Israel em 7 de outubro de 2023, dando in\u00edcio a uma guerra em que mais de tr\u00eas mil crian\u00e7as morreram na Faixa de Gaza, o governo brasileiro agiu imediatamente para retirar brasileiros que moravam na regi\u00e3o do conflito. \u00c9 essa opera\u00e7\u00e3o, \u201cVoltando em Paz\u201d, que \u00e9 narrada nesse &hellip;<\/p>\n","protected":false},"author":2,"featured_media":0,"comment_status":"closed","ping_status":"closed","sticky":false,"template":"","format":"standard","meta":{"footnotes":""},"categories":[13,2,3,14],"tags":[],"class_list":["post-3102","post","type-post","status-publish","format-standard","","category-colunistas","category-cultura","category-destaque","category-jose-cruz"],"_links":{"self":[{"href":"https:\/\/memoriadaculturaesportebsb.com.br\/index.php\/wp-json\/wp\/v2\/posts\/3102","targetHints":{"allow":["GET"]}}],"collection":[{"href":"https:\/\/memoriadaculturaesportebsb.com.br\/index.php\/wp-json\/wp\/v2\/posts"}],"about":[{"href":"https:\/\/memoriadaculturaesportebsb.com.br\/index.php\/wp-json\/wp\/v2\/types\/post"}],"author":[{"embeddable":true,"href":"https:\/\/memoriadaculturaesportebsb.com.br\/index.php\/wp-json\/wp\/v2\/users\/2"}],"replies":[{"embeddable":true,"href":"https:\/\/memoriadaculturaesportebsb.com.br\/index.php\/wp-json\/wp\/v2\/comments?post=3102"}],"version-history":[{"count":1,"href":"https:\/\/memoriadaculturaesportebsb.com.br\/index.php\/wp-json\/wp\/v2\/posts\/3102\/revisions"}],"predecessor-version":[{"id":3105,"href":"https:\/\/memoriadaculturaesportebsb.com.br\/index.php\/wp-json\/wp\/v2\/posts\/3102\/revisions\/3105"}],"wp:attachment":[{"href":"https:\/\/memoriadaculturaesportebsb.com.br\/index.php\/wp-json\/wp\/v2\/media?parent=3102"}],"wp:term":[{"taxonomy":"category","embeddable":true,"href":"https:\/\/memoriadaculturaesportebsb.com.br\/index.php\/wp-json\/wp\/v2\/categories?post=3102"},{"taxonomy":"post_tag","embeddable":true,"href":"https:\/\/memoriadaculturaesportebsb.com.br\/index.php\/wp-json\/wp\/v2\/tags?post=3102"}],"curies":[{"name":"wp","href":"https:\/\/api.w.org\/{rel}","templated":true}]}}