{"id":3099,"date":"2025-03-10T16:15:26","date_gmt":"2025-03-10T19:15:26","guid":{"rendered":"https:\/\/memoriadaculturaesportebsb.com.br\/?p=3099"},"modified":"2025-03-10T16:15:26","modified_gmt":"2025-03-10T19:15:26","slug":"martinho-da-vila-e-a-visita-surpresa-do-governador-cristovam-buarque","status":"publish","type":"post","link":"https:\/\/memoriadaculturaesportebsb.com.br\/index.php\/2025\/03\/10\/martinho-da-vila-e-a-visita-surpresa-do-governador-cristovam-buarque\/","title":{"rendered":"Martinho da Vila e a visita surpresa\u00a0do governador Cristovam Buarque"},"content":{"rendered":"<p><a href=\"https:\/\/memoriadaculturaesportebsb.com.br\/wp-content\/uploads\/2025\/03\/martinho.jpg\"><img loading=\"lazy\" decoding=\"async\" class=\"alignleft size-full wp-image-3100\" src=\"https:\/\/memoriadaculturaesportebsb.com.br\/wp-content\/uploads\/2025\/03\/martinho.jpg\" alt=\"\" width=\"266\" height=\"295\" \/><\/a>Por H\u00e9lio Tremendani<\/p>\n<p>Em 1995, fui indicado pelo administrador do Cruzeiro para coordenar o Projeto \u201cTemporadas Populares\u2019, na Aruc. O evento era promovido pela Secretaria de Cultura e tinha na coordena\u00e7\u00e3o o produtor cultural Milsinho. Era um grande desafio trazer sambistas consagrados durante um m\u00eas, nos finais de semana. Mas, eu tinha bons contatos no Rio de Janeiro e fui \u00e0 luta para estruturar o evento.<\/p>\n<p>Um dos shows foi o do Martinho da Vila com a sua Banda. Neste dia, a entidade cruzeirense recebeu mais de dez mil pessoas, entre elas o ent\u00e3o governador Cristovam Buarque, que, ao chegar, quis ir ao camarim cumprimentar o consagrado sambista carioca.<\/p>\n<p>Naquele momento, sugeri um caminho desviando da multid\u00e3o, mas o governador n\u00e3o concordou e resolveu passar no meio das pessoas. Era um risco uma autoridade circular entre um enorme p\u00fablico de populares, sambistas e pol\u00edticos, mas n\u00e3o tivemos como fugir.<\/p>\n<p>Imediatamente, solicitei ao diretor da Aruc, Marcio Careca, que mobilizasse todos os atletas e dirigentes que ali estavam, al\u00e9m dos seguran\u00e7as, para ajudar a levar o ilustre visitante ao camarim. Era um percurso de 50 metros, aproximadamente. Foi um sufoco e a caminhada durou uma eternidade, pois Cristovam era muito popular e querido. Enfim, o esquema funcionou como num milagre e tudo deu certo. E, o melhor, foi muito bom ver a alegria do Martinho da Vila ao receber o governador em seu camarim, pois eram amigos.<\/p>\n<p>O show foi um sucesso e mais uma vez eu e a equipe de dirigentes s\u00f3 t\u00ednhamos que comemorar.<\/p>\n<p>L\u00e1 do c\u00e9u, nosso eterno presidente Sabino certamente estava feliz, pois a sua &#8220;Jovem Guarda&#8221; deu conta do recado, mesmo em momentos tensos como aquele que vivemos. Para isso, seguimos os seus conselhos e ensinamentos; humildemente, hav\u00edamos aprendido a li\u00e7\u00e3o de trabalhar em equipe.<\/p>\n<p>\u201cJovem Guarda\u201d era como nosso Mestre chamava um grupo de garotos, por ele convidados, para compor a sua diretoria. Grande Sabino, grande Escola que tivemos.<\/p>\n","protected":false},"excerpt":{"rendered":"<p>Por H\u00e9lio Tremendani Em 1995, fui indicado pelo administrador do Cruzeiro para coordenar o Projeto \u201cTemporadas Populares\u2019, na Aruc. O evento era promovido pela Secretaria de Cultura e tinha na coordena\u00e7\u00e3o o produtor cultural Milsinho. Era um grande desafio trazer sambistas consagrados durante um m\u00eas, nos finais de semana. Mas, eu tinha bons contatos no &hellip;<\/p>\n","protected":false},"author":2,"featured_media":0,"comment_status":"closed","ping_status":"closed","sticky":false,"template":"","format":"standard","meta":{"footnotes":""},"categories":[13,2,3,16],"tags":[],"class_list":["post-3099","post","type-post","status-publish","format-standard","","category-colunistas","category-cultura","category-destaque","category-helio-tremendani"],"_links":{"self":[{"href":"https:\/\/memoriadaculturaesportebsb.com.br\/index.php\/wp-json\/wp\/v2\/posts\/3099","targetHints":{"allow":["GET"]}}],"collection":[{"href":"https:\/\/memoriadaculturaesportebsb.com.br\/index.php\/wp-json\/wp\/v2\/posts"}],"about":[{"href":"https:\/\/memoriadaculturaesportebsb.com.br\/index.php\/wp-json\/wp\/v2\/types\/post"}],"author":[{"embeddable":true,"href":"https:\/\/memoriadaculturaesportebsb.com.br\/index.php\/wp-json\/wp\/v2\/users\/2"}],"replies":[{"embeddable":true,"href":"https:\/\/memoriadaculturaesportebsb.com.br\/index.php\/wp-json\/wp\/v2\/comments?post=3099"}],"version-history":[{"count":1,"href":"https:\/\/memoriadaculturaesportebsb.com.br\/index.php\/wp-json\/wp\/v2\/posts\/3099\/revisions"}],"predecessor-version":[{"id":3101,"href":"https:\/\/memoriadaculturaesportebsb.com.br\/index.php\/wp-json\/wp\/v2\/posts\/3099\/revisions\/3101"}],"wp:attachment":[{"href":"https:\/\/memoriadaculturaesportebsb.com.br\/index.php\/wp-json\/wp\/v2\/media?parent=3099"}],"wp:term":[{"taxonomy":"category","embeddable":true,"href":"https:\/\/memoriadaculturaesportebsb.com.br\/index.php\/wp-json\/wp\/v2\/categories?post=3099"},{"taxonomy":"post_tag","embeddable":true,"href":"https:\/\/memoriadaculturaesportebsb.com.br\/index.php\/wp-json\/wp\/v2\/tags?post=3099"}],"curies":[{"name":"wp","href":"https:\/\/api.w.org\/{rel}","templated":true}]}}