{"id":3092,"date":"2025-03-03T16:43:07","date_gmt":"2025-03-03T19:43:07","guid":{"rendered":"https:\/\/memoriadaculturaesportebsb.com.br\/?p=3092"},"modified":"2025-03-03T17:41:42","modified_gmt":"2025-03-03T20:41:42","slug":"ainda-estou-aqui-ganha-premio-de-melhor-filme-internacional","status":"publish","type":"post","link":"https:\/\/memoriadaculturaesportebsb.com.br\/index.php\/2025\/03\/03\/ainda-estou-aqui-ganha-premio-de-melhor-filme-internacional\/","title":{"rendered":"Ainda estou aqui ganha pr\u00eamio de melhor filme internacional"},"content":{"rendered":"<p>Por Jos\u00e9 Cruz<\/p>\n<p class=\"s3\"><span class=\"s2\"><span class=\"bumpedFont15\">\u00a0<\/span><\/span><\/p>\n<figure id=\"attachment_3094\" aria-describedby=\"caption-attachment-3094\" style=\"width: 240px\" class=\"wp-caption alignleft\"><a href=\"https:\/\/memoriadaculturaesportebsb.com.br\/wp-content\/uploads\/2025\/03\/D7C13A97-A517-4FE8-AEE2-E855850AD117.jpeg\"><img loading=\"lazy\" decoding=\"async\" class=\"wp-image-3094 size-medium\" src=\"https:\/\/memoriadaculturaesportebsb.com.br\/wp-content\/uploads\/2025\/03\/D7C13A97-A517-4FE8-AEE2-E855850AD117-240x300.jpeg\" alt=\"\" width=\"240\" height=\"300\" srcset=\"https:\/\/memoriadaculturaesportebsb.com.br\/wp-content\/uploads\/2025\/03\/D7C13A97-A517-4FE8-AEE2-E855850AD117-240x300.jpeg 240w, https:\/\/memoriadaculturaesportebsb.com.br\/wp-content\/uploads\/2025\/03\/D7C13A97-A517-4FE8-AEE2-E855850AD117.jpeg 728w\" sizes=\"auto, (max-width: 240px) 100vw, 240px\" \/><\/a><figcaption id=\"caption-attachment-3094\" class=\"wp-caption-text\">Foto: Instagram Fernanda Torres<\/figcaption><\/figure>\n<p class=\"s3\"><span class=\"s2\"><span class=\"bumpedFont15\">Com um filme baseado em fatos<\/span><\/span><span class=\"s2\"><span class=\"bumpedFont15\">, <\/span><\/span><span class=\"s2\"><span class=\"bumpedFont15\">54 anos depois de ocorrido<\/span><\/span><span class=\"s2\"><span class=\"bumpedFont15\">,<\/span><\/span> <span class=\"s2\"><span class=\"bumpedFont15\">o Brasil<\/span><\/span> <span class=\"s2\"><span class=\"bumpedFont15\">ganhou o principal pr\u00eamio do cinema e <\/span><\/span><span class=\"s2\"><span class=\"bumpedFont15\">escancarou ao mundo uma s\u00edntese do que foi <\/span><\/span><span class=\"s2\"><span class=\"bumpedFont15\">a <\/span><\/span><span class=\"s2\"><span class=\"bumpedFont15\">crueldade<\/span><\/span><span class=\"s2\"><span class=\"bumpedFont15\"> \u2013 ainda impune \u2013 d<\/span><\/span><span class=\"s2\"><span class=\"bumpedFont15\">o regime militar<\/span><\/span><span class=\"s2\"><span class=\"bumpedFont15\">, que durou 21 <\/span><\/span><span class=\"s2\"><span class=\"bumpedFont15\">anos<\/span><\/span><span class=\"s2\"><span class=\"bumpedFont15\"> (1964 \u2013 1985)<\/span><\/span><span class=\"s2\"><span class=\"bumpedFont15\">. <\/span><\/span><\/p>\n<p class=\"s3\"><span class=\"s2\"><span class=\"bumpedFont15\">A premia\u00e7\u00e3o <\/span><\/span><span class=\"s2\"><span class=\"bumpedFont15\">de Melhor Filme Internacional, <\/span><\/span><span class=\"s2\"><span class=\"bumpedFont15\">tem significado maior<\/span><\/span><span class=\"s2\"><span class=\"bumpedFont15\">, al\u00e9m de reconhecer Walter Salles como um diretor de elite. O Oscar <\/span><\/span><span class=\"s2\"><span class=\"bumpedFont15\">vem para o Brasil<\/span><\/span><span class=\"s2\"><span class=\"bumpedFont15\"> enquanto ainda se <\/span><\/span><span class=\"s2\"><span class=\"bumpedFont15\">julga a tentativa de novo golpe, dessa vez por inexperientes oficiais de gabinete. <\/span><\/span><\/p>\n<p class=\"s3\"><span class=\"s2\"><span class=\"bumpedFont15\">O pr\u00eamio tem como ponto de partida o livro autobiogr\u00e1fico de Marcelo Rubens Paiva. Ele narra a trajet\u00f3ria do pai, Rubens Paiva, deputado federal em 1971, quando foi preso e morto pela ditadura militar, no Rio de Janeiro. A partir da\u00ed, transforma-se a vida de Eunice Paiva, m\u00e3e do autor, que buscava incessantemente informa\u00e7\u00f5es sobre o marido, levado de casa pelos militares para \u201cdepoimento\u201d do qual <\/span><\/span><span class=\"s2\"><span class=\"bumpedFont15\">n\u00e3o<\/span><\/span><span class=\"s2\"><span class=\"bumpedFont15\"> voltou. <\/span><\/span><\/p>\n<p class=\"s3\"><span class=\"s2\"><span class=\"bumpedFont15\">Essa narrativa \u00e9 valiosa para que as gera\u00e7\u00f5es p\u00f3s 1964 n\u00e3o se aventurem em apoios do g\u00eanero, sem conhecer sobre o que esse regime \u00e9 capaz. <\/span><\/span><span class=\"s2\"><span class=\"bumpedFont15\">Por isso, o Oscar, ao premiar a Arte e os artistas brasileiros, tem o significado de recuperar a triste hist\u00f3ria que tantos ainda desconheciam.<\/span><\/span><\/p>\n<p class=\"s3\"><span class=\"s2\"><span class=\"bumpedFont15\">Oportunas e <\/span><\/span><span class=\"s2\"><span class=\"bumpedFont15\">merecidas<\/span><\/span><span class=\"s2\"><span class=\"bumpedFont15\"> palavras do diretor Walter Salles, na premia\u00e7\u00e3o:<\/span><\/span><\/p>\n<p class=\"s5\"><span class=\"s4\"><span class=\"bumpedFont15\">&#8220;Isso vai para uma mulher que, ap\u00f3s uma perda sofrida durante um regime autorit\u00e1rio, decidiu n\u00e3o se dobrar, mas resistir. Esse pr\u00eamio \u00e9 para ela, seu nome \u00e9 Eunice Paiva<\/span><\/span><span class=\"s4\"><span class=\"bumpedFont15\">\u201d<\/span><\/span><\/p>\n","protected":false},"excerpt":{"rendered":"<p>Por Jos\u00e9 Cruz \u00a0 Com um filme baseado em fatos, 54 anos depois de ocorrido, o Brasil ganhou o principal pr\u00eamio do cinema e escancarou ao mundo uma s\u00edntese do que foi a crueldade \u2013 ainda impune \u2013 do regime militar, que durou 21 anos (1964 \u2013 1985). A premia\u00e7\u00e3o de Melhor Filme Internacional, tem &hellip;<\/p>\n","protected":false},"author":2,"featured_media":0,"comment_status":"closed","ping_status":"closed","sticky":false,"template":"","format":"standard","meta":{"footnotes":""},"categories":[13,2,3,14],"tags":[],"class_list":["post-3092","post","type-post","status-publish","format-standard","","category-colunistas","category-cultura","category-destaque","category-jose-cruz"],"_links":{"self":[{"href":"https:\/\/memoriadaculturaesportebsb.com.br\/index.php\/wp-json\/wp\/v2\/posts\/3092","targetHints":{"allow":["GET"]}}],"collection":[{"href":"https:\/\/memoriadaculturaesportebsb.com.br\/index.php\/wp-json\/wp\/v2\/posts"}],"about":[{"href":"https:\/\/memoriadaculturaesportebsb.com.br\/index.php\/wp-json\/wp\/v2\/types\/post"}],"author":[{"embeddable":true,"href":"https:\/\/memoriadaculturaesportebsb.com.br\/index.php\/wp-json\/wp\/v2\/users\/2"}],"replies":[{"embeddable":true,"href":"https:\/\/memoriadaculturaesportebsb.com.br\/index.php\/wp-json\/wp\/v2\/comments?post=3092"}],"version-history":[{"count":3,"href":"https:\/\/memoriadaculturaesportebsb.com.br\/index.php\/wp-json\/wp\/v2\/posts\/3092\/revisions"}],"predecessor-version":[{"id":3096,"href":"https:\/\/memoriadaculturaesportebsb.com.br\/index.php\/wp-json\/wp\/v2\/posts\/3092\/revisions\/3096"}],"wp:attachment":[{"href":"https:\/\/memoriadaculturaesportebsb.com.br\/index.php\/wp-json\/wp\/v2\/media?parent=3092"}],"wp:term":[{"taxonomy":"category","embeddable":true,"href":"https:\/\/memoriadaculturaesportebsb.com.br\/index.php\/wp-json\/wp\/v2\/categories?post=3092"},{"taxonomy":"post_tag","embeddable":true,"href":"https:\/\/memoriadaculturaesportebsb.com.br\/index.php\/wp-json\/wp\/v2\/tags?post=3092"}],"curies":[{"name":"wp","href":"https:\/\/api.w.org\/{rel}","templated":true}]}}