{"id":3068,"date":"2025-02-26T15:32:26","date_gmt":"2025-02-26T18:32:26","guid":{"rendered":"https:\/\/memoriadaculturaesportebsb.com.br\/?p=3068"},"modified":"2025-02-26T17:55:00","modified_gmt":"2025-02-26T20:55:00","slug":"resistir-para-existir","status":"publish","type":"post","link":"https:\/\/memoriadaculturaesportebsb.com.br\/index.php\/2025\/02\/26\/resistir-para-existir\/","title":{"rendered":"Resistir para Existir"},"content":{"rendered":"<p><strong><em>Por\u00a0H\u00e9lio Tremendani<\/em><\/strong><\/p>\n<p><a href=\"https:\/\/memoriadaculturaesportebsb.com.br\/wp-content\/uploads\/2025\/02\/WhatsApp-Image-2025-02-26-at-16.08.35.jpeg\"><img loading=\"lazy\" decoding=\"async\" class=\"alignleft size-medium wp-image-3073\" src=\"https:\/\/memoriadaculturaesportebsb.com.br\/wp-content\/uploads\/2025\/02\/WhatsApp-Image-2025-02-26-at-16.08.35-289x300.jpeg\" alt=\"\" width=\"289\" height=\"300\" srcset=\"https:\/\/memoriadaculturaesportebsb.com.br\/wp-content\/uploads\/2025\/02\/WhatsApp-Image-2025-02-26-at-16.08.35-289x300.jpeg 289w, https:\/\/memoriadaculturaesportebsb.com.br\/wp-content\/uploads\/2025\/02\/WhatsApp-Image-2025-02-26-at-16.08.35-768x798.jpeg 768w, https:\/\/memoriadaculturaesportebsb.com.br\/wp-content\/uploads\/2025\/02\/WhatsApp-Image-2025-02-26-at-16.08.35.jpeg 981w\" sizes=\"auto, (max-width: 289px) 100vw, 289px\" \/><\/a>A Avenida das Mangueiras, entre Cruzeiro Novo e Cruzeiro Velho, ganhou o alegre agito carnavalesco na tarde do \u00faltimo domingo (23\/2), com o minidesfile de escolas de samba de Bras\u00edlia, sem qualquer apoio financeiro p\u00fablico.<\/p>\n<p>L\u00e1 estiveram representa\u00e7\u00f5es das nossas queridas coirm\u00e3s Acad\u00eamicos da Asa Norte, \u00c1guia Imperial, Aruc, Capela Imperial, Mocidade do Gama, Bola Preta de Sobradinho e Gruvip.<\/p>\n<p>Embaladas pela bateria da Aruc, cada Escola cantou o seu samba-enredo. Foi bonito ver as rainhas, porta-bandeiras e passistas marcando presen\u00e7a nesse Carnaval improvisado, em substitui\u00e7\u00e3o ao tradicional desfile.<\/p>\n<p><strong><em>Os aplausos do p\u00fablico que compareceu foi o reconhecimento maior a essa manifesta\u00e7\u00e3o pac\u00edfica que queria apenas dizer \u201cAinda estamos aqui\u201d!<\/em><\/strong><\/p>\n<p>As autoridades do Distrito Federal n\u00e3o podem continuar insistindo nesse tipo de exterm\u00ednio das Escolas de Samba. Essas institui\u00e7\u00f5es precisam ser respeitadas, antes de tudo, pois est\u00e3o presentes nas ruas da Capital desde as origens de Bras\u00edlia.<\/p>\n<p>Os desfiles carnavalescos daqui se diferenciam dos demais porque reunimos culturas de todas as regi\u00f5es do pa\u00eds. E \u00e9 com a criatividade desse povo que ocorrem os desfiles.<\/p>\n<p><a href=\"https:\/\/memoriadaculturaesportebsb.com.br\/wp-content\/uploads\/2025\/02\/WhatsApp-Image-2025-02-26-at-07.59.41.jpeg\"><img loading=\"lazy\" decoding=\"async\" class=\"aligncenter wp-image-3069 size-full\" src=\"https:\/\/memoriadaculturaesportebsb.com.br\/wp-content\/uploads\/2025\/02\/WhatsApp-Image-2025-02-26-at-07.59.41.jpeg\" alt=\"\" width=\"1600\" height=\"1080\" srcset=\"https:\/\/memoriadaculturaesportebsb.com.br\/wp-content\/uploads\/2025\/02\/WhatsApp-Image-2025-02-26-at-07.59.41.jpeg 1600w, https:\/\/memoriadaculturaesportebsb.com.br\/wp-content\/uploads\/2025\/02\/WhatsApp-Image-2025-02-26-at-07.59.41-300x203.jpeg 300w, https:\/\/memoriadaculturaesportebsb.com.br\/wp-content\/uploads\/2025\/02\/WhatsApp-Image-2025-02-26-at-07.59.41-1024x691.jpeg 1024w, https:\/\/memoriadaculturaesportebsb.com.br\/wp-content\/uploads\/2025\/02\/WhatsApp-Image-2025-02-26-at-07.59.41-768x518.jpeg 768w, https:\/\/memoriadaculturaesportebsb.com.br\/wp-content\/uploads\/2025\/02\/WhatsApp-Image-2025-02-26-at-07.59.41-1536x1037.jpeg 1536w, https:\/\/memoriadaculturaesportebsb.com.br\/wp-content\/uploads\/2025\/02\/WhatsApp-Image-2025-02-26-at-07.59.41-110x75.jpeg 110w\" sizes=\"auto, (max-width: 1600px) 100vw, 1600px\" \/><\/a><\/p>\n<p>Isso tem um valor hist\u00f3rico que n\u00e3o pode ser visto com desprezo pol\u00edtico. Ir na contram\u00e3o dessa realidade agride a ainda recente hist\u00f3ria de nossa querida Capital. As escolas de samba de Bras\u00edlia, por sua import\u00e2ncia e por seu passado, merecem respeito.<\/p>\n<p>N\u00e3o queremos alimentar pol\u00eamicas nem politizar os desfiles, queremos apenas <em>Resistir para Existir.<\/em><\/p>\n","protected":false},"excerpt":{"rendered":"<p>Por\u00a0H\u00e9lio Tremendani A Avenida das Mangueiras, entre Cruzeiro Novo e Cruzeiro Velho, ganhou o alegre agito carnavalesco na tarde do \u00faltimo domingo (23\/2), com o minidesfile de escolas de samba de Bras\u00edlia, sem qualquer apoio financeiro p\u00fablico. L\u00e1 estiveram representa\u00e7\u00f5es das nossas queridas coirm\u00e3s Acad\u00eamicos da Asa Norte, \u00c1guia Imperial, Aruc, Capela Imperial, Mocidade do &hellip;<\/p>\n","protected":false},"author":2,"featured_media":0,"comment_status":"closed","ping_status":"closed","sticky":false,"template":"","format":"standard","meta":{"footnotes":""},"categories":[13,2,16],"tags":[],"class_list":["post-3068","post","type-post","status-publish","format-standard","","category-colunistas","category-cultura","category-helio-tremendani"],"_links":{"self":[{"href":"https:\/\/memoriadaculturaesportebsb.com.br\/index.php\/wp-json\/wp\/v2\/posts\/3068","targetHints":{"allow":["GET"]}}],"collection":[{"href":"https:\/\/memoriadaculturaesportebsb.com.br\/index.php\/wp-json\/wp\/v2\/posts"}],"about":[{"href":"https:\/\/memoriadaculturaesportebsb.com.br\/index.php\/wp-json\/wp\/v2\/types\/post"}],"author":[{"embeddable":true,"href":"https:\/\/memoriadaculturaesportebsb.com.br\/index.php\/wp-json\/wp\/v2\/users\/2"}],"replies":[{"embeddable":true,"href":"https:\/\/memoriadaculturaesportebsb.com.br\/index.php\/wp-json\/wp\/v2\/comments?post=3068"}],"version-history":[{"count":4,"href":"https:\/\/memoriadaculturaesportebsb.com.br\/index.php\/wp-json\/wp\/v2\/posts\/3068\/revisions"}],"predecessor-version":[{"id":3075,"href":"https:\/\/memoriadaculturaesportebsb.com.br\/index.php\/wp-json\/wp\/v2\/posts\/3068\/revisions\/3075"}],"wp:attachment":[{"href":"https:\/\/memoriadaculturaesportebsb.com.br\/index.php\/wp-json\/wp\/v2\/media?parent=3068"}],"wp:term":[{"taxonomy":"category","embeddable":true,"href":"https:\/\/memoriadaculturaesportebsb.com.br\/index.php\/wp-json\/wp\/v2\/categories?post=3068"},{"taxonomy":"post_tag","embeddable":true,"href":"https:\/\/memoriadaculturaesportebsb.com.br\/index.php\/wp-json\/wp\/v2\/tags?post=3068"}],"curies":[{"name":"wp","href":"https:\/\/api.w.org\/{rel}","templated":true}]}}