{"id":3063,"date":"2025-02-17T13:40:19","date_gmt":"2025-02-17T16:40:19","guid":{"rendered":"https:\/\/memoriadaculturaesportebsb.com.br\/?p=3063"},"modified":"2025-02-17T16:39:41","modified_gmt":"2025-02-17T19:39:41","slug":"a-tragedia-e-o-jogo-solidario","status":"publish","type":"post","link":"https:\/\/memoriadaculturaesportebsb.com.br\/index.php\/2025\/02\/17\/a-tragedia-e-o-jogo-solidario\/","title":{"rendered":"A trag\u00e9dia e o\u00a0jogo solid\u00e1rio"},"content":{"rendered":"<p><strong>Por Ricardo Freitas<\/strong><\/p>\n<p>Essa foto \u00e9 de 1983, ou seja, tem 42 anos, quase meio s\u00e9culo. O interessante \u00e9 que n\u00e3o \u00e9 apenas uma foto com jogadores de futebol, mas guarda no seu contexto outra informa\u00e7\u00e3o important\u00edssima. Vamos por partes.<\/p>\n<p>Inicialmente, temos a\u00ed atletas que participaram der um jogo amistoso em que a Sele\u00e7\u00e3o de Bras\u00edlia venceu a de Santa Catarina, por 3&#215;2, no est\u00e1dio Serej\u00e3o. Foi um evento que contou com a presen\u00e7a de jogadores famosos, como Rivelino e Zico.<\/p>\n<p>Vejam s\u00f3 quem \u00e9 quem, da esquerda para a direita:<\/p>\n<figure id=\"attachment_3064\" aria-describedby=\"caption-attachment-3064\" style=\"width: 550px\" class=\"wp-caption aligncenter\"><a href=\"https:\/\/memoriadaculturaesportebsb.com.br\/wp-content\/uploads\/2025\/02\/Imagem8.jpg\"><img loading=\"lazy\" decoding=\"async\" class=\"wp-image-3064 size-full\" src=\"https:\/\/memoriadaculturaesportebsb.com.br\/wp-content\/uploads\/2025\/02\/Imagem8.jpg\" alt=\"\" width=\"550\" height=\"315\" srcset=\"https:\/\/memoriadaculturaesportebsb.com.br\/wp-content\/uploads\/2025\/02\/Imagem8.jpg 550w, https:\/\/memoriadaculturaesportebsb.com.br\/wp-content\/uploads\/2025\/02\/Imagem8-300x172.jpg 300w\" sizes=\"auto, (max-width: 550px) 100vw, 550px\" \/><\/a><figcaption id=\"caption-attachment-3064\" class=\"wp-caption-text\">Foto: massagista Marreta<\/figcaption><\/figure>\n<p><strong>Em p\u00e9:<\/strong> Adriano, Cid\u00e3o, Foca, D\u00e9cio, Pacheco, Manoel Silva, Joaldo, Zinha, Ricardo, Bar\u00e3o, Marreta ( massagista) e Altair (preparador fisico).<\/p>\n<p><strong>Agachados<\/strong>: Rivelino, Raimundinho, Marcelino, Nilson, Santos, Lino, Marquinhos, \u00c9der e Zico.<\/p>\n<p><strong>A outra not\u00edcia<\/strong><\/p>\n<p>Agora, a not\u00edcia \u2013 \u201cescondida\u201d \u2013 que a foto por si s\u00f3 n\u00e3o revela: tratou-se de um amistoso beneficente, ou seja, a renda foi totalmente revertida para a popula\u00e7\u00e3o de Santa Catarina que sofria com cheias e, consequentemente, milhares de desabrigados.<\/p>\n<p>Vejam, pois, os problemas desse tipo que hoje se registram Brasil afora j\u00e1 existiam h\u00e1 43 anos&#8230; Muito mais, at\u00e9, como bem se sabe.<\/p>\n<p>Como esses fatos que se repetem chocam a todos n\u00f3s, centenas e at\u00e9 milhares de pessoas morrem nessas cat\u00e1strofes e, da mesma forma, dezenas de iniciativas de solidariedade s\u00e3o promovidas, a pergunta \u00f3bvia \u00e9: \u201cE da\u00ed, excel\u00eancias, autoridades em geral, que se sucederam nessas quatro d\u00e9cadas, o que foi feito para que as trag\u00e9dias n\u00e3o se repetissem?<\/p>\n<p>Desculpem o desabafo, mas n\u00e3o h\u00e1 como dissociar esses fatos, essas mazelas que ainda nos assustam e continuam matando Brasil afora.<\/p>\n<p>&nbsp;<\/p>\n<p>&nbsp;<\/p>\n<p>&nbsp;<\/p>\n","protected":false},"excerpt":{"rendered":"<p>Por Ricardo Freitas Essa foto \u00e9 de 1983, ou seja, tem 42 anos, quase meio s\u00e9culo. O interessante \u00e9 que n\u00e3o \u00e9 apenas uma foto com jogadores de futebol, mas guarda no seu contexto outra informa\u00e7\u00e3o important\u00edssima. Vamos por partes. Inicialmente, temos a\u00ed atletas que participaram der um jogo amistoso em que a Sele\u00e7\u00e3o de &hellip;<\/p>\n","protected":false},"author":2,"featured_media":0,"comment_status":"closed","ping_status":"closed","sticky":false,"template":"","format":"standard","meta":{"footnotes":""},"categories":[4,14],"tags":[],"class_list":["post-3063","post","type-post","status-publish","format-standard","","category-esporte","category-jose-cruz"],"_links":{"self":[{"href":"https:\/\/memoriadaculturaesportebsb.com.br\/index.php\/wp-json\/wp\/v2\/posts\/3063","targetHints":{"allow":["GET"]}}],"collection":[{"href":"https:\/\/memoriadaculturaesportebsb.com.br\/index.php\/wp-json\/wp\/v2\/posts"}],"about":[{"href":"https:\/\/memoriadaculturaesportebsb.com.br\/index.php\/wp-json\/wp\/v2\/types\/post"}],"author":[{"embeddable":true,"href":"https:\/\/memoriadaculturaesportebsb.com.br\/index.php\/wp-json\/wp\/v2\/users\/2"}],"replies":[{"embeddable":true,"href":"https:\/\/memoriadaculturaesportebsb.com.br\/index.php\/wp-json\/wp\/v2\/comments?post=3063"}],"version-history":[{"count":2,"href":"https:\/\/memoriadaculturaesportebsb.com.br\/index.php\/wp-json\/wp\/v2\/posts\/3063\/revisions"}],"predecessor-version":[{"id":3066,"href":"https:\/\/memoriadaculturaesportebsb.com.br\/index.php\/wp-json\/wp\/v2\/posts\/3063\/revisions\/3066"}],"wp:attachment":[{"href":"https:\/\/memoriadaculturaesportebsb.com.br\/index.php\/wp-json\/wp\/v2\/media?parent=3063"}],"wp:term":[{"taxonomy":"category","embeddable":true,"href":"https:\/\/memoriadaculturaesportebsb.com.br\/index.php\/wp-json\/wp\/v2\/categories?post=3063"},{"taxonomy":"post_tag","embeddable":true,"href":"https:\/\/memoriadaculturaesportebsb.com.br\/index.php\/wp-json\/wp\/v2\/tags?post=3063"}],"curies":[{"name":"wp","href":"https:\/\/api.w.org\/{rel}","templated":true}]}}