{"id":3054,"date":"2025-02-17T13:00:05","date_gmt":"2025-02-17T16:00:05","guid":{"rendered":"https:\/\/memoriadaculturaesportebsb.com.br\/?p=3054"},"modified":"2025-02-17T13:00:05","modified_gmt":"2025-02-17T16:00:05","slug":"as-alegrias-de-vareta-e-a-tristeza-um-carnavalesco","status":"publish","type":"post","link":"https:\/\/memoriadaculturaesportebsb.com.br\/index.php\/2025\/02\/17\/as-alegrias-de-vareta-e-a-tristeza-um-carnavalesco\/","title":{"rendered":"As alegrias de Vareta e a\u00a0tristeza um carnavalesco"},"content":{"rendered":"<p><strong>Por H\u00e9lio Tremendani e Jos\u00e9 Cruz\u00a0\u00a0\u00a0\u00a0\u00a0\u00a0\u00a0\u00a0\u00a0\u00a0\u00a0\u00a0 <\/strong><\/p>\n<p><strong><a href=\"https:\/\/memoriadaculturaesportebsb.com.br\/wp-content\/uploads\/2025\/02\/vareta1.jpg\"><img loading=\"lazy\" decoding=\"async\" class=\"alignleft size-medium wp-image-3055\" src=\"https:\/\/memoriadaculturaesportebsb.com.br\/wp-content\/uploads\/2025\/02\/vareta1-297x300.jpg\" alt=\"\" width=\"297\" height=\"300\" srcset=\"https:\/\/memoriadaculturaesportebsb.com.br\/wp-content\/uploads\/2025\/02\/vareta1-297x300.jpg 297w, https:\/\/memoriadaculturaesportebsb.com.br\/wp-content\/uploads\/2025\/02\/vareta1-768x775.jpg 768w, https:\/\/memoriadaculturaesportebsb.com.br\/wp-content\/uploads\/2025\/02\/vareta1-70x70.jpg 70w, https:\/\/memoriadaculturaesportebsb.com.br\/wp-content\/uploads\/2025\/02\/vareta1-120x120.jpg 120w, https:\/\/memoriadaculturaesportebsb.com.br\/wp-content\/uploads\/2025\/02\/vareta1.jpg 776w\" sizes=\"auto, (max-width: 297px) 100vw, 297px\" \/><\/a>\u201cEx-favelado, eterno carnavalesco, compositor, radialista aposentado, Mestre de Cerim\u00f4nia da Aruc, enfartado, amputado, vice-presidente do Clube Naturista Planat Central. Muito prazer, <em>Wellington Campos<\/em>, mas pode me chamar de <em>Vareta<\/em>\u201d. <\/strong><\/p>\n<p><strong>Em tempos de Rei Momo, Vareta conta sobre a alegria que j\u00e1 dominou o Carnaval brasiliense e a tristeza de agora, quando a capital da Rep\u00fablica vai para o seu terceiro ano consecutivo sem o desfile das escolas de samba. <\/strong><\/p>\n<p>A falta de apoio oficial \u00e9 a principal causa da decad\u00eancia desse segmento cultural, apesar de ser valorizado no resto do pa\u00eds.<\/p>\n<p><strong>Em ritmo de samba<\/strong><\/p>\n<p>Coincid\u00eancias do calend\u00e1rio com a maternidade e foi assim que Vareta veio ao mundo no dia do Folclore nacional, 22 de agosto de 1956.<\/p>\n<p>Chegou na Vila Vint\u00e9m, no Rio de Janeiro, onde seus pais moravam, regi\u00e3o de duas tradicionais escolas de samba cariocas, a Unidos de Padre Miguel e a Mocidade Independente de Padre Miguel. Vareta nasceu ao som de baterias consagradas.<\/p>\n<figure id=\"attachment_3056\" aria-describedby=\"caption-attachment-3056\" style=\"width: 221px\" class=\"wp-caption alignright\"><a href=\"https:\/\/memoriadaculturaesportebsb.com.br\/wp-content\/uploads\/2025\/02\/vareta2.jpg\"><img loading=\"lazy\" decoding=\"async\" class=\"size-medium wp-image-3056\" src=\"https:\/\/memoriadaculturaesportebsb.com.br\/wp-content\/uploads\/2025\/02\/vareta2-221x300.jpg\" alt=\"\" width=\"221\" height=\"300\" srcset=\"https:\/\/memoriadaculturaesportebsb.com.br\/wp-content\/uploads\/2025\/02\/vareta2-221x300.jpg 221w, https:\/\/memoriadaculturaesportebsb.com.br\/wp-content\/uploads\/2025\/02\/vareta2.jpg 312w\" sizes=\"auto, (max-width: 221px) 100vw, 221px\" \/><\/a><figcaption id=\"caption-attachment-3056\" class=\"wp-caption-text\">Na foto, com os pais, Vareta \u00e9 o da direita. No colo da Mam\u00e3e, Helinho, o ca\u00e7ula, e Edinho, \u00e0 frente<\/figcaption><\/figure>\n<p>Em 1961, quando j\u00e1 estava com cinco anos, Vareta veio com a fam\u00edlia para Bras\u00edlia. Seu pai, o carioca H\u00e9lio L\u00edrio Campos, havia sido transferido para a nova sede do Departamento da Imprensa Nacional. A m\u00e3e, Terezinha Maria campos, era paraibana, de Guarabira. Vareta teve a influ\u00eancia dos pais na sua forma\u00e7\u00e3o de sambista. Nesse ambiente cresceu e se revelou destacado integrante da mais premiada escola de samba de Bras\u00edlia, a Associa\u00e7\u00e3o Recreativa Unidos do Cruzeiro, Aruc.<\/p>\n<p><strong><em>\u201cDesde que aqui chegamos, moro na mesma casa. O que mudou foi o nome do bairro: era Gavi\u00e3o \u2013 s\u00edmbolo da Aruc \u2013 e depois passou a ser o tradicional Cruzeiro\u201d.<\/em><\/strong><\/p>\n<p><strong>Coincid\u00eancia<\/strong><\/p>\n<p>H\u00e1 mais coincid\u00eancias na vida desse carnavalesco assumido, que se emociona e entristece quando fala sobre o desinteresse do governo do Distrito Federal pela festa p\u00fablica de maior tradi\u00e7\u00e3o e popularidade no pa\u00eds, o Carnaval.<\/p>\n<p>O envolvimento de Vareta com o samba e com o Carnaval tem um ponto de partida, o seu av\u00f4 materno, Manoel Soares, que criou o primeiro bloco carnavalesco de Guarabira.<\/p>\n<p><a href=\"https:\/\/memoriadaculturaesportebsb.com.br\/wp-content\/uploads\/2025\/02\/vareta3.jpg\"><img loading=\"lazy\" decoding=\"async\" class=\"aligncenter size-full wp-image-3057\" src=\"https:\/\/memoriadaculturaesportebsb.com.br\/wp-content\/uploads\/2025\/02\/vareta3.jpg\" alt=\"\" width=\"550\" height=\"542\" srcset=\"https:\/\/memoriadaculturaesportebsb.com.br\/wp-content\/uploads\/2025\/02\/vareta3.jpg 550w, https:\/\/memoriadaculturaesportebsb.com.br\/wp-content\/uploads\/2025\/02\/vareta3-300x296.jpg 300w, https:\/\/memoriadaculturaesportebsb.com.br\/wp-content\/uploads\/2025\/02\/vareta3-70x70.jpg 70w\" sizes=\"auto, (max-width: 550px) 100vw, 550px\" \/><\/a><\/p>\n<p><strong><em>Na foto, \u00e0 direita e de cartola, Vareta festeja com integrantes da Escola de Samba a conquista de 1975, o s\u00e9timo t\u00edtulo da Aruc<\/em><\/strong><\/p>\n<p>A \u201cveia\u201d do av\u00f4 se manifestou na inspira\u00e7\u00e3o de Vareta no Carnaval de 1977, quando j\u00e1 estava com 21 anos e comp\u00f4s o samba-enredo \u201c<em>Chico Rei, sua Hist\u00f3ria e sua Gl\u00f3ria\u201d<\/em>, que levou a Aruc \u00e0 conquista do tricampeonato dos desfiles oficiais de Bras\u00edlia. No ano seguinte, a Escola chegaria a tetracampeonato.<\/p>\n<p><strong><em><a href=\"https:\/\/memoriadaculturaesportebsb.com.br\/wp-content\/uploads\/2025\/02\/vareta4.jpg\"><img loading=\"lazy\" decoding=\"async\" class=\"alignleft size-full wp-image-3058\" src=\"https:\/\/memoriadaculturaesportebsb.com.br\/wp-content\/uploads\/2025\/02\/vareta4.jpg\" alt=\"\" width=\"283\" height=\"278\" srcset=\"https:\/\/memoriadaculturaesportebsb.com.br\/wp-content\/uploads\/2025\/02\/vareta4.jpg 283w, https:\/\/memoriadaculturaesportebsb.com.br\/wp-content\/uploads\/2025\/02\/vareta4-70x70.jpg 70w\" sizes=\"auto, (max-width: 283px) 100vw, 283px\" \/><\/a>\u201cNos desfiles da Aruc,<\/em><\/strong><\/p>\n<p><strong><em>Mam\u00e3e, Terezinha Maria, <\/em><\/strong><\/p>\n<p><strong><em>desfilava na Ala das Baianas. <\/em><\/strong><\/p>\n<p><strong><em>O meu pai tamb\u00e9m participava, mas ele tinha outra <\/em><\/strong><\/p>\n<p><strong><em>prefer\u00eancia, empurrar <\/em><\/strong><\/p>\n<p><strong><em>os carros aleg\u00f3ricos<\/em><\/strong><\/p>\n<p><strong><em>da Escola\u201d<\/em><\/strong><\/p>\n<p><strong>Tristezas<\/strong><\/p>\n<p>Alegrias a parte, h\u00e1 tristezas desse carnavalesco com o reinado de Momo. Come\u00e7ou em 1981, quando pela primeira vez Bras\u00edlia ficou sem o desfile das escolas de samba. Nos 65 anos de funda\u00e7\u00e3o da cidade, a se comemorar em 21 de Abril, s\u00e3o 13 anos sem desfiles das Escolas de Samba. Os argumentos do governo para justificar a falta de apoio repete-se: aus\u00eancia de verba, em torno de R$ 4 milh\u00f5es para montar toda a infraestrutura, inclusive seguran\u00e7a, e distribuir entre as escolas concorrentes.<\/p>\n<p>Mas, mesmo sem desfile, a Escola da Aruc escolheu os seus sambas-enredos em todos esses anos. Deve-se registrar, por\u00e9m, que em 2020 e 2021 os desfiles foram suspensos devido \u00e0 pandemia de Covid. \u201cEssas paradas s\u00e3o horr\u00edveis, pois desmobiliza, desanima. Para embalar de novo, para voltar ao normal leva tempo\u201d, refor\u00e7a Vareta.<\/p>\n<p><strong>As Avenidas<\/strong><\/p>\n<p>Historicamente, a \u201cAvenida\u201d dos desfiles mudou v\u00e1rias vezes, desde o in\u00edcio, quando as escolas que se apresentavam eram a Independente de Bras\u00edlia, Acad\u00eamicos da Asa Norte, Aruc e Unidos de Sobradinho.<\/p>\n<p>Inicialmente, os desfiles ocorriam na parte superior da Rodovi\u00e1ria. Depois, foi para o Eix\u00e3o Sul, mudou-se para a pista do Aut\u00f3dromo, Taguatinga e Ceil\u00e2ndia. Da\u00ed, voltou ao Plano Piloto, pela pista de descida do Hotel Nacional, foi para a W3 Sul e o \u00faltimo desfile j\u00e1 foi no Eixo Monumental, altura do Centro de Conven\u00e7\u00f5es. Vale aqui um esclarecimento: a Aruc, fundada\u00a0 em 21 de outubro de 1961, come\u00e7ou a participar do Carnaval de Bras\u00edlia a partir de 1962, com um honroso terceiro lugar.<\/p>\n<p>Eram tempos, segundo Vareta e H\u00e9lio, em que as passarelas ficavam lotadas de populares, mostrando que h\u00e1 p\u00fablico que gosta muito dos desfiles das Escolas de Samba. \u201cOs jornais da \u00e9poca, as emissoras de r\u00e1dio e de TV davam generosos espa\u00e7os para a cobertura dos desfiles da Escolas\u201d, diz Vareta.<\/p>\n<p><strong><em>Fosse vivo, o arquiteto Oscar Niemayer j\u00e1 teria criado uma Passarela oficial, culturalmente integrada \u00e0 paisagem de Bras\u00edlia. Al\u00e9m de artista ele era ousado.<\/em><\/strong><\/p>\n<p><strong> <a href=\"https:\/\/memoriadaculturaesportebsb.com.br\/wp-content\/uploads\/2025\/02\/vareta5.jpg\"><img loading=\"lazy\" decoding=\"async\" class=\"aligncenter size-medium wp-image-3059\" src=\"https:\/\/memoriadaculturaesportebsb.com.br\/wp-content\/uploads\/2025\/02\/vareta5-300x279.jpg\" alt=\"\" width=\"300\" height=\"279\" srcset=\"https:\/\/memoriadaculturaesportebsb.com.br\/wp-content\/uploads\/2025\/02\/vareta5-300x279.jpg 300w, https:\/\/memoriadaculturaesportebsb.com.br\/wp-content\/uploads\/2025\/02\/vareta5.jpg 769w\" sizes=\"auto, (max-width: 300px) 100vw, 300px\" \/><\/a><\/strong><\/p>\n<p style=\"text-align: center;\"><strong><em>Vareta, na Sala de Trof\u00e9us, com o <\/em><\/strong><\/p>\n<p style=\"text-align: center;\"><strong><em>Gavi\u00e3o, s\u00edmbolo da Aruc, e a ta\u00e7a da <\/em><\/strong><\/p>\n<p style=\"text-align: center;\"><strong><em>primeira conquista da Escola, <\/em><\/strong><\/p>\n<p style=\"text-align: center;\"><strong><em>em 1965, h\u00e1 60 anos<\/em><\/strong><\/p>\n<p><strong>A grande li\u00e7\u00e3o <\/strong><\/p>\n<p>Vareta n\u00e3o esquece: \u201cMeu primeiro Carnaval desfilando foi em 1970. Comecei na bateria tocando reco-reco. Atualmente, fa\u00e7o parte do Departamento de Mestre de Cerim\u00f4nia. Na Aruc, j\u00e1 fui tesoureiro, presidente de ala, destaque carnavalesco, autor de samba e autor de enredo\u201d.<\/p>\n<p>Mas, foi em 1974, a Aruc saiu triste da Avenida. Por falta de componentes, a Escola foi desclassificada e n\u00e3o poderia desfilar no ano seguinte.<\/p>\n<p>A resposta foi imediata: \u201cO carnavalesco Nilton de Oliveira, o popular Sabino, assumiu a presid\u00eancia da Aruc e revolucionou o bairro. Convocou a jovem-guarda do Cruzeiro e criou uma verdadeira motiva\u00e7\u00e3o na rapaziada\u201d, conta Vareta, que estava entre os convocados.<\/p>\n<p>\u201cA primeira a\u00e7\u00e3o foi ocupar o terreno onde estava, abandonada, a Associa\u00e7\u00e3o Esportiva Cruzeiro do Sul. Pegamos na enxada, limpamos a \u00e1rea e passamos os ensaios da\u00a0 Escola para a quadra de esportes, com a comunidade acompanhando na arquibancada. Aquele terreno que limpamos e passamos a usar \u00e9 onde hoje est\u00e1, regularizada oficialmente, a sede da Aruc\u201d, recorda Vareta, numa troca de lembran\u00e7as com H\u00e9lio Tremendani, tamb\u00e9m carnavalesco e ex-presidente da Associa\u00e7\u00e3o. A ocupa\u00e7\u00e3o regular do terreno pela da Aruc foi assinado pelo governador do Distrito Federal em 4 de dezembro de 2023.<\/p>\n<p><strong>A grande resposta<\/strong><\/p>\n<p>\u201cAo mesmo tempo dessa a\u00e7\u00e3o, a Sabino entrou com recurso para que a Escola desfilasse em 1975. Conseguimos. Acho que nos atenderam porque estavam com pena. Imaginaram que n\u00e3o ter\u00edamos condi\u00e7\u00f5es de nos recuperar\u201d, conta Vareta.<\/p>\n<p><strong><em>\u201cO que eles n\u00e3o imaginavam \u00e9 que voltar\u00edamos com for\u00e7a total. A comunidade Cruzeirense se mobilizou e fomos para a Avenida com 800 componentes. Um estrondo, um sucesso. Ningu\u00e9m acreditava como t\u00ednhamos nos reerguido, a ponto de conquistarmos o t\u00edtulo de campe\u00f5es daquele ano, o s\u00e9timo na hist\u00f3ria da Aruc\u201d.<\/em><\/strong><\/p>\n<p>O desfile e o t\u00edtulo de 1975 n\u00e3o foram ao acaso. A escola saiu fortalecida daquela li\u00e7\u00e3o e venceu nos quatro anos seguintes, chegando ao tetracampeonato em 1978, o d\u00e9cimo t\u00edtulo da agremia\u00e7\u00e3o.<\/p>\n<p>Naquele ano da recupera\u00e7\u00e3o, 1975, a apura\u00e7\u00e3o dos votos foi feita na Pra\u00e7a 21 de Abril, conhecida como a Pra\u00e7a do \u00cdndio Galdino, na W3 Sul. Cerca de 10 mil pessoas acompanharam aquele momento. Ao final, quando a Aruc foi proclamada campe\u00e3, o presidente Sabino saiu da Pra\u00e7a carregado pelos foli\u00f5es. A Aruc havia dado, com m\u00e9ritos, a volta por cima.<\/p>\n<p><strong>Grande momento<\/strong><\/p>\n<figure id=\"attachment_3060\" aria-describedby=\"caption-attachment-3060\" style=\"width: 416px\" class=\"wp-caption alignright\"><a href=\"https:\/\/memoriadaculturaesportebsb.com.br\/wp-content\/uploads\/2025\/02\/vareta6.jpg\"><img loading=\"lazy\" decoding=\"async\" class=\"wp-image-3060 size-full\" src=\"https:\/\/memoriadaculturaesportebsb.com.br\/wp-content\/uploads\/2025\/02\/vareta6.jpg\" alt=\"\" width=\"416\" height=\"528\" srcset=\"https:\/\/memoriadaculturaesportebsb.com.br\/wp-content\/uploads\/2025\/02\/vareta6.jpg 416w, https:\/\/memoriadaculturaesportebsb.com.br\/wp-content\/uploads\/2025\/02\/vareta6-236x300.jpg 236w\" sizes=\"auto, (max-width: 416px) 100vw, 416px\" \/><\/a><figcaption id=\"caption-attachment-3060\" class=\"wp-caption-text\">Lu\u00eds Carlos Nono empurra a cadeira de Roberto de Lima Machado, na W3 Sul, no desfile da grande vit\u00f3ria de 1975<\/figcaption><\/figure>\n<p>A conquista de campe\u00e3 do Carnaval de 1975 pela Aruc foi o meu grande momento. Ressurgimos das cinzas. Foi o resultado de um trabalho enorme, de uma grande organiza\u00e7\u00e3o. Demos a resposta n\u00e3o s\u00f3 como escola, mas como mobiliza\u00e7\u00e3o da comunidade cruzeirense\u201d, reconhece Vareta. Quando a Escola entrou na Avenida, ningu\u00e9m acreditava que no ano anterior t\u00ednhamos sido rebaixados. E muito se deve, tamb\u00e9m, ao trabalho do carnavalesco Roberto Lima Machado. Ele revolucionou o Carnaval, era o Jo\u00e3ozinho 30 de Bras\u00edlia. Al\u00e9m de carnavalesco, Roberto tinha um poder muito grande para agregar a comunidade. Um pedido dele era uma ordem\u201d.<\/p>\n<p><strong>Sa\u00fade<\/strong><\/p>\n<p>Em meio \u00e0s alegrias e frustra\u00e7\u00f5es com o Carnaval, Vareta enfrentou problemas graves de sa\u00fade, em 2019. Diab\u00e9tico, ele contraiu uma infe\u00e7\u00e3o, a partir de uma pequena ferida no calcanhar. Para evitar o pior, foi preciso amputar parte da perna esquerda, abaixo do joelho. O uso de uma pr\u00f3tese, a partir de ent\u00e3o, permite que ele se mantenha em atividade. Pouco tempo depois da cirurgia, nova surpresa, um infarto do qual tamb\u00e9m escapou, com socorro imediato.<\/p>\n<p>\u201cO an\u00fancio da amputa\u00e7\u00e3o foi do doutor Adriano Galhardo. Ele tremia muito e n\u00e3o sabia como me dizer sobre a decis\u00e3o. Era um m\u00e9dico ainda novo e me confessou que aquele era um momento\u00a0 dif\u00edcil entre o profissional e o paciente\u201d<\/p>\n<p>As ansiedades da fam\u00edlia continuaram, no mesmo ano, com o irm\u00e3o ca\u00e7ula, o Helinho, que n\u00e3o sofria de diabetes. Uma \u201csimples\u201d bolha no p\u00e9 direito evoluiu para um problema maior e a amputa\u00e7\u00e3o tamb\u00e9m foi inevit\u00e1vel. \u201cComo diz Roberto Carlos, foram <em>fortes emo\u00e7\u00f5es&#8230;\u201d, <\/em>consola-se Vareta.<\/p>\n<p><strong>Profissional<\/strong><\/p>\n<p>Vareta \u00e9 servidor p\u00fablico concursado, j\u00e1 aposentado. Foi lotado no Minist\u00e9rio das Comunica\u00e7\u00f5es quando o titular era o ex-governador da Bahia, Ant\u00f4nio Carlos Magalh\u00e3es, conhecido no meio pol\u00edtico por \u201cToninho Malvadeza\u201d.<\/p>\n<p>Entre as suas \u201cmaldades\u201d de ent\u00e3o estava a de n\u00e3o ceder funcion\u00e1rios. Assim, em 1987, rejeitou o pedido para que Vareta fosse para a Radiobr\u00e1s, hoje Empresa Brasileira de Not\u00edcias (EBN).<\/p>\n<p>Por\u00e9m, ao indagar sobre quem era Wellington Campos, soube que se tratava de um funcion\u00e1rio que h\u00e1 pouco tempo havia organizado uma festa \u201cUma Noite na Bahia\u201d. O ministro se interessou pelo assunto mandou cham\u00e1-lo, agradeceu e quebrou a regra, autorizando que Vareta fosse lotado na Radiobr\u00e1s.<\/p>\n<p><strong>Rea\u00e7\u00e3o<\/strong><\/p>\n<p>\u201cCarnaval sem desfile de Escola de Samba n\u00e3o \u00e9 nada bom. Bate um des\u00e2nimo, um vazio, uma tristeza&#8230; O sil\u00eancio domina\u201d, diz Vareta.<\/p>\n<p>\u201cPara evitar que esse des\u00e2nimo cres\u00e7a, haver\u00e1 um desfile no dia 23 de fevereiro, na Avenida das Mangueiras, com a participa\u00e7\u00e3o da Acad\u00eamicos da Asa Norte, \u00c1guia Imperial, Capela Imperial, Mocidade do Gama e Bola Preta\u201d, anuncia Vareta.<\/p>\n<p><strong><em>Como dizia Nelson Sargento,<\/em><\/strong><\/p>\n<p><strong><em>\u201co samba agoniza, mas n\u00e3o morre\u201d&#8230;<\/em><\/strong><\/p>\n<p>Na burocracia da transfer\u00eancia, o servidor encarregado pela papelada disse que n\u00e3o concluiria o processo, pois ced\u00eancias estavam proibidas. Vareta voltou \u00e0 chefia do gabinete ministerial, onde tudo se resolveu conforme a ordem superior de Ant\u00f4nio Carlos Magalh\u00e3es. Na Radiobr\u00e1s, Vareta foi trabalhar na TV Nacional, com o jornalista Walter Lima.<\/p>\n<p>E agora?<\/p>\n<p><strong>Rea\u00e7\u00e3o<\/strong><\/p>\n<p>\u201cCarnaval sem desfile de Escola de Samba n\u00e3o \u00e9 nada bom. Bate um des\u00e2nimo, um vazio, uma tristeza&#8230; O sil\u00eancio domina\u201d, diz Vareta. \u201cPara evitar que esse des\u00e2nimo cres\u00e7a, haver\u00e1 um desfile no dia 23 de fevereiro, na Avenida das Mangueiras, com a participa\u00e7\u00e3o da Acad\u00eamicos da Asa Norte, \u00c1guia Imperial, Capela Imperial, Mocidade do Gama e Bola Preta\u201d, anuncia Vareta.<\/p>\n<p><strong><em>Como dizia Nelson Sargento,<\/em><\/strong><\/p>\n<p><strong><em>\u201co samba agoniza, mas n\u00e3o morre\u201d&#8230;<\/em><\/strong><\/p>\n<p><strong>Obrigado, Vareta<\/strong><\/p>\n<p>Na entrevista que concedeu \u00e0<em> Mem\u00f3ria da Cultura e do Esporte em Bras\u00edlia<\/em>, Vareta contou passagens maravilhosas e n\u00e3o deixou de revelar, tamb\u00e9m, o lado emotivo de um carnavalesco de fato.<\/p>\n<p>Aqui chegando, aos 5 anos de idade, viu os seus pais contribu\u00edrem para o surgimento do Carnaval brasiliense. Mais tarde, foi a vez de ajudar a fortalecer o que viu nascer.<\/p>\n<p>E faz isso com alma e emo\u00e7\u00e3o, ainda hoje, quando enfrenta a burocracia pol\u00edtica que insiste em esconder a manifesta\u00e7\u00e3o cultural mais expressiva que se pode ter, vinda do sentimento popular.<\/p>\n<figure id=\"attachment_3061\" aria-describedby=\"caption-attachment-3061\" style=\"width: 381px\" class=\"wp-caption aligncenter\"><a href=\"https:\/\/memoriadaculturaesportebsb.com.br\/wp-content\/uploads\/2025\/02\/vareta7.jpg\"><img loading=\"lazy\" decoding=\"async\" class=\"wp-image-3061 size-full\" src=\"https:\/\/memoriadaculturaesportebsb.com.br\/wp-content\/uploads\/2025\/02\/vareta7.jpg\" alt=\"\" width=\"381\" height=\"498\" srcset=\"https:\/\/memoriadaculturaesportebsb.com.br\/wp-content\/uploads\/2025\/02\/vareta7.jpg 381w, https:\/\/memoriadaculturaesportebsb.com.br\/wp-content\/uploads\/2025\/02\/vareta7-230x300.jpg 230w\" sizes=\"auto, (max-width: 381px) 100vw, 381px\" \/><\/a><figcaption id=\"caption-attachment-3061\" class=\"wp-caption-text\">Jos\u00e9 Cruz, Vareta e H\u00e9lio Tremendani<\/figcaption><\/figure>\n<p><strong><em>\u00a0<\/em><\/strong><\/p>\n","protected":false},"excerpt":{"rendered":"<p>Por H\u00e9lio Tremendani e Jos\u00e9 Cruz\u00a0\u00a0\u00a0\u00a0\u00a0\u00a0\u00a0\u00a0\u00a0\u00a0\u00a0\u00a0 \u201cEx-favelado, eterno carnavalesco, compositor, radialista aposentado, Mestre de Cerim\u00f4nia da Aruc, enfartado, amputado, vice-presidente do Clube Naturista Planat Central. Muito prazer, Wellington Campos, mas pode me chamar de Vareta\u201d. Em tempos de Rei Momo, Vareta conta sobre a alegria que j\u00e1 dominou o Carnaval brasiliense e a tristeza de &hellip;<\/p>\n","protected":false},"author":2,"featured_media":0,"comment_status":"closed","ping_status":"closed","sticky":false,"template":"","format":"standard","meta":{"footnotes":""},"categories":[13,2,3,6,14],"tags":[],"class_list":["post-3054","post","type-post","status-publish","format-standard","","category-colunistas","category-cultura","category-destaque","category-entrevistas","category-jose-cruz"],"_links":{"self":[{"href":"https:\/\/memoriadaculturaesportebsb.com.br\/index.php\/wp-json\/wp\/v2\/posts\/3054","targetHints":{"allow":["GET"]}}],"collection":[{"href":"https:\/\/memoriadaculturaesportebsb.com.br\/index.php\/wp-json\/wp\/v2\/posts"}],"about":[{"href":"https:\/\/memoriadaculturaesportebsb.com.br\/index.php\/wp-json\/wp\/v2\/types\/post"}],"author":[{"embeddable":true,"href":"https:\/\/memoriadaculturaesportebsb.com.br\/index.php\/wp-json\/wp\/v2\/users\/2"}],"replies":[{"embeddable":true,"href":"https:\/\/memoriadaculturaesportebsb.com.br\/index.php\/wp-json\/wp\/v2\/comments?post=3054"}],"version-history":[{"count":1,"href":"https:\/\/memoriadaculturaesportebsb.com.br\/index.php\/wp-json\/wp\/v2\/posts\/3054\/revisions"}],"predecessor-version":[{"id":3062,"href":"https:\/\/memoriadaculturaesportebsb.com.br\/index.php\/wp-json\/wp\/v2\/posts\/3054\/revisions\/3062"}],"wp:attachment":[{"href":"https:\/\/memoriadaculturaesportebsb.com.br\/index.php\/wp-json\/wp\/v2\/media?parent=3054"}],"wp:term":[{"taxonomy":"category","embeddable":true,"href":"https:\/\/memoriadaculturaesportebsb.com.br\/index.php\/wp-json\/wp\/v2\/categories?post=3054"},{"taxonomy":"post_tag","embeddable":true,"href":"https:\/\/memoriadaculturaesportebsb.com.br\/index.php\/wp-json\/wp\/v2\/tags?post=3054"}],"curies":[{"name":"wp","href":"https:\/\/api.w.org\/{rel}","templated":true}]}}