{"id":3035,"date":"2025-02-09T17:44:46","date_gmt":"2025-02-09T20:44:46","guid":{"rendered":"https:\/\/memoriadaculturaesportebsb.com.br\/?p=3035"},"modified":"2025-02-09T17:44:46","modified_gmt":"2025-02-09T20:44:46","slug":"jamir-carlos-garcez","status":"publish","type":"post","link":"https:\/\/memoriadaculturaesportebsb.com.br\/index.php\/2025\/02\/09\/jamir-carlos-garcez\/","title":{"rendered":"Jamir Carlos Garcez"},"content":{"rendered":"<p>Por Prof. Francisco Xavier e atleta ol\u00edmpico Joilto Bomfim<\/p>\n<p><a href=\"https:\/\/memoriadaculturaesportebsb.com.br\/wp-content\/uploads\/2025\/02\/WhatsApp-Image-2025-02-08-at-22.21.21.jpeg\"><img loading=\"lazy\" decoding=\"async\" class=\"alignleft wp-image-3036 size-medium\" src=\"https:\/\/memoriadaculturaesportebsb.com.br\/wp-content\/uploads\/2025\/02\/WhatsApp-Image-2025-02-08-at-22.21.21-210x300.jpeg\" alt=\"\" width=\"210\" height=\"300\" srcset=\"https:\/\/memoriadaculturaesportebsb.com.br\/wp-content\/uploads\/2025\/02\/WhatsApp-Image-2025-02-08-at-22.21.21-210x300.jpeg 210w, https:\/\/memoriadaculturaesportebsb.com.br\/wp-content\/uploads\/2025\/02\/WhatsApp-Image-2025-02-08-at-22.21.21-716x1024.jpeg 716w, https:\/\/memoriadaculturaesportebsb.com.br\/wp-content\/uploads\/2025\/02\/WhatsApp-Image-2025-02-08-at-22.21.21-768x1098.jpeg 768w, https:\/\/memoriadaculturaesportebsb.com.br\/wp-content\/uploads\/2025\/02\/WhatsApp-Image-2025-02-08-at-22.21.21-1074x1536.jpeg 1074w, https:\/\/memoriadaculturaesportebsb.com.br\/wp-content\/uploads\/2025\/02\/WhatsApp-Image-2025-02-08-at-22.21.21.jpeg 1080w\" sizes=\"auto, (max-width: 210px) 100vw, 210px\" \/><\/a>Jamir Carlos Garcez, nasceu no dia 4 de dezembro de 1961, no povoado de Mesquita, comunidade remanescente de quilombo, munic\u00edpio da Cidade Ocidental-GO, este territ\u00f3rio tem quase 300 anos de hist\u00f3ria. Filho de Dona Ana Magalh\u00e3es e o Sr. Pedro Garcez, em uma fam\u00edlia de 5 irm\u00e3os ele \u00e9 o mais velho, Gislene, Jucilene Gen\u00ed e Marcos Afr\u00e2nio. Ele recebeu, junto com os irm\u00e3os, incentivo dos pais para estudar e buscar uma vida melhor.<\/p>\n<p>Ele veio para Bras\u00edlia em 1973 para morar no Gama para estudar, Sr. Diogo, o pai, estudou at\u00e9 a quarta s\u00e9rie prim\u00e1ria, ele adorava estudar mais seu pai e irm\u00e3os diziam que naquela \u00e9poca fazer o prim\u00e1rio estava bom, e ele jurou que os filhos iriam estudar, hoje todos os cinco filhos s\u00e3o formados e p\u00f3s-graduados.<\/p>\n<p>Sua carreira esportiva come\u00e7ou no futebol na cidade do Gama na categoria infanto juvenil, depois foi para a equipe Gr\u00eamio Esportivo Brasiliense e para o Bras\u00edlia Esporte Clube onde foi tri campe\u00e3o juvenil.<\/p>\n<p>Jamir, come\u00e7ou no atletismo em 1981 quando entrou na Faculdade Dom Bosco de Educa\u00e7\u00e3o F\u00edsica, o professor Jo\u00e3o de Oliveira, viu seu teste para ingressar na faculdade, principalmente o de Cooper (12 minutos de corrida) 3.280 metros. O prof. Jo\u00e3o, o convidou para fazer parte da equipe de atletismo. Jamir trabalhava o dia todo no Ponto Frio e n\u00e3o teria tempo para treinar. O prof. Jo\u00e3o lhe ofereceu uma bolsa de estudos que poderia chegar at\u00e9 100% e diante desta oferta entrou para equipe de atletismo da faculdade come\u00e7ando nas corridas de rua.<\/p>\n<p>Jamir integrou o PROLIMP (Projeto Olimp\u00edada) e teve como t\u00e9cnica a profa. Maria Terezinha Tofoli, a T\u00e9ia. Relato de Jamir:<\/p>\n<p>\u201csem ela (Teia) eu n\u00e3o teria conseguido bons resultados e consequentemente ir para o Clube de Atletismo do P\u00e3o de A\u00e7\u00facar, e os meus agradecimentos aos professores Ary Fa\u00e7anha, Ant\u00f4nio Carlos Feij\u00e3o e Domingos Guimar\u00e3es (Mingo) \u201d.<\/p>\n<p>Seus principais resultados s\u00e3o:<\/p>\n<p>\u2022\u2060 \u2060Tri campe\u00e3o Brasiliense nos 800m e campe\u00e3o no revezamento 4X400, duas vezes vice-campe\u00e3o nos 400m.<br \/>\n\u2022\u2060 \u2060Como universit\u00e1rio, foi campe\u00e3o paulista pela Universidade Santana, e campe\u00e3o brasileiro universit\u00e1rio nos 800m e no revezamento 4X400m, terceiro lugar no revezamento 4X100m e campe\u00e3o no revezamento 4X400m.<br \/>\n\u2022\u2060 \u2060Ele se transferiu para a equipe do P\u00e3o de A\u00e7\u00facar &#8211; SP, onde foi campe\u00e3o paulista nos 800m, e no revezamento 4X400m, duas vezes terceiro colocado no Trof\u00e9u Brasil de Atletismo, vice-campe\u00e3o do trof\u00e9u Jo\u00e3o Carlos de Oliveira em Curitiba, terceiro lugar no torneio Orlando Gua\u00edta no Chile e no Campeonato Sul Americano de atletismo, em S\u00e3o Paulo.<\/p>\n<p>Jamir participou de 3 meetings internacionais de atletismo em S\u00e3o Paulo, evento com a participa\u00e7\u00e3o de grandes atletas e ele foi pr\u00e9-convocado para a Olimp\u00edadas de Seul.<\/p>\n<p>Ele parou de competir em 1989 devido \u00e0s in\u00fameras contus\u00f5es. A partir de ent\u00e3o, Jamir construiu uma carreira de destaque como \u00e1rbitro de futebol durante 14 anos. Como \u00e1rbitro da CBF foram 14 campeonatos brasileiros, nas s\u00e9ries A, B, C, Copa do Brasil, finais estaduais no Par\u00e1, Piau\u00ed, e Bras\u00edlia, arbitrando um total de 302 jogos, sendo 71 jogos na s\u00e9rie A do Campeonato Brasileiro. Ele \u00e9 analista de arbitragem da Confedera\u00e7\u00e3o Brasileira de Futebol \u2013 CBF.<\/p>\n<p><a href=\"https:\/\/memoriadaculturaesportebsb.com.br\/wp-content\/uploads\/2025\/02\/WhatsApp-Image-2025-02-09-at-22.21.21.jpeg\"><img loading=\"lazy\" decoding=\"async\" class=\"aligncenter wp-image-3037 size-large\" src=\"https:\/\/memoriadaculturaesportebsb.com.br\/wp-content\/uploads\/2025\/02\/WhatsApp-Image-2025-02-09-at-22.21.21-976x1024.jpeg\" alt=\"\" width=\"618\" height=\"648\" srcset=\"https:\/\/memoriadaculturaesportebsb.com.br\/wp-content\/uploads\/2025\/02\/WhatsApp-Image-2025-02-09-at-22.21.21-976x1024.jpeg 976w, https:\/\/memoriadaculturaesportebsb.com.br\/wp-content\/uploads\/2025\/02\/WhatsApp-Image-2025-02-09-at-22.21.21-286x300.jpeg 286w, https:\/\/memoriadaculturaesportebsb.com.br\/wp-content\/uploads\/2025\/02\/WhatsApp-Image-2025-02-09-at-22.21.21-768x806.jpeg 768w, https:\/\/memoriadaculturaesportebsb.com.br\/wp-content\/uploads\/2025\/02\/WhatsApp-Image-2025-02-09-at-22.21.21.jpeg 1075w\" sizes=\"auto, (max-width: 618px) 100vw, 618px\" \/><\/a><\/p>\n<p>Jamir \u00e9 casado com Edna Ara\u00fajo de Lima Garcez, tem 3 filhos Jamir Carlos, Jamyle e Bruno. Ele \u00e9 professor na Secretaria de Educa\u00e7\u00e3o, e gerente de esportes da Associa\u00e7\u00e3o dos Empregados da Ceb \u2013 Asceb.<\/p>\n<p>Parab\u00e9ns Jamir pela sua brilhante carreira como atleta e \u00e1rbitro e sucesso em sua miss\u00e3o profissional.<\/p>\n<p>&nbsp;<\/p>\n","protected":false},"excerpt":{"rendered":"<p>Por Prof. Francisco Xavier e atleta ol\u00edmpico Joilto Bomfim Jamir Carlos Garcez, nasceu no dia 4 de dezembro de 1961, no povoado de Mesquita, comunidade remanescente de quilombo, munic\u00edpio da Cidade Ocidental-GO, este territ\u00f3rio tem quase 300 anos de hist\u00f3ria. Filho de Dona Ana Magalh\u00e3es e o Sr. Pedro Garcez, em uma fam\u00edlia de 5 &hellip;<\/p>\n","protected":false},"author":2,"featured_media":0,"comment_status":"closed","ping_status":"closed","sticky":false,"template":"","format":"standard","meta":{"footnotes":""},"categories":[13,4],"tags":[],"class_list":["post-3035","post","type-post","status-publish","format-standard","","category-colunistas","category-esporte"],"_links":{"self":[{"href":"https:\/\/memoriadaculturaesportebsb.com.br\/index.php\/wp-json\/wp\/v2\/posts\/3035","targetHints":{"allow":["GET"]}}],"collection":[{"href":"https:\/\/memoriadaculturaesportebsb.com.br\/index.php\/wp-json\/wp\/v2\/posts"}],"about":[{"href":"https:\/\/memoriadaculturaesportebsb.com.br\/index.php\/wp-json\/wp\/v2\/types\/post"}],"author":[{"embeddable":true,"href":"https:\/\/memoriadaculturaesportebsb.com.br\/index.php\/wp-json\/wp\/v2\/users\/2"}],"replies":[{"embeddable":true,"href":"https:\/\/memoriadaculturaesportebsb.com.br\/index.php\/wp-json\/wp\/v2\/comments?post=3035"}],"version-history":[{"count":1,"href":"https:\/\/memoriadaculturaesportebsb.com.br\/index.php\/wp-json\/wp\/v2\/posts\/3035\/revisions"}],"predecessor-version":[{"id":3038,"href":"https:\/\/memoriadaculturaesportebsb.com.br\/index.php\/wp-json\/wp\/v2\/posts\/3035\/revisions\/3038"}],"wp:attachment":[{"href":"https:\/\/memoriadaculturaesportebsb.com.br\/index.php\/wp-json\/wp\/v2\/media?parent=3035"}],"wp:term":[{"taxonomy":"category","embeddable":true,"href":"https:\/\/memoriadaculturaesportebsb.com.br\/index.php\/wp-json\/wp\/v2\/categories?post=3035"},{"taxonomy":"post_tag","embeddable":true,"href":"https:\/\/memoriadaculturaesportebsb.com.br\/index.php\/wp-json\/wp\/v2\/tags?post=3035"}],"curies":[{"name":"wp","href":"https:\/\/api.w.org\/{rel}","templated":true}]}}