{"id":3028,"date":"2025-02-02T19:11:27","date_gmt":"2025-02-02T22:11:27","guid":{"rendered":"https:\/\/memoriadaculturaesportebsb.com.br\/?p=3028"},"modified":"2025-02-02T19:12:10","modified_gmt":"2025-02-02T22:12:10","slug":"desporto-universitario-i","status":"publish","type":"post","link":"https:\/\/memoriadaculturaesportebsb.com.br\/index.php\/2025\/02\/02\/desporto-universitario-i\/","title":{"rendered":"Desporto Universit\u00e1rio I"},"content":{"rendered":"<figure id=\"attachment_3029\" aria-describedby=\"caption-attachment-3029\" style=\"width: 300px\" class=\"wp-caption aligncenter\"><a href=\"https:\/\/memoriadaculturaesportebsb.com.br\/wp-content\/uploads\/2025\/02\/94ef237d-e1d6-42a2-9e36-1187bf5aea56.jpeg\"><img loading=\"lazy\" decoding=\"async\" class=\"wp-image-3029 size-medium\" src=\"https:\/\/memoriadaculturaesportebsb.com.br\/wp-content\/uploads\/2025\/02\/94ef237d-e1d6-42a2-9e36-1187bf5aea56-300x199.jpeg\" alt=\"\" width=\"300\" height=\"199\" srcset=\"https:\/\/memoriadaculturaesportebsb.com.br\/wp-content\/uploads\/2025\/02\/94ef237d-e1d6-42a2-9e36-1187bf5aea56-300x199.jpeg 300w, https:\/\/memoriadaculturaesportebsb.com.br\/wp-content\/uploads\/2025\/02\/94ef237d-e1d6-42a2-9e36-1187bf5aea56-768x510.jpeg 768w, https:\/\/memoriadaculturaesportebsb.com.br\/wp-content\/uploads\/2025\/02\/94ef237d-e1d6-42a2-9e36-1187bf5aea56-310x205.jpeg 310w, https:\/\/memoriadaculturaesportebsb.com.br\/wp-content\/uploads\/2025\/02\/94ef237d-e1d6-42a2-9e36-1187bf5aea56.jpeg 960w\" sizes=\"auto, (max-width: 300px) 100vw, 300px\" \/><\/a><figcaption id=\"caption-attachment-3029\" class=\"wp-caption-text\">Equipe da Faculdade Dom Bosco em S\u00e3o Paulo, campe\u00e3 por equipe: Valtinho Silva,Francisco Xavier, Grazi Fernandes, C\u00edcero de Jesus, Luis Ant\u00f4nio Vitelli e Franco Alves.<\/figcaption><\/figure>\n<p>Desporto Universit\u00e1rio (I): O esporte universit\u00e1rio na capital federal divide-se em quando s\u00f3 havia UNB e ap\u00f3s o surgimento das outras universidades (68). Regido pela FAUnB, nasce em 1968 a Federa\u00e7\u00e3o Atl\u00e9tica da Universidade de Bras\u00edlia, reformulando seus estatutos para que outras institui\u00e7\u00f5es de ensino superior tamb\u00e9m pudessem participar, desvinculado-se da UnB em 76, mudando para a Federa\u00e7\u00e3o Atl\u00e9tica Universit\u00e1ria de Bras\u00edlia.<\/p>\n<p>Na \u00e9poca, os universit\u00e1rios candangos estavam limitados aos Jogos Universit\u00e1rios do DF e aos Jogos Universit\u00e1rios Brasileiros. Todas as universidades tinham suas associa\u00e7\u00f5es atl\u00e9ticas acad\u00eamicas &#8211; UnB, CEUB, UDF, UPIS, CAT\u00d3LICA E DOM BOSCO.<\/p>\n<p>No atletismo, se destacavam em 77\/78 Valtinho da Silva, Francisco Xavier, Grazi Fernandes, C\u00edcero de Jesus, Luis Antonio Vitelli, Herminio e Franco Alves, no feminino (79) S\u00f4nia, Aldo, Edna, Vit\u00f3ria, Denise e Luzia.<\/p>\n<figure id=\"attachment_3030\" aria-describedby=\"caption-attachment-3030\" style=\"width: 191px\" class=\"wp-caption alignleft\"><a href=\"https:\/\/memoriadaculturaesportebsb.com.br\/wp-content\/uploads\/2025\/02\/8bb60340-4a9d-4010-950f-cafbb91391f0.jpeg\"><img loading=\"lazy\" decoding=\"async\" class=\"size-medium wp-image-3030\" src=\"https:\/\/memoriadaculturaesportebsb.com.br\/wp-content\/uploads\/2025\/02\/8bb60340-4a9d-4010-950f-cafbb91391f0-191x300.jpeg\" alt=\"\" width=\"191\" height=\"300\" srcset=\"https:\/\/memoriadaculturaesportebsb.com.br\/wp-content\/uploads\/2025\/02\/8bb60340-4a9d-4010-950f-cafbb91391f0-191x300.jpeg 191w, https:\/\/memoriadaculturaesportebsb.com.br\/wp-content\/uploads\/2025\/02\/8bb60340-4a9d-4010-950f-cafbb91391f0.jpeg 610w\" sizes=\"auto, (max-width: 191px) 100vw, 191px\" \/><\/a><figcaption id=\"caption-attachment-3030\" class=\"wp-caption-text\">Leonardo Vidal de Oliveira, 3\u00b0 nos 800m, JUBS 78.<\/figcaption><\/figure>\n<p>Os principais feitos do atletismo no JUBS de 76 foram: Edimar Sim\u00f5es 1\u00b0 nos 800m, Carlyle Guerra Macedo, segundo no Santo em altura (77\/78\/79) Ronaldo Marques Alc\u00e2ntara 1\u00b0 nos 400m c\/barreiras e 3\u00b0 400m rasos, nos JUBs 78. Leonardo Vidal de Oliveira foi 3\u00b0 nos 800m nos JUBs de 78.<\/p>\n<p>Fonte: Hist\u00f3ria do Esporte em Bras\u00edlia<\/p>\n<p>Autor: Gustavo Mariani.<br \/>\nFotos; Francisco Xavier.<\/p>\n","protected":false},"excerpt":{"rendered":"<p>Desporto Universit\u00e1rio (I): O esporte universit\u00e1rio na capital federal divide-se em quando s\u00f3 havia UNB e ap\u00f3s o surgimento das outras universidades (68). Regido pela FAUnB, nasce em 1968 a Federa\u00e7\u00e3o Atl\u00e9tica da Universidade de Bras\u00edlia, reformulando seus estatutos para que outras institui\u00e7\u00f5es de ensino superior tamb\u00e9m pudessem participar, desvinculado-se da UnB em 76, mudando &hellip;<\/p>\n","protected":false},"author":2,"featured_media":0,"comment_status":"closed","ping_status":"closed","sticky":false,"template":"","format":"standard","meta":{"footnotes":""},"categories":[13,4],"tags":[],"class_list":["post-3028","post","type-post","status-publish","format-standard","","category-colunistas","category-esporte"],"_links":{"self":[{"href":"https:\/\/memoriadaculturaesportebsb.com.br\/index.php\/wp-json\/wp\/v2\/posts\/3028","targetHints":{"allow":["GET"]}}],"collection":[{"href":"https:\/\/memoriadaculturaesportebsb.com.br\/index.php\/wp-json\/wp\/v2\/posts"}],"about":[{"href":"https:\/\/memoriadaculturaesportebsb.com.br\/index.php\/wp-json\/wp\/v2\/types\/post"}],"author":[{"embeddable":true,"href":"https:\/\/memoriadaculturaesportebsb.com.br\/index.php\/wp-json\/wp\/v2\/users\/2"}],"replies":[{"embeddable":true,"href":"https:\/\/memoriadaculturaesportebsb.com.br\/index.php\/wp-json\/wp\/v2\/comments?post=3028"}],"version-history":[{"count":1,"href":"https:\/\/memoriadaculturaesportebsb.com.br\/index.php\/wp-json\/wp\/v2\/posts\/3028\/revisions"}],"predecessor-version":[{"id":3031,"href":"https:\/\/memoriadaculturaesportebsb.com.br\/index.php\/wp-json\/wp\/v2\/posts\/3028\/revisions\/3031"}],"wp:attachment":[{"href":"https:\/\/memoriadaculturaesportebsb.com.br\/index.php\/wp-json\/wp\/v2\/media?parent=3028"}],"wp:term":[{"taxonomy":"category","embeddable":true,"href":"https:\/\/memoriadaculturaesportebsb.com.br\/index.php\/wp-json\/wp\/v2\/categories?post=3028"},{"taxonomy":"post_tag","embeddable":true,"href":"https:\/\/memoriadaculturaesportebsb.com.br\/index.php\/wp-json\/wp\/v2\/tags?post=3028"}],"curies":[{"name":"wp","href":"https:\/\/api.w.org\/{rel}","templated":true}]}}