{"id":3012,"date":"2025-01-21T13:19:10","date_gmt":"2025-01-21T16:19:10","guid":{"rendered":"https:\/\/memoriadaculturaesportebsb.com.br\/?p=3012"},"modified":"2025-01-21T13:19:10","modified_gmt":"2025-01-21T16:19:10","slug":"hudson-de-souza","status":"publish","type":"post","link":"https:\/\/memoriadaculturaesportebsb.com.br\/index.php\/2025\/01\/21\/hudson-de-souza\/","title":{"rendered":"Hudson de Souza"},"content":{"rendered":"<p>Por Professor Francisco Xavier de Oliveira<\/p>\n<figure id=\"attachment_3013\" aria-describedby=\"caption-attachment-3013\" style=\"width: 618px\" class=\"wp-caption aligncenter\"><a href=\"https:\/\/memoriadaculturaesportebsb.com.br\/wp-content\/uploads\/2025\/01\/WhatsApp-Image-2025-01-20-at-18.35.27.jpeg\"><img loading=\"lazy\" decoding=\"async\" class=\"wp-image-3013 size-large\" src=\"https:\/\/memoriadaculturaesportebsb.com.br\/wp-content\/uploads\/2025\/01\/WhatsApp-Image-2025-01-20-at-18.35.27-1024x848.jpeg\" alt=\"\" width=\"618\" height=\"512\" srcset=\"https:\/\/memoriadaculturaesportebsb.com.br\/wp-content\/uploads\/2025\/01\/WhatsApp-Image-2025-01-20-at-18.35.27-1024x848.jpeg 1024w, https:\/\/memoriadaculturaesportebsb.com.br\/wp-content\/uploads\/2025\/01\/WhatsApp-Image-2025-01-20-at-18.35.27-300x249.jpeg 300w, https:\/\/memoriadaculturaesportebsb.com.br\/wp-content\/uploads\/2025\/01\/WhatsApp-Image-2025-01-20-at-18.35.27-768x636.jpeg 768w, https:\/\/memoriadaculturaesportebsb.com.br\/wp-content\/uploads\/2025\/01\/WhatsApp-Image-2025-01-20-at-18.35.27.jpeg 1318w\" sizes=\"auto, (max-width: 618px) 100vw, 618px\" \/><\/a><figcaption id=\"caption-attachment-3013\" class=\"wp-caption-text\">Acervo pessoal<\/figcaption><\/figure>\n<p>Nascido em Sobradinho (DF), Hudson de Souza come\u00e7ou no atletismo aos 12 anos de idade, influenciado por seu professor de educa\u00e7\u00e3o f\u00edsica.<\/p>\n<p>Aos 16 anos, Hudson passou a treinar com Jo\u00e3o Sena, um dos principais t\u00e9cnicos do atletismo do nosso continente. Ainda jovem foi para S\u00e3o Paulo e treinou tamb\u00e9m com Luiz Alberto de Oliveira. Hudson participou de duas Olimp\u00edadas em Sydney e Atenas. Em 2003, levou o ouro dos 1.500 e dos 5.000 metros no Pan-Americano de Santo Domingo, e sagrou-se bicampe\u00e3o nos 1500m nos Jogos Pan-americanos de 2007, quebrando o recorde da competi\u00e7\u00e3o.<\/p>\n<p>Foi tricampe\u00e3o da Copa Ibero-americana nos 3000m. Ainda hoje Hudson \u00e9 detentor de 4 recordes sul-americanos. Uma das carreiras mais vitoriosas do atletismo brasileiro, um orgulho para Bras\u00edlia.<\/p>\n<p>&nbsp;<\/p>\n","protected":false},"excerpt":{"rendered":"<p>Por Professor Francisco Xavier de Oliveira Nascido em Sobradinho (DF), Hudson de Souza come\u00e7ou no atletismo aos 12 anos de idade, influenciado por seu professor de educa\u00e7\u00e3o f\u00edsica. Aos 16 anos, Hudson passou a treinar com Jo\u00e3o Sena, um dos principais t\u00e9cnicos do atletismo do nosso continente. Ainda jovem foi para S\u00e3o Paulo e treinou &hellip;<\/p>\n","protected":false},"author":2,"featured_media":0,"comment_status":"closed","ping_status":"closed","sticky":false,"template":"","format":"standard","meta":{"footnotes":""},"categories":[13,4],"tags":[],"class_list":["post-3012","post","type-post","status-publish","format-standard","","category-colunistas","category-esporte"],"_links":{"self":[{"href":"https:\/\/memoriadaculturaesportebsb.com.br\/index.php\/wp-json\/wp\/v2\/posts\/3012","targetHints":{"allow":["GET"]}}],"collection":[{"href":"https:\/\/memoriadaculturaesportebsb.com.br\/index.php\/wp-json\/wp\/v2\/posts"}],"about":[{"href":"https:\/\/memoriadaculturaesportebsb.com.br\/index.php\/wp-json\/wp\/v2\/types\/post"}],"author":[{"embeddable":true,"href":"https:\/\/memoriadaculturaesportebsb.com.br\/index.php\/wp-json\/wp\/v2\/users\/2"}],"replies":[{"embeddable":true,"href":"https:\/\/memoriadaculturaesportebsb.com.br\/index.php\/wp-json\/wp\/v2\/comments?post=3012"}],"version-history":[{"count":1,"href":"https:\/\/memoriadaculturaesportebsb.com.br\/index.php\/wp-json\/wp\/v2\/posts\/3012\/revisions"}],"predecessor-version":[{"id":3014,"href":"https:\/\/memoriadaculturaesportebsb.com.br\/index.php\/wp-json\/wp\/v2\/posts\/3012\/revisions\/3014"}],"wp:attachment":[{"href":"https:\/\/memoriadaculturaesportebsb.com.br\/index.php\/wp-json\/wp\/v2\/media?parent=3012"}],"wp:term":[{"taxonomy":"category","embeddable":true,"href":"https:\/\/memoriadaculturaesportebsb.com.br\/index.php\/wp-json\/wp\/v2\/categories?post=3012"},{"taxonomy":"post_tag","embeddable":true,"href":"https:\/\/memoriadaculturaesportebsb.com.br\/index.php\/wp-json\/wp\/v2\/tags?post=3012"}],"curies":[{"name":"wp","href":"https:\/\/api.w.org\/{rel}","templated":true}]}}