{"id":3006,"date":"2025-01-21T10:56:37","date_gmt":"2025-01-21T13:56:37","guid":{"rendered":"https:\/\/memoriadaculturaesportebsb.com.br\/?p=3006"},"modified":"2025-02-02T19:05:25","modified_gmt":"2025-02-02T22:05:25","slug":"as-origens-do-futsal-em-brasilia","status":"publish","type":"post","link":"https:\/\/memoriadaculturaesportebsb.com.br\/index.php\/2025\/01\/21\/as-origens-do-futsal-em-brasilia\/","title":{"rendered":"As origens do futsal em Bras\u00edlia"},"content":{"rendered":"<p><strong>Nessa quarta pesquisa da s\u00e9rie est\u00e1 a modalidade que, \u00e0 \u00e9poca, era chamada de \u201cfutebol de sal\u00e3o\u201d<\/strong><\/p>\n<p><strong>Por H\u00e9lio Tremendani<\/strong><\/p>\n<p>Assim como o futebol de campo, cujas primeiras equipes eram formadas por oper\u00e1rios, chamados de \u201ccandangos\u201d, que trabalhavam nas obras da nova Capital da Rep\u00fablica, tamb\u00e9m o futebol de sal\u00e3o \u2013 hoje futsal \u2013 teve times desde cedo, por aqui.<\/p>\n<p>Mas, foi s\u00f3 em 1965, isto \u00e9, cinco anos depois da funda\u00e7\u00e3o de Bras\u00edlia, que surgiu um time \u00a0 com proje\u00e7\u00e3o nacional, a FAUNB (Federa\u00e7\u00e3o Atl\u00e9tica da Universidade de Bras\u00edlia), que mostrou ao pa\u00eds a cara desse esporte na cidade.<\/p>\n<p>Esse time era formado por craques que marcaram \u00e9poca nos campos e gin\u00e1sios da cidade. Quem viu essa equipe em quadra \u00e9 un\u00e2nime em afirmar que foi o maior time da hist\u00f3ria do salonismo candango.<\/p>\n<p><a href=\"https:\/\/memoriadaculturaesportebsb.com.br\/wp-content\/uploads\/2025\/01\/Imagem1972.jpg\"><img loading=\"lazy\" decoding=\"async\" class=\"aligncenter size-full wp-image-3010\" src=\"https:\/\/memoriadaculturaesportebsb.com.br\/wp-content\/uploads\/2025\/01\/Imagem1972.jpg\" alt=\"\" width=\"567\" height=\"444\" srcset=\"https:\/\/memoriadaculturaesportebsb.com.br\/wp-content\/uploads\/2025\/01\/Imagem1972.jpg 567w, https:\/\/memoriadaculturaesportebsb.com.br\/wp-content\/uploads\/2025\/01\/Imagem1972-300x235.jpg 300w\" sizes=\"auto, (max-width: 567px) 100vw, 567px\" \/><\/a><\/p>\n<p>Da esquerda para a direita:<\/p>\n<p><strong>Em p\u00e9:<\/strong> <em>Jo\u00e3o Paulo (Diretor), Alcides, Z\u00e9 Carlos, Paulinho, Herm\u00ednio, Walmir, Axel e Cleber Soares (Treinador);<\/em><\/p>\n<p><strong>Agachados:<\/strong> <em>Neto, Padre Neco (massagista), S\u00e1 J\u00fanior, Guilherme, Bragmar e Ribamar.<\/em><\/p>\n<p><strong>Mem\u00f3ria<\/strong><\/p>\n<p>Em maio do ano passado, o carioca Axel van der Broocke, 78 anos, foi categ\u00f3rico ao afirmar que foi o melhor quinteto que j\u00e1 desfilou nas quadras brasilienses. Em entrevista ao Mem\u00f3ria da Cultura e do Esporte em Bras\u00edlia, ele lembrou que o time foi armado pelo professor Cleber Soares do Amaral, um dos introdutores do futebol de sal\u00e3o em Bras\u00edlia.<\/p>\n<p><strong><em>\u201cA base era Waltinho, Axel e Arnaldo; Ot\u00e1vio e Guairac\u00e1. Depois, saiu o Arnaldo, que foi trabalhar na Gr\u00e1fica do Senado, e entrou o Valmir. Um tima\u00e7o\u201d<\/em><\/strong><\/p>\n<p>A entrevista com Axel est\u00e1 neste link: <a href=\"https:\/\/memoriadaculturaesportebsb.com.br\/index.php\/2024\/04\/30\/um-craque-inesquecivel\/\"><em>https:\/\/memoriadaculturaesportebsb.com.br\/index.php\/2024\/04\/30\/um-craque-inesquecivel\/<\/em><\/a><\/p>\n<p><strong>Conquistas <\/strong><\/p>\n<p>Foi esse time que se sagrou vice-campe\u00e3o brasileiro universit\u00e1rio, em Salvador. Perdeu a final para a Sele\u00e7\u00e3o Ga\u00facha, 4&#215;3. \u201cFicamos sem o Arnaldo, que teve um estiramento. No seu lugar entrou Valmir\u201d, contou Axel.<\/p>\n<p>Esse mesmo time entrou de vez para a hist\u00f3ria do salonismo candango ao colecionar uma s\u00e9rie de p\u00f3dios em competi\u00e7\u00f5es nacionais e at\u00e9 internacionais. Por exemplo, foi o terceiro lugar nos Jogos Universit\u00e1rios Brasileiros (JUBs) de 1966; dois anos depois, sagrou-se vice-campe\u00e3o do Torneio Leste-Sul; em 1967, venceu um quadrangular de sele\u00e7\u00f5es universit\u00e1rias, no Maranh\u00e3o, assim como o Torneio de 25 Anos da FUGE, derrotando a representa\u00e7\u00e3o do Rio Grande do Sul e a Sele\u00e7\u00e3o do Uruguai.<\/p>\n<p>A s\u00e9rie de conquistas continuou com o vice-campeonato nos jogos Abertos de S\u00e3o Louren\u00e7o (MG), quando derrotou o Am\u00e9rica na fase inicial, ent\u00e3o campe\u00e3o mineiro, por 9&#215;2 e o Arsenal por 2&#215;1. O Vila Real, que era o melhor time do pa\u00eds \u00e0 \u00e9poca, sagrou-se campe\u00e3o.<\/p>\n<p><strong>O in\u00edcio<\/strong><\/p>\n<p>Em 1965, as normas do futebol de sal\u00e3o impediam que times que jogassem como \u201cFedera\u00e7\u00e3o\u201d participassem das competi\u00e7\u00f5es oficiais. Assim, a FAUNB passou a se chamar CUB (Clube Universidade de Bras\u00edlia), que sagrou-se bicampe\u00e3o brasiliense em 1968\/69. Tamb\u00e9m foram terceiros colocados na Ta\u00e7a do Brasil, em 1969.<\/p>\n<p>Em 1970, nova mudan\u00e7a institucional: o CUB deixou a estrutura da Universidade de Bras\u00edlia e time foi absorvido pelo tradicional Minas Bras\u00edlia T\u00eanis Clube. Nessa nova fase, venceu o Campeonato Brasiliense por quatro anos, de 1970 a 1973, sendo que nesse \u00faltimo ano tamb\u00e9m foi terceiro lugar na Ta\u00e7a do Brasil.<\/p>\n<p>Nas competi\u00e7\u00f5es dom\u00e9sticas, o N\u00e1utico sagrou-se campe\u00e3o em 1974, a Ascade em 1975, o Minas em 1976 e o Iate foi tricampe\u00e3o de 1977 a 1979.<\/p>\n<p><a href=\"https:\/\/memoriadaculturaesportebsb.com.br\/wp-content\/uploads\/2025\/01\/WhatsApp-Image-2025-01-18-at-17.11.30.jpeg\"><img loading=\"lazy\" decoding=\"async\" class=\"aligncenter size-large wp-image-3008\" src=\"https:\/\/memoriadaculturaesportebsb.com.br\/wp-content\/uploads\/2025\/01\/WhatsApp-Image-2025-01-18-at-17.11.30-1024x907.jpeg\" alt=\"\" width=\"618\" height=\"547\" srcset=\"https:\/\/memoriadaculturaesportebsb.com.br\/wp-content\/uploads\/2025\/01\/WhatsApp-Image-2025-01-18-at-17.11.30-1024x907.jpeg 1024w, https:\/\/memoriadaculturaesportebsb.com.br\/wp-content\/uploads\/2025\/01\/WhatsApp-Image-2025-01-18-at-17.11.30-300x266.jpeg 300w, https:\/\/memoriadaculturaesportebsb.com.br\/wp-content\/uploads\/2025\/01\/WhatsApp-Image-2025-01-18-at-17.11.30-768x681.jpeg 768w, https:\/\/memoriadaculturaesportebsb.com.br\/wp-content\/uploads\/2025\/01\/WhatsApp-Image-2025-01-18-at-17.11.30.jpeg 1080w\" sizes=\"auto, (max-width: 618px) 100vw, 618px\" \/><\/a><\/p>\n<p>Minas Bras\u00edlia, Campe\u00e3o Brasiliense de 1976:<br \/>\n<strong>Em p\u00e9:<\/strong> Diretor\u2026, Waltinho, Nei, Toninho, Waldemir, Tito, Ezequias, Herm\u00ednio, Lula, Galdino e Ger\u00f4nimo.<br \/>\n<strong>Agachados:<\/strong> (\u2026), Padre Neco, Chamas e Neto.<\/p>\n<p><a href=\"https:\/\/memoriadaculturaesportebsb.com.br\/wp-content\/uploads\/2025\/01\/9243aea1-a147-44a3-b113-758632a54c4c.jpeg\"><img loading=\"lazy\" decoding=\"async\" class=\"aligncenter size-full wp-image-3025\" src=\"https:\/\/memoriadaculturaesportebsb.com.br\/wp-content\/uploads\/2025\/01\/9243aea1-a147-44a3-b113-758632a54c4c.jpeg\" alt=\"\" width=\"1343\" height=\"884\" srcset=\"https:\/\/memoriadaculturaesportebsb.com.br\/wp-content\/uploads\/2025\/01\/9243aea1-a147-44a3-b113-758632a54c4c.jpeg 1343w, https:\/\/memoriadaculturaesportebsb.com.br\/wp-content\/uploads\/2025\/01\/9243aea1-a147-44a3-b113-758632a54c4c-300x197.jpeg 300w, https:\/\/memoriadaculturaesportebsb.com.br\/wp-content\/uploads\/2025\/01\/9243aea1-a147-44a3-b113-758632a54c4c-1024x674.jpeg 1024w, https:\/\/memoriadaculturaesportebsb.com.br\/wp-content\/uploads\/2025\/01\/9243aea1-a147-44a3-b113-758632a54c4c-768x506.jpeg 768w, https:\/\/memoriadaculturaesportebsb.com.br\/wp-content\/uploads\/2025\/01\/9243aea1-a147-44a3-b113-758632a54c4c-310x205.jpeg 310w\" sizes=\"auto, (max-width: 1343px) 100vw, 1343px\" \/><\/a><\/p>\n<p>Iate, Campe\u00e3o Brasiliense de 1977:<br \/>\n<strong>Em p\u00e9:<\/strong> Luiz Alberto; Mosquito, Axel, Afonso, Siracusa e Walmir.<br \/>\n<strong>Agachados:<\/strong> Heitor, Neto, Tarso, Jadson e Boc\u00e3o.<\/p>\n<p><strong>Fontes:<\/strong><\/p>\n<p>Hist\u00f3ria do Esporte Em Bras\u00edlia, livro de Gustavo Mariani<\/p>\n<p>Mem\u00f3ria da Cultura e do Esporte em Bras\u00edlia &#8211; site<\/p>\n","protected":false},"excerpt":{"rendered":"<p>Nessa quarta pesquisa da s\u00e9rie est\u00e1 a modalidade que, \u00e0 \u00e9poca, era chamada de \u201cfutebol de sal\u00e3o\u201d Por H\u00e9lio Tremendani Assim como o futebol de campo, cujas primeiras equipes eram formadas por oper\u00e1rios, chamados de \u201ccandangos\u201d, que trabalhavam nas obras da nova Capital da Rep\u00fablica, tamb\u00e9m o futebol de sal\u00e3o \u2013 hoje futsal \u2013 teve &hellip;<\/p>\n","protected":false},"author":2,"featured_media":0,"comment_status":"closed","ping_status":"closed","sticky":false,"template":"","format":"standard","meta":{"footnotes":""},"categories":[13,4,16],"tags":[],"class_list":["post-3006","post","type-post","status-publish","format-standard","","category-colunistas","category-esporte","category-helio-tremendani"],"_links":{"self":[{"href":"https:\/\/memoriadaculturaesportebsb.com.br\/index.php\/wp-json\/wp\/v2\/posts\/3006","targetHints":{"allow":["GET"]}}],"collection":[{"href":"https:\/\/memoriadaculturaesportebsb.com.br\/index.php\/wp-json\/wp\/v2\/posts"}],"about":[{"href":"https:\/\/memoriadaculturaesportebsb.com.br\/index.php\/wp-json\/wp\/v2\/types\/post"}],"author":[{"embeddable":true,"href":"https:\/\/memoriadaculturaesportebsb.com.br\/index.php\/wp-json\/wp\/v2\/users\/2"}],"replies":[{"embeddable":true,"href":"https:\/\/memoriadaculturaesportebsb.com.br\/index.php\/wp-json\/wp\/v2\/comments?post=3006"}],"version-history":[{"count":5,"href":"https:\/\/memoriadaculturaesportebsb.com.br\/index.php\/wp-json\/wp\/v2\/posts\/3006\/revisions"}],"predecessor-version":[{"id":3027,"href":"https:\/\/memoriadaculturaesportebsb.com.br\/index.php\/wp-json\/wp\/v2\/posts\/3006\/revisions\/3027"}],"wp:attachment":[{"href":"https:\/\/memoriadaculturaesportebsb.com.br\/index.php\/wp-json\/wp\/v2\/media?parent=3006"}],"wp:term":[{"taxonomy":"category","embeddable":true,"href":"https:\/\/memoriadaculturaesportebsb.com.br\/index.php\/wp-json\/wp\/v2\/categories?post=3006"},{"taxonomy":"post_tag","embeddable":true,"href":"https:\/\/memoriadaculturaesportebsb.com.br\/index.php\/wp-json\/wp\/v2\/tags?post=3006"}],"curies":[{"name":"wp","href":"https:\/\/api.w.org\/{rel}","templated":true}]}}