{"id":3001,"date":"2025-01-12T22:19:21","date_gmt":"2025-01-13T01:19:21","guid":{"rendered":"https:\/\/memoriadaculturaesportebsb.com.br\/?p=3001"},"modified":"2025-01-12T22:19:21","modified_gmt":"2025-01-13T01:19:21","slug":"clodoaldo-gomes-da-silva","status":"publish","type":"post","link":"https:\/\/memoriadaculturaesportebsb.com.br\/index.php\/2025\/01\/12\/clodoaldo-gomes-da-silva\/","title":{"rendered":"Clodoaldo Gomes da Silva"},"content":{"rendered":"<p><a href=\"https:\/\/memoriadaculturaesportebsb.com.br\/wp-content\/uploads\/2025\/01\/WhatsApp-Image-2025-01-06-at-22.10.17-1.jpeg\"><img loading=\"lazy\" decoding=\"async\" class=\"alignleft wp-image-3002 size-medium\" src=\"https:\/\/memoriadaculturaesportebsb.com.br\/wp-content\/uploads\/2025\/01\/WhatsApp-Image-2025-01-06-at-22.10.17-1-195x300.jpeg\" alt=\"\" width=\"195\" height=\"300\" srcset=\"https:\/\/memoriadaculturaesportebsb.com.br\/wp-content\/uploads\/2025\/01\/WhatsApp-Image-2025-01-06-at-22.10.17-1-195x300.jpeg 195w, https:\/\/memoriadaculturaesportebsb.com.br\/wp-content\/uploads\/2025\/01\/WhatsApp-Image-2025-01-06-at-22.10.17-1-665x1024.jpeg 665w, https:\/\/memoriadaculturaesportebsb.com.br\/wp-content\/uploads\/2025\/01\/WhatsApp-Image-2025-01-06-at-22.10.17-1-768x1182.jpeg 768w, https:\/\/memoriadaculturaesportebsb.com.br\/wp-content\/uploads\/2025\/01\/WhatsApp-Image-2025-01-06-at-22.10.17-1-998x1536.jpeg 998w, https:\/\/memoriadaculturaesportebsb.com.br\/wp-content\/uploads\/2025\/01\/WhatsApp-Image-2025-01-06-at-22.10.17-1.jpeg 1039w\" sizes=\"auto, (max-width: 195px) 100vw, 195px\" \/><\/a>Clodoaldo Gomes da Silva, nasceu em 19 de agosto de 1976 em Ceil\u00e2ndia (DF), come\u00e7ou no atletismo aos 12 anos de idade, sob a orienta\u00e7\u00e3o do professor Juber. Depois foi treinar com o prof. Albenes Francisco, se juntando a uma gera\u00e7\u00e3o de outros atletas campe\u00f5es como Marilson dos Santos em Ceil\u00e2ndia.<\/p>\n<p>Aos 15 anos, em 1991, Clodoaldo foi convidado, pelo j\u00e1 famoso corredor Valdenor dos Santos, para ir morar e treinar em Santo Andr\u00e9, na equipe do Sesi \u2013SP.<\/p>\n<p>Clodoaldo, um raro atleta vers\u00e1til, que tem excelentes marcas em provas de 5.000, 10.000 metros at\u00e9 meia maratona (21.095 metros) passando pelas provas de Cross Country. Ele tem em seu curriculum t\u00edtulos nacionais e sul-americanos em todas estas provas.<\/p>\n<p>Ele foi campe\u00e3o mundial no 5\u00ba Campeonato de Juniores de Atletismo da IAAF, nos 20 km em Lisboa, em 1994, fazendo uma extraordin\u00e1ria marca de 1h.03m.21seg.<\/p>\n<p><a href=\"https:\/\/memoriadaculturaesportebsb.com.br\/wp-content\/uploads\/2025\/01\/WhatsApp-Image-2025-01-06-at-22.10.17.jpeg\"><img loading=\"lazy\" decoding=\"async\" class=\"alignright size-medium wp-image-3003\" src=\"https:\/\/memoriadaculturaesportebsb.com.br\/wp-content\/uploads\/2025\/01\/WhatsApp-Image-2025-01-06-at-22.10.17-196x300.jpeg\" alt=\"\" width=\"196\" height=\"300\" srcset=\"https:\/\/memoriadaculturaesportebsb.com.br\/wp-content\/uploads\/2025\/01\/WhatsApp-Image-2025-01-06-at-22.10.17-196x300.jpeg 196w, https:\/\/memoriadaculturaesportebsb.com.br\/wp-content\/uploads\/2025\/01\/WhatsApp-Image-2025-01-06-at-22.10.17-670x1024.jpeg 670w, https:\/\/memoriadaculturaesportebsb.com.br\/wp-content\/uploads\/2025\/01\/WhatsApp-Image-2025-01-06-at-22.10.17-768x1174.jpeg 768w, https:\/\/memoriadaculturaesportebsb.com.br\/wp-content\/uploads\/2025\/01\/WhatsApp-Image-2025-01-06-at-22.10.17-1005x1536.jpeg 1005w, https:\/\/memoriadaculturaesportebsb.com.br\/wp-content\/uploads\/2025\/01\/WhatsApp-Image-2025-01-06-at-22.10.17.jpeg 1047w\" sizes=\"auto, (max-width: 196px) 100vw, 196px\" \/><\/a>Clodoaldo tem vitorias em corridas de rua pelo mundo e participa\u00e7\u00e3o marcante na Corrida Internacional de S\u00e3o Silvestre-SP, sendo o 1\u00ba brasileiro em algumas edi\u00e7\u00f5es e como vice-campe\u00e3o geral em 2006.<\/p>\n<p>Ele \u00e9 o atual recordista da Corrida de Reis em Bras\u00edlia com a marca de 29m.03seg. Nos 10 km da prova. Sendo o \u00fanico vencedor da corrida de reis mirim e a corrida adulta.<\/p>\n<p>Atualmente Clodoaldo \u00e9 casado tem tr\u00eas filhos, mora em Bras\u00edlia e repassa sua vasta experi\u00eancia como professor de educa\u00e7\u00e3o f\u00edsica em uma escola e como treinador em uma assessoria esportiva.<\/p>\n<p>Parab\u00e9ns Clodoaldo, excepcional atleta e muito atencioso com todos!<\/p>\n<p>Texto prof. Francisco Xavier<\/p>\n","protected":false},"excerpt":{"rendered":"<p>Clodoaldo Gomes da Silva, nasceu em 19 de agosto de 1976 em Ceil\u00e2ndia (DF), come\u00e7ou no atletismo aos 12 anos de idade, sob a orienta\u00e7\u00e3o do professor Juber. Depois foi treinar com o prof. Albenes Francisco, se juntando a uma gera\u00e7\u00e3o de outros atletas campe\u00f5es como Marilson dos Santos em Ceil\u00e2ndia. Aos 15 anos, em &hellip;<\/p>\n","protected":false},"author":2,"featured_media":0,"comment_status":"closed","ping_status":"closed","sticky":false,"template":"","format":"standard","meta":{"footnotes":""},"categories":[13,4],"tags":[],"class_list":["post-3001","post","type-post","status-publish","format-standard","","category-colunistas","category-esporte"],"_links":{"self":[{"href":"https:\/\/memoriadaculturaesportebsb.com.br\/index.php\/wp-json\/wp\/v2\/posts\/3001","targetHints":{"allow":["GET"]}}],"collection":[{"href":"https:\/\/memoriadaculturaesportebsb.com.br\/index.php\/wp-json\/wp\/v2\/posts"}],"about":[{"href":"https:\/\/memoriadaculturaesportebsb.com.br\/index.php\/wp-json\/wp\/v2\/types\/post"}],"author":[{"embeddable":true,"href":"https:\/\/memoriadaculturaesportebsb.com.br\/index.php\/wp-json\/wp\/v2\/users\/2"}],"replies":[{"embeddable":true,"href":"https:\/\/memoriadaculturaesportebsb.com.br\/index.php\/wp-json\/wp\/v2\/comments?post=3001"}],"version-history":[{"count":1,"href":"https:\/\/memoriadaculturaesportebsb.com.br\/index.php\/wp-json\/wp\/v2\/posts\/3001\/revisions"}],"predecessor-version":[{"id":3004,"href":"https:\/\/memoriadaculturaesportebsb.com.br\/index.php\/wp-json\/wp\/v2\/posts\/3001\/revisions\/3004"}],"wp:attachment":[{"href":"https:\/\/memoriadaculturaesportebsb.com.br\/index.php\/wp-json\/wp\/v2\/media?parent=3001"}],"wp:term":[{"taxonomy":"category","embeddable":true,"href":"https:\/\/memoriadaculturaesportebsb.com.br\/index.php\/wp-json\/wp\/v2\/categories?post=3001"},{"taxonomy":"post_tag","embeddable":true,"href":"https:\/\/memoriadaculturaesportebsb.com.br\/index.php\/wp-json\/wp\/v2\/tags?post=3001"}],"curies":[{"name":"wp","href":"https:\/\/api.w.org\/{rel}","templated":true}]}}