{"id":2987,"date":"2025-01-12T21:59:09","date_gmt":"2025-01-13T00:59:09","guid":{"rendered":"https:\/\/memoriadaculturaesportebsb.com.br\/?p=2987"},"modified":"2025-01-12T21:59:09","modified_gmt":"2025-01-13T00:59:09","slug":"batala-o-alegre-e-musical-ritmo-das-mulheres","status":"publish","type":"post","link":"https:\/\/memoriadaculturaesportebsb.com.br\/index.php\/2025\/01\/12\/batala-o-alegre-e-musical-ritmo-das-mulheres\/","title":{"rendered":"BATAL\u00c1:\u00a0O alegre e musical ritmo das mulheres"},"content":{"rendered":"<p>H\u00e9lio Tremendani e Jos\u00e9 Cruz<\/p>\n<p><strong>Fotos: <\/strong>Katia Monteiro<\/p>\n<p><a href=\"https:\/\/memoriadaculturaesportebsb.com.br\/wp-content\/uploads\/2025\/01\/batala1.jpg\"><img loading=\"lazy\" decoding=\"async\" class=\"alignleft size-medium wp-image-2988\" src=\"https:\/\/memoriadaculturaesportebsb.com.br\/wp-content\/uploads\/2025\/01\/batala1-268x300.jpg\" alt=\"\" width=\"268\" height=\"300\" srcset=\"https:\/\/memoriadaculturaesportebsb.com.br\/wp-content\/uploads\/2025\/01\/batala1-268x300.jpg 268w, https:\/\/memoriadaculturaesportebsb.com.br\/wp-content\/uploads\/2025\/01\/batala1.jpg 417w\" sizes=\"auto, (max-width: 268px) 100vw, 268px\" \/><\/a>O Parque da Cidade, na regi\u00e3o central de Bras\u00edlia, recebe a cada s\u00e1bado as integrantes do grupo de percuss\u00e3o Batal\u00e1, cuja batida atrai centenas de pessoas que por ali caminham ou praticam esportes. O ponto de encontro \u00e9 no Estacionamento n\u00ba 11, \u00e0 sombra de grandes \u00e1rvores. \u00c9 nesse local de exuberante natureza, com m\u00fasicas executados em tambores que simbolizam, tamb\u00e9m, a batida ritmada do cora\u00e7\u00e3o humano, que as \u201cbataletes\u201d resgatam a ancestralidade africana e divulgam esse importante segmento da cultura musical brasileira ao som de quatro instrumentos de percuss\u00e3o: \u00a0\u00a0surdos, dobras, repiques e caixas.<\/p>\n<p>Todas as composi\u00e7\u00f5es s\u00e3o autorais, coreografadas e ritmadas com inspira\u00e7\u00f5es no alegre samba reggae, o que contribui para atrair o p\u00fablico onde quer que um Batal\u00e1 se apresente.<\/p>\n<p><strong>O in\u00edcio<\/strong><\/p>\n<p><strong><em><a href=\"https:\/\/memoriadaculturaesportebsb.com.br\/wp-content\/uploads\/2025\/01\/batala2.jpg\"><img loading=\"lazy\" decoding=\"async\" class=\"alignright size-medium wp-image-2989\" src=\"https:\/\/memoriadaculturaesportebsb.com.br\/wp-content\/uploads\/2025\/01\/batala2-250x300.jpg\" alt=\"\" width=\"250\" height=\"300\" srcset=\"https:\/\/memoriadaculturaesportebsb.com.br\/wp-content\/uploads\/2025\/01\/batala2-250x300.jpg 250w, https:\/\/memoriadaculturaesportebsb.com.br\/wp-content\/uploads\/2025\/01\/batala2.jpg 400w\" sizes=\"auto, (max-width: 250px) 100vw, 250px\" \/><\/a>Foi o compositor, core\u00f3grafo e bailarino baiano Giba Gon\u00e7alves (foto) quem criou esse movimento, h\u00e1 28 anos. Ele j\u00e1 estava em Paris, onde mora at\u00e9 hoje, quando teve a ideia de difundir a cultura afro-brasileira atrav\u00e9s da m\u00fasica. \u00a0As batidas de tambor e ritmos, ao som do samba reggae, agradaram, cresceram e ganharam a Europa, inicialmente. \u00a0Nina Pires, presidente do Batal\u00e1 Bras\u00edlia, nos atualiza:<\/em><\/strong><\/p>\n<p><strong><em>\u201cHoje, o Batal\u00e1 toca em 46 pa\u00edses dos cinco continentes, envolvendo milhares de componentes, masculino e feminino\u201d<\/em><\/strong><\/p>\n<p><strong><em><a href=\"https:\/\/memoriadaculturaesportebsb.com.br\/wp-content\/uploads\/2025\/01\/batala3.jpg\"><img loading=\"lazy\" decoding=\"async\" class=\"alignleft wp-image-2990 size-medium\" src=\"https:\/\/memoriadaculturaesportebsb.com.br\/wp-content\/uploads\/2025\/01\/batala3-208x300.jpg\" alt=\"\" width=\"208\" height=\"300\" srcset=\"https:\/\/memoriadaculturaesportebsb.com.br\/wp-content\/uploads\/2025\/01\/batala3-208x300.jpg 208w, https:\/\/memoriadaculturaesportebsb.com.br\/wp-content\/uploads\/2025\/01\/batala3.jpg 395w\" sizes=\"auto, (max-width: 208px) 100vw, 208px\" \/><\/a><\/em><\/strong>Incentivadora desse movimento, Nina Pires (foto), presidenta do grupo em Bras\u00edlia, conta que Giba comp\u00f5e todas as m\u00fasicas que s\u00e3o distribu\u00eddas para os grupos que est\u00e3o na Europa, na Am\u00e9rica do Norte e na do Sul, na Oceania e na \u00c1frica. No ranking internacional, a Inglaterra lidera com oito grupos musicais, seguido da Fran\u00e7a, com sete, e Estados Unidos, com cinco.<\/p>\n<p><strong><em>\u00a0<\/em><\/strong><strong><em>\u201cTemos Batal\u00e1 at\u00e9 em Madagascar\u201d, conta Nina, sobre o pa\u00eds insular africano. E lembra que as m\u00fasicas compostas e distribu\u00eddas para os Batal\u00e1 de todo o mundo \u201cresgatam a ancestralidade da \u00c1frica<\/em><\/strong>\u201d<\/p>\n<p>E como essas m\u00fasicas t\u00eam a mesma origem autoral, isso quer dizer que \u00e9 poss\u00edvel formar grupos com componentes de v\u00e1rias nacionalidades, pois todos ter\u00e3o aprendido a batida criada pelo Mestre Giba e v\u00e3o executar certa composi\u00e7\u00e3o de forma harmoniosa<\/p>\n<p><strong>Em Bras\u00edlia<\/strong><\/p>\n<p>Com 120 integrantes \u2013 j\u00e1 chegou a 140 \u2013, o Batal\u00e1 Bras\u00edlia se mant\u00e9m com essa identidade feminina, o que torna a banda mais alegre, sorridente e gingada. Em outras palavras \u2013 e com o devido respeito \u2013, nesse grupo os marmanjos n\u00e3o entram.<\/p>\n<figure id=\"attachment_2991\" aria-describedby=\"caption-attachment-2991\" style=\"width: 458px\" class=\"wp-caption aligncenter\"><a href=\"https:\/\/memoriadaculturaesportebsb.com.br\/wp-content\/uploads\/2025\/01\/batala4.jpg\"><img loading=\"lazy\" decoding=\"async\" class=\"size-full wp-image-2991\" src=\"https:\/\/memoriadaculturaesportebsb.com.br\/wp-content\/uploads\/2025\/01\/batala4.jpg\" alt=\"\" width=\"458\" height=\"301\" srcset=\"https:\/\/memoriadaculturaesportebsb.com.br\/wp-content\/uploads\/2025\/01\/batala4.jpg 458w, https:\/\/memoriadaculturaesportebsb.com.br\/wp-content\/uploads\/2025\/01\/batala4-300x197.jpg 300w, https:\/\/memoriadaculturaesportebsb.com.br\/wp-content\/uploads\/2025\/01\/batala4-310x205.jpg 310w\" sizes=\"auto, (max-width: 458px) 100vw, 458px\" \/><\/a><figcaption id=\"caption-attachment-2991\" class=\"wp-caption-text\">Nina, \u00e0 esquerda, ao lado de Mestre Paulo, o Tutuca. Ao centro, de bermuda e camisa branca, Mestre Giba, o idealizador do movimento Batal\u00e1, que ganhou o mundo<\/figcaption><\/figure>\n<p>Segundo Nina, \u201co Batal\u00e1 se instalou em Bras\u00edlia por iniciativa do Mestre Paulo Garcia, o Tutuca. Empres\u00e1rio, ele estudava na Inglaterra, quando conheceu o Mestre Giba numa apresenta\u00e7\u00e3o do Batal\u00e1. Tutuca encantou-se ao ouvir e ver que a cultura afro-brasileira era difundida atrav\u00e9s da m\u00fasica e da batida de tambores\u201d.<\/p>\n<p><strong><em>Inicialmente, Giba criou um grupo na cidade de Portland, onde estudava. Quando voltou, foi a vez de aplicar a sua experi\u00eancia musical em Bras\u00edlia<\/em><\/strong><\/p>\n<p><strong><em>\u00a0<\/em><\/strong><strong>A grande sacada<\/strong><\/p>\n<p>A grande sacada de Giba foi observar que o ambiente musical na cidade era predominantemente masculino. Em uma bateria de escola de samba, por exemplo, as mulheres nunca eram protagonistas. E foi assim que ele decidiu criar um Batal\u00e1 s\u00f3 de mulheres, que se mant\u00e9m ainda hoje fazendo muito sucesso, tanto nos ensaios \u00e0 sombra das \u00e1rvores do Parque da Cidade, quanto em apresenta\u00e7\u00f5es p\u00fablicas, em festas, quando o grupo \u00e9 contratado, ou nas viagens que realiza.<\/p>\n<figure id=\"attachment_2992\" aria-describedby=\"caption-attachment-2992\" style=\"width: 691px\" class=\"wp-caption aligncenter\"><a href=\"https:\/\/memoriadaculturaesportebsb.com.br\/wp-content\/uploads\/2025\/01\/batala5.jpg\"><img loading=\"lazy\" decoding=\"async\" class=\"size-full wp-image-2992\" src=\"https:\/\/memoriadaculturaesportebsb.com.br\/wp-content\/uploads\/2025\/01\/batala5.jpg\" alt=\"\" width=\"691\" height=\"419\" srcset=\"https:\/\/memoriadaculturaesportebsb.com.br\/wp-content\/uploads\/2025\/01\/batala5.jpg 691w, https:\/\/memoriadaculturaesportebsb.com.br\/wp-content\/uploads\/2025\/01\/batala5-300x182.jpg 300w\" sizes=\"auto, (max-width: 691px) 100vw, 691px\" \/><\/a><figcaption id=\"caption-attachment-2992\" class=\"wp-caption-text\">Diretoria do Batal\u00e1 Bras\u00edlia, da esquerda para a direita:\u00a0Nina Pires, presidenta, Adriana Machado, Carol Joaquim e Cec\u00edlia<\/figcaption><\/figure>\n<p>\u201cOs ensaios nunca t\u00eam menos que 80 integrantes e ao longo de nossos 22 anos j\u00e1 tivemos mais de mil integrantes que passaram pelo Batal\u00e1 de Bras\u00edlia. A banda sobrevive das nossas apresenta\u00e7\u00f5es, ou seja, a banda se sustenta\u201d, diz Nina Pires.<\/p>\n<p>Nessa estrutura, a banda tem tr\u00eas regentes. Atualmente, Ana Fel\u00edcia, tamb\u00e9m Diretora Musical, est\u00e1 no comando do grupo; as outras duas regentes que se revezam s\u00e3o Silvia Regina Raimundo e Tatiana de Oliveira Fernandes.<\/p>\n<p><strong>Apresenta\u00e7\u00f5es<\/strong><\/p>\n<p>As apresenta\u00e7\u00f5es do Batal\u00e1 Bras\u00edlia n\u00e3o se limitam \u00e0 Capital da Rep\u00fablica. Em 2012, o grupo abriu o show de anivers\u00e1rio de 50 anos da banda inglesa Rolling Stones, em Nova Jersey, nos Estados Unidos. Em outra ocasi\u00e3o, tocou para Michelle Obama, a ex-primeira-dama norte-americana. \u201cTamb\u00e9m tocamos com Daniela Mercury, Renata Jambeiro e outros artistas\u201d, conta Nina Pires.<\/p>\n<figure id=\"attachment_2993\" aria-describedby=\"caption-attachment-2993\" style=\"width: 273px\" class=\"wp-caption aligncenter\"><a href=\"https:\/\/memoriadaculturaesportebsb.com.br\/wp-content\/uploads\/2025\/01\/batala6.png\"><img loading=\"lazy\" decoding=\"async\" class=\"wp-image-2993 size-full\" src=\"https:\/\/memoriadaculturaesportebsb.com.br\/wp-content\/uploads\/2025\/01\/batala6.png\" alt=\"\" width=\"273\" height=\"364\" srcset=\"https:\/\/memoriadaculturaesportebsb.com.br\/wp-content\/uploads\/2025\/01\/batala6.png 273w, https:\/\/memoriadaculturaesportebsb.com.br\/wp-content\/uploads\/2025\/01\/batala6-225x300.png 225w\" sizes=\"auto, (max-width: 273px) 100vw, 273px\" \/><\/a><figcaption id=\"caption-attachment-2993\" class=\"wp-caption-text\">Um dos pontos altos no calend\u00e1rio de apresenta\u00e7\u00f5es do Batal\u00e1 Bras\u00edlia \u00e9 a lavagem das escadarias da igreja do Bonfim, em Salvador, que ocorre sempre na segunda quinta-feira de janeiro<\/figcaption><\/figure>\n<p>\u201cSem d\u00favidas, participar da Lavagem do Bonfim \u00e9 uma experi\u00eancia que marca para sempre a vida das bataletes\u201d, afirma Nina. A lavagem das escadarias da Igreja de Bomfim \u00e9 a segunda manifesta\u00e7\u00e3o popular da Bahia, atr\u00e1s do Carnaval.<\/p>\n<p>Neste ano de 2005 que se inicia, a lavagem das escadarias da Igreja de Bom Fim ser\u00e1 em 16 de janeiro. O Batal\u00e1 estar\u00e1 presente com grupos de v\u00e1rios pa\u00edses. Na representa\u00e7\u00e3o brasileira estar\u00e3o 50 bateleiras de Bras\u00edlia e algumas de Sergipe.<\/p>\n<p>\u201cVamos tocar por 8 Km rumo \u00e0 Igreja do Senhor do Bonfim, desta vez acompanhadas por bandas do Sergipe, de Natal, do M\u00e9xico e de Nova Iorque, num total de 74 componentes\u201d, explicou Nina, preparando-se para a apresenta\u00e7\u00e3o, desta vez integrada a outras bandas nacionais e uma norte-americana.<\/p>\n<p><strong><em>Esse evento na Bahia serve, tamb\u00e9m, para reativar a mem\u00f3ria dos tempos da escravid\u00e3o, quando a hist\u00f3rica igreja de Salvador \u2013 terra do Mestre Giba \u2013 foi constru\u00edda com m\u00e3o de obra escravizada. Ao longo dos anos, a lavagem das escadarias daquele santu\u00e1rio foi incorporada pelo candombl\u00e9 aos rituais das \u00c1guas de Oxal\u00e1, simbolizando uma resist\u00eancia que une religi\u00f5es \u00e0 m\u00fasica e canto dos negros<\/em><\/strong><\/p>\n<p><strong>Homenagem<\/strong><\/p>\n<figure id=\"attachment_2994\" aria-describedby=\"caption-attachment-2994\" style=\"width: 425px\" class=\"wp-caption aligncenter\"><a href=\"https:\/\/memoriadaculturaesportebsb.com.br\/wp-content\/uploads\/2025\/01\/batala7.jpg\"><img loading=\"lazy\" decoding=\"async\" class=\"size-full wp-image-2994\" src=\"https:\/\/memoriadaculturaesportebsb.com.br\/wp-content\/uploads\/2025\/01\/batala7.jpg\" alt=\"\" width=\"425\" height=\"283\" srcset=\"https:\/\/memoriadaculturaesportebsb.com.br\/wp-content\/uploads\/2025\/01\/batala7.jpg 425w, https:\/\/memoriadaculturaesportebsb.com.br\/wp-content\/uploads\/2025\/01\/batala7-300x200.jpg 300w, https:\/\/memoriadaculturaesportebsb.com.br\/wp-content\/uploads\/2025\/01\/batala7-310x205.jpg 310w\" sizes=\"auto, (max-width: 425px) 100vw, 425px\" \/><\/a><figcaption id=\"caption-attachment-2994\" class=\"wp-caption-text\">Batal\u00e1 Bras\u00edlia apresentando-se na C\u00e2mara Legislativa do DF, onde foi homenageado, exibindo as suas m\u00fasicas, o entusiasmo e o colorido dos alegres figurinos<\/figcaption><\/figure>\n<p>E foi nessa toada de express\u00e3o cultural e homenagem permanente ao movimento afro, que o grupo se tornou uma das marcas registradas da m\u00fasica brasiliense. De tal forma, que, em 1\u00ba de novembro de 2024, o grupo Batal\u00e1 Bras\u00edlia foi homenageado pela C\u00e2mara Legislativa do Distrito Federal (foto acima), quando recebeu \u201cMo\u00e7\u00e3o de Louvor\u201d em reconhecimento pela valoriza\u00e7\u00e3o \u00e0 cultura popular e \u00e0 representatividade feminina na Capital\u201d. A homenagem foi proposta pelo deputado Gabriel Magno (PT).<\/p>\n<p><strong>Escola<\/strong><\/p>\n<p>A banda \u00e9 aberta n\u00e3o s\u00f3 para mulheres experientes em m\u00fasica. As que nunca tocaram tamb\u00e9m t\u00eam espa\u00e7o, porque \u201cos instrumentos de marca\u00e7\u00e3o permitem a familiariza\u00e7\u00e3o e o aprendizado da m\u00fasica\u201d, segundo Nina Pires.<\/p>\n<p>\u201c\u00c9 o aprendizado de uma forma mais popular. Assim, uma pessoa leiga em m\u00fasica pode aprender a tocar cinco instrumentos de percuss\u00e3o\u201d, completa a presidenta do Batal\u00e1 DF.<\/p>\n<p><strong>Os instrumentos<\/strong><\/p>\n<p>Antes de tudo, os instrumentos de percuss\u00e3o do Batal\u00e1, mundo afora, s\u00e3o fundamentais na preserva\u00e7\u00e3o cultural e espiritual dos povos negros, do povo origin\u00e1rio, o africano. Como se sabe, os instrumentos musicais tamb\u00e9m ajudam na preserva\u00e7\u00e3o das tradi\u00e7\u00f5es e para manter viva a hist\u00f3ria de cada etnia.<\/p>\n<p>O interessante nesse movimento \u00e9 que a produ\u00e7\u00e3o dos instrumentos, dos figurinos e uniformes v\u00eam de uma comuniade negra, em Salvador, revelando-se, assim, com atividades s\u00f3cio-econ\u00f4micas, a amplitude desse movimento.<\/p>\n<p>Conforme descri\u00e7\u00e3o de Nina, os instrumentos de uma banda Batal\u00e1 s\u00e3o o <em>surdo de primeira, surdo de segunda e surdo de terceira, ou dobrado; repique e caixa<\/em> complementam o conjunto.<\/p>\n<figure id=\"attachment_2995\" aria-describedby=\"caption-attachment-2995\" style=\"width: 567px\" class=\"wp-caption aligncenter\"><a href=\"https:\/\/memoriadaculturaesportebsb.com.br\/wp-content\/uploads\/2025\/01\/batala8.jpg\"><img loading=\"lazy\" decoding=\"async\" class=\"size-full wp-image-2995\" src=\"https:\/\/memoriadaculturaesportebsb.com.br\/wp-content\/uploads\/2025\/01\/batala8.jpg\" alt=\"\" width=\"567\" height=\"377\" srcset=\"https:\/\/memoriadaculturaesportebsb.com.br\/wp-content\/uploads\/2025\/01\/batala8.jpg 567w, https:\/\/memoriadaculturaesportebsb.com.br\/wp-content\/uploads\/2025\/01\/batala8-300x199.jpg 300w, https:\/\/memoriadaculturaesportebsb.com.br\/wp-content\/uploads\/2025\/01\/batala8-310x205.jpg 310w\" sizes=\"auto, (max-width: 567px) 100vw, 567px\" \/><\/a><figcaption id=\"caption-attachment-2995\" class=\"wp-caption-text\">Batal\u00e1 Bras\u00edlia, em dia de apresenta\u00e7\u00e3o. Cada integrante cuida do seu instrumento, leva pra casa, inclusive, esse companheiro harmonioso da alegria de tocar m\u00fasica e homenagear os nossos ancestrais<\/figcaption><\/figure>\n<p><strong><em>\u00a0<\/em><\/strong><strong>Aula de m\u00fasica<\/strong><\/p>\n<p>Nina d\u00e1 uma explica\u00e7\u00e3o did\u00e1tica sobre a import\u00e2ncia de cada instrumento no conjunto do Batal\u00e1:<\/p>\n<p>\u201cOs surdos s\u00e3o a base ritmica da banda. S\u00e3o de dois tipos, de primeira e de segunda s\u00e3o os de marca\u00e7\u00e3o, alimentam a musicalidade. Os surdos tocam alternativamente; o de terceira junto com o repique formam a harmonia da m\u00fasica, sendo que um responde ao outro; o dobrado\u00a0 (Dobra) faz uma virada, o repique responde, tocam juntos e \u00e9 o que d\u00e1 a movimenta\u00e7\u00e3o da m\u00fasica. Finalmente, a caixa \u00e9 instrumento mais de marca\u00e7\u00e3o\u201d. O resultado desse emaranhado de sons \u00e9 uma musicalidade gostosa de ouvir gra\u00e7as ao ritmo alegre que expressa.<\/p>\n<p><strong>Depoimentos\u00a0\u00a0\u00a0\u00a0\u00a0\u00a0 <\/strong><\/p>\n<p><strong><a href=\"https:\/\/memoriadaculturaesportebsb.com.br\/wp-content\/uploads\/2025\/01\/batala9.jpg\"><img loading=\"lazy\" decoding=\"async\" class=\"alignleft wp-image-2996 size-medium\" src=\"https:\/\/memoriadaculturaesportebsb.com.br\/wp-content\/uploads\/2025\/01\/batala9-219x300.jpg\" alt=\"\" width=\"219\" height=\"300\" srcset=\"https:\/\/memoriadaculturaesportebsb.com.br\/wp-content\/uploads\/2025\/01\/batala9-219x300.jpg 219w, https:\/\/memoriadaculturaesportebsb.com.br\/wp-content\/uploads\/2025\/01\/batala9.jpg 294w\" sizes=\"auto, (max-width: 219px) 100vw, 219px\" \/><\/a>Tatiana de Oliveira Fernandes <\/strong>(foto), a Tati,\u00a0 est\u00e1 no grupo Batal\u00e1 Bras\u00edlia desde 2014. \u00c9 dela o seguinte depoimento:<\/p>\n<p><strong><em>\u201c<\/em><\/strong><em>Entrei para o Batal\u00e1 em 2014 convidada por uma amiga. Atualmente, sou da equipe art\u00edstica. Como regente toco todos os instrumentos, mas minha refer\u00eancia \u00e9 a Dobra. O Batal\u00e1 tem uma import\u00e2ncia significativa para mim pois me reconhe\u00e7o como mulher percussionista no cen\u00e1rio art\u00edstico cultural\u00a0de\u00a0Bras\u00edlia<strong>\u201d.<\/strong><\/em><\/p>\n<p><strong>\u00a0<\/strong><\/p>\n<p><strong><em><a href=\"https:\/\/memoriadaculturaesportebsb.com.br\/wp-content\/uploads\/2025\/01\/batala10.jpg\"><img loading=\"lazy\" decoding=\"async\" class=\"alignright size-medium wp-image-2997\" src=\"https:\/\/memoriadaculturaesportebsb.com.br\/wp-content\/uploads\/2025\/01\/batala10-214x300.jpg\" alt=\"\" width=\"214\" height=\"300\" srcset=\"https:\/\/memoriadaculturaesportebsb.com.br\/wp-content\/uploads\/2025\/01\/batala10-214x300.jpg 214w, https:\/\/memoriadaculturaesportebsb.com.br\/wp-content\/uploads\/2025\/01\/batala10.jpg 290w\" sizes=\"auto, (max-width: 214px) 100vw, 214px\" \/><\/a>Dilene Castro<\/em><\/strong> (foto), filha do fot\u00f3grafo pioneiro em Bras\u00edlia, Ad\u00e3o Nascimento, toca caixa. Antes, ela passou pelo aprendizado de surdo, onde adquiriu ritmo e compasso musical.<\/p>\n<p><em>\u201cEstar no Batal\u00e1 \u00e9 muita emo\u00e7\u00e3o, tanto pela import\u00e2ncia musical que essa banda tem como pela energia, pela musicalidade que oferece, e por ser formada exclusivamente por mulheres. O toque do tambor nos envolve at\u00e9 \u00e0 alma, aproximando-nos do poder de determina\u00e7\u00e3o, de luta e da coragem j\u00e1 demonstradas pelos nossos ancestrais. \u00c9 gratificante, enquanto toco, ver a rea\u00e7\u00e3o de quem est\u00e1 nos ouvindo, o sorriso, a express\u00e3o de satisfa\u00e7\u00e3o de estar participando de um momento \u00fanico\u201d.<\/em><\/p>\n<p><strong>Enfim&#8230;<\/strong><\/p>\n<p>Com\u00a0 seus 22 anos de atua\u00e7\u00e3o, o Batal\u00e1 Bras\u00edlia j\u00e1 faz parte da cultura musical de Bras\u00edlia. Mais! \u00c9 o grupo pioneiro de percussionistas exclusivamente femininas na cidade, o que refor\u00e7a a sua import\u00e2ncia para as hist\u00f3rias reais que contamos neste espa\u00e7o e queremos deixar de legado aos registros de nossa querida Bras\u00edlia.<\/p>\n<p>O Batal\u00e1 Bras\u00edlia guarda, a exemplo dos demais grupos do g\u00eanero pelo mundo, \u00edntima rela\u00e7\u00e3o com as origens da ra\u00e7a negra, em especial a africana, que tanto nos orgulha pela cultura que para c\u00e1 trouxeram, mas sempre de triste lembran\u00e7a pela forma como esse interc\u00e2mbio ocorreu, principalmente pela longa escravatura a que foram submetidos.<\/p>\n<p>No discurso de Nina sobre o movimento que preside, fica claro o desejo de, seguidamente, se reportar aos ancestrais que\u00a0 para aqui foram trazidos do continente vizinho.<\/p>\n<p><strong><em>Isso tamb\u00e9m nos incentiva a entrar nessa corrente de lembran\u00e7as de constantes e merecidas homenagens que o Batal\u00e1 exibe em suas apresenta\u00e7\u00f5es, executando o mais puro som da ra\u00e7a negra, o batuque, que orgulhosamente herdamos.<\/em><\/strong><\/p>\n<p><em> <a href=\"https:\/\/memoriadaculturaesportebsb.com.br\/wp-content\/uploads\/2025\/01\/batala11.jpg\"><img loading=\"lazy\" decoding=\"async\" class=\"size-full wp-image-2998 aligncenter\" src=\"https:\/\/memoriadaculturaesportebsb.com.br\/wp-content\/uploads\/2025\/01\/batala11.jpg\" alt=\"\" width=\"567\" height=\"405\" srcset=\"https:\/\/memoriadaculturaesportebsb.com.br\/wp-content\/uploads\/2025\/01\/batala11.jpg 567w, https:\/\/memoriadaculturaesportebsb.com.br\/wp-content\/uploads\/2025\/01\/batala11-300x214.jpg 300w\" sizes=\"auto, (max-width: 567px) 100vw, 567px\" \/><\/a><\/em><\/p>\n","protected":false},"excerpt":{"rendered":"<p>H\u00e9lio Tremendani e Jos\u00e9 Cruz Fotos: Katia Monteiro O Parque da Cidade, na regi\u00e3o central de Bras\u00edlia, recebe a cada s\u00e1bado as integrantes do grupo de percuss\u00e3o Batal\u00e1, cuja batida atrai centenas de pessoas que por ali caminham ou praticam esportes. O ponto de encontro \u00e9 no Estacionamento n\u00ba 11, \u00e0 sombra de grandes \u00e1rvores. &hellip;<\/p>\n","protected":false},"author":2,"featured_media":2998,"comment_status":"closed","ping_status":"closed","sticky":false,"template":"","format":"standard","meta":{"footnotes":""},"categories":[13,2,3,16,14],"tags":[],"class_list":["post-2987","post","type-post","status-publish","format-standard","has-post-thumbnail","","category-colunistas","category-cultura","category-destaque","category-helio-tremendani","category-jose-cruz"],"_links":{"self":[{"href":"https:\/\/memoriadaculturaesportebsb.com.br\/index.php\/wp-json\/wp\/v2\/posts\/2987","targetHints":{"allow":["GET"]}}],"collection":[{"href":"https:\/\/memoriadaculturaesportebsb.com.br\/index.php\/wp-json\/wp\/v2\/posts"}],"about":[{"href":"https:\/\/memoriadaculturaesportebsb.com.br\/index.php\/wp-json\/wp\/v2\/types\/post"}],"author":[{"embeddable":true,"href":"https:\/\/memoriadaculturaesportebsb.com.br\/index.php\/wp-json\/wp\/v2\/users\/2"}],"replies":[{"embeddable":true,"href":"https:\/\/memoriadaculturaesportebsb.com.br\/index.php\/wp-json\/wp\/v2\/comments?post=2987"}],"version-history":[{"count":2,"href":"https:\/\/memoriadaculturaesportebsb.com.br\/index.php\/wp-json\/wp\/v2\/posts\/2987\/revisions"}],"predecessor-version":[{"id":3000,"href":"https:\/\/memoriadaculturaesportebsb.com.br\/index.php\/wp-json\/wp\/v2\/posts\/2987\/revisions\/3000"}],"wp:featuredmedia":[{"embeddable":true,"href":"https:\/\/memoriadaculturaesportebsb.com.br\/index.php\/wp-json\/wp\/v2\/media\/2998"}],"wp:attachment":[{"href":"https:\/\/memoriadaculturaesportebsb.com.br\/index.php\/wp-json\/wp\/v2\/media?parent=2987"}],"wp:term":[{"taxonomy":"category","embeddable":true,"href":"https:\/\/memoriadaculturaesportebsb.com.br\/index.php\/wp-json\/wp\/v2\/categories?post=2987"},{"taxonomy":"post_tag","embeddable":true,"href":"https:\/\/memoriadaculturaesportebsb.com.br\/index.php\/wp-json\/wp\/v2\/tags?post=2987"}],"curies":[{"name":"wp","href":"https:\/\/api.w.org\/{rel}","templated":true}]}}