{"id":2980,"date":"2024-12-26T13:59:49","date_gmt":"2024-12-26T16:59:49","guid":{"rendered":"https:\/\/memoriadaculturaesportebsb.com.br\/?p=2980"},"modified":"2024-12-26T13:59:49","modified_gmt":"2024-12-26T16:59:49","slug":"jose-robson-de-souza-silva","status":"publish","type":"post","link":"https:\/\/memoriadaculturaesportebsb.com.br\/index.php\/2024\/12\/26\/jose-robson-de-souza-silva\/","title":{"rendered":"Jos\u00e9 Robson de Souza Silva"},"content":{"rendered":"<figure id=\"attachment_2975\" aria-describedby=\"caption-attachment-2975\" style=\"width: 238px\" class=\"wp-caption alignright\"><a href=\"https:\/\/memoriadaculturaesportebsb.com.br\/wp-content\/uploads\/2024\/12\/WhatsApp-Image-2024-12-26-at-10.13.31.jpeg\"><img loading=\"lazy\" decoding=\"async\" class=\"size-medium wp-image-2975\" src=\"https:\/\/memoriadaculturaesportebsb.com.br\/wp-content\/uploads\/2024\/12\/WhatsApp-Image-2024-12-26-at-10.13.31-238x300.jpeg\" alt=\"\" width=\"238\" height=\"300\" srcset=\"https:\/\/memoriadaculturaesportebsb.com.br\/wp-content\/uploads\/2024\/12\/WhatsApp-Image-2024-12-26-at-10.13.31-238x300.jpeg 238w, https:\/\/memoriadaculturaesportebsb.com.br\/wp-content\/uploads\/2024\/12\/WhatsApp-Image-2024-12-26-at-10.13.31-814x1024.jpeg 814w, https:\/\/memoriadaculturaesportebsb.com.br\/wp-content\/uploads\/2024\/12\/WhatsApp-Image-2024-12-26-at-10.13.31-768x967.jpeg 768w, https:\/\/memoriadaculturaesportebsb.com.br\/wp-content\/uploads\/2024\/12\/WhatsApp-Image-2024-12-26-at-10.13.31.jpeg 1017w\" sizes=\"auto, (max-width: 238px) 100vw, 238px\" \/><\/a><figcaption id=\"caption-attachment-2975\" class=\"wp-caption-text\">Graia, Jo\u00e3o Carlos de Oliveira e prof. Hezir Espindola<\/figcaption><\/figure>\n<p>Jos\u00e9 Robson de Souza Silva (in memorian), Filho de Ivo Jos\u00e9 da Silva e L\u00facia Maria, nasceu em Bras\u00edlia em 19 de mar\u00e7o de 1964, era o mais velho de uma fam\u00edlia de tr\u00eas irm\u00e3os, Delaine e Daniela Silva.<\/p>\n<p>Come\u00e7ou nas pistas de atletismo ainda crian\u00e7a no final da d\u00e9cada de 70, nas aulas de educa\u00e7\u00e3o f\u00edsica do professor Ant\u00f4nio Carlos Feij\u00e3o, no Col\u00e9gio Planalto, que rapidamente o integrou \u00e0 equipe de atletismo da antiga NUTEDE, hoje Centro Interescolar de Educa\u00e7\u00e3o F\u00edsica &#8211; CIEF.<\/p>\n<p>A figura esguia que ao mesmo tempo era desengon\u00e7ada era elegante, chamava aten\u00e7\u00e3o pela personalidade alegre e carism\u00e1tica. No CIEF recebeu do prof. Mingo o apelido que virou sobrenome, Graia.<\/p>\n<p>Destacando-se nas provas com barreiras sob os treinamentos com os Professores Feij\u00e3o e T\u00e9ia, especializou-se nos 400m com barreiras, prova que o levou a conquista de in\u00fameras vitorias nas competi\u00e7\u00f5es do Distrito Federal at\u00e9 alcan\u00e7ar em 1983 a segunda coloca\u00e7\u00e3o no Campeonato Brasileiro de Atletismo Juvenil e a almejada convoca\u00e7\u00e3o para sele\u00e7\u00e3o brasileira que iria participar do XV Campeonato Sul Americano de Atletismo Juvenil em Medell\u00edn, na Col\u00f4mbia, em que foi o quarto colocado. Ele foi terceiro lugar no revezamento 4 x 400m do Campeonato Brasileiro de Atletismo Adultos.<\/p>\n<p>Robson Graia desde cedo dava mostras do sangue art\u00edstico que corria em suas veias. Lembro-me do Graia entrando em cada prova entoando o refr\u00e3o da m\u00fasica de Gilberto Gil: \u201cSubo nesse palco, minha alma cheira a talco como bumbum de beb\u00ea. Minha aura clara, s\u00f3 quem \u00e9 clarividente pode ver, pode ver\u201d. Tudo era divers\u00e3o com ele, inclusive correr.<\/p>\n<p><strong>Robson Graia<\/strong><br \/>\n<a href=\"https:\/\/memoriadaculturaesportebsb.com.br\/wp-content\/uploads\/2024\/12\/WhatsApp-Image-2024-12-26-at-10.05.44.jpeg\"><img loading=\"lazy\" decoding=\"async\" class=\"alignleft size-medium wp-image-2976\" src=\"https:\/\/memoriadaculturaesportebsb.com.br\/wp-content\/uploads\/2024\/12\/WhatsApp-Image-2024-12-26-at-10.05.44-258x300.jpeg\" alt=\"\" width=\"258\" height=\"300\" srcset=\"https:\/\/memoriadaculturaesportebsb.com.br\/wp-content\/uploads\/2024\/12\/WhatsApp-Image-2024-12-26-at-10.05.44-258x300.jpeg 258w, https:\/\/memoriadaculturaesportebsb.com.br\/wp-content\/uploads\/2024\/12\/WhatsApp-Image-2024-12-26-at-10.05.44-768x892.jpeg 768w, https:\/\/memoriadaculturaesportebsb.com.br\/wp-content\/uploads\/2024\/12\/WhatsApp-Image-2024-12-26-at-10.05.44.jpeg 827w\" sizes=\"auto, (max-width: 258px) 100vw, 258px\" \/><\/a>Por amor ao teatro larga o atletismo ingressa na Faculdade de Artes Dulcina de Moraes, adota definitivamente o apelido e passa a assinar o nome que marca a hist\u00f3ria teatral da capital federal nos anos 90;\u00a0Robson Graia.<\/p>\n<p>Ator, diretor e dramaturgo, realiza o sonho de ter uma companhia de teatro e correr o mundo com suas hist\u00f3rias.<\/p>\n<p>A intelig\u00eancia \u00edmpar que o permitia responder com improviso \u00e0s situa\u00e7\u00f5es cotidianas e o humor sarc\u00e1stico que o caracterizava nas conversas \u00e0 beira das pistas, conquistou plateias. Criou o Grupo Palco e Cia. de Teatro. A disciplina, o compromisso e a prepara\u00e7\u00e3o corporal intensa foram a heran\u00e7a dos treinamentos e que incorporara ao seu trabalho de prepara\u00e7\u00e3o com os atores.<\/p>\n<p>Robson Graia nos deixou em maio do ano 2000, prematuramente, faleceu aos 36 anos de idade.<\/p>\n<p>Robson idealizou a Palco e Cia. de Teatro, hoje PALCO \u2013 Comparsaria Primeira de Talentos, a editora Il\u00ea de Ler e o jornal O M\u00e1ximo, todos voltados a arte, com foco principal nas artes c\u00eanicas. Escreveu e dirigiu mais de 20 pe\u00e7as teatrais, ministrou oficinas e aulas de teatro.<\/p>\n<p>O antigo Teatro de Bolso do Espa\u00e7o Cultural Renato Russo, na 508 Sul, foi rebatizado em homenagem ao artista e atleta e, desde sua reforma, passou a se chamar Teatro de Bolso Robson Graia, teatro que ele costumava lotar na d\u00e9cada de 90 com a novidade cultural, denominada de Jogo de Cena.<\/p>\n<p>Nossos encontros vinham sempre acompanhados da c\u00e9lebre frase: \u201cConte-me tudo, n\u00e3o me esconda nada\u201d!<\/p>\n<p>Texto: Atleta ol\u00edmpico Joilto Bomfim e Prof. Francisco Xavier<\/p>\n","protected":false},"excerpt":{"rendered":"<p>Jos\u00e9 Robson de Souza Silva (in memorian), Filho de Ivo Jos\u00e9 da Silva e L\u00facia Maria, nasceu em Bras\u00edlia em 19 de mar\u00e7o de 1964, era o mais velho de uma fam\u00edlia de tr\u00eas irm\u00e3os, Delaine e Daniela Silva. Come\u00e7ou nas pistas de atletismo ainda crian\u00e7a no final da d\u00e9cada de 70, nas aulas de &hellip;<\/p>\n","protected":false},"author":2,"featured_media":0,"comment_status":"closed","ping_status":"closed","sticky":false,"template":"","format":"standard","meta":{"footnotes":""},"categories":[13,4,16],"tags":[],"class_list":["post-2980","post","type-post","status-publish","format-standard","","category-colunistas","category-esporte","category-helio-tremendani"],"_links":{"self":[{"href":"https:\/\/memoriadaculturaesportebsb.com.br\/index.php\/wp-json\/wp\/v2\/posts\/2980","targetHints":{"allow":["GET"]}}],"collection":[{"href":"https:\/\/memoriadaculturaesportebsb.com.br\/index.php\/wp-json\/wp\/v2\/posts"}],"about":[{"href":"https:\/\/memoriadaculturaesportebsb.com.br\/index.php\/wp-json\/wp\/v2\/types\/post"}],"author":[{"embeddable":true,"href":"https:\/\/memoriadaculturaesportebsb.com.br\/index.php\/wp-json\/wp\/v2\/users\/2"}],"replies":[{"embeddable":true,"href":"https:\/\/memoriadaculturaesportebsb.com.br\/index.php\/wp-json\/wp\/v2\/comments?post=2980"}],"version-history":[{"count":1,"href":"https:\/\/memoriadaculturaesportebsb.com.br\/index.php\/wp-json\/wp\/v2\/posts\/2980\/revisions"}],"predecessor-version":[{"id":2981,"href":"https:\/\/memoriadaculturaesportebsb.com.br\/index.php\/wp-json\/wp\/v2\/posts\/2980\/revisions\/2981"}],"wp:attachment":[{"href":"https:\/\/memoriadaculturaesportebsb.com.br\/index.php\/wp-json\/wp\/v2\/media?parent=2980"}],"wp:term":[{"taxonomy":"category","embeddable":true,"href":"https:\/\/memoriadaculturaesportebsb.com.br\/index.php\/wp-json\/wp\/v2\/categories?post=2980"},{"taxonomy":"post_tag","embeddable":true,"href":"https:\/\/memoriadaculturaesportebsb.com.br\/index.php\/wp-json\/wp\/v2\/tags?post=2980"}],"curies":[{"name":"wp","href":"https:\/\/api.w.org\/{rel}","templated":true}]}}