{"id":2972,"date":"2024-12-26T12:55:15","date_gmt":"2024-12-26T15:55:15","guid":{"rendered":"https:\/\/memoriadaculturaesportebsb.com.br\/?p=2972"},"modified":"2024-12-26T12:55:15","modified_gmt":"2024-12-26T15:55:15","slug":"ricardo-vidal-de-oliveira","status":"publish","type":"post","link":"https:\/\/memoriadaculturaesportebsb.com.br\/index.php\/2024\/12\/26\/ricardo-vidal-de-oliveira\/","title":{"rendered":"Ricardo Vidal de Oliveira"},"content":{"rendered":"<p><a href=\"https:\/\/memoriadaculturaesportebsb.com.br\/wp-content\/uploads\/2024\/12\/WhatsApp-Image-2024-12-26-at-10.03.05.jpeg\"><img loading=\"lazy\" decoding=\"async\" class=\"alignleft size-medium wp-image-2974\" src=\"https:\/\/memoriadaculturaesportebsb.com.br\/wp-content\/uploads\/2024\/12\/WhatsApp-Image-2024-12-26-at-10.03.05-300x274.jpeg\" alt=\"\" width=\"300\" height=\"274\" srcset=\"https:\/\/memoriadaculturaesportebsb.com.br\/wp-content\/uploads\/2024\/12\/WhatsApp-Image-2024-12-26-at-10.03.05-300x274.jpeg 300w, https:\/\/memoriadaculturaesportebsb.com.br\/wp-content\/uploads\/2024\/12\/WhatsApp-Image-2024-12-26-at-10.03.05-768x702.jpeg 768w, https:\/\/memoriadaculturaesportebsb.com.br\/wp-content\/uploads\/2024\/12\/WhatsApp-Image-2024-12-26-at-10.03.05.jpeg 960w\" sizes=\"auto, (max-width: 300px) 100vw, 300px\" \/><\/a>Ricardo Vidal de Oliveira, nasceu em abril de 1962, no Rio de Janeiro, veio para Bras\u00edlia com 3 anos de idade. Numa fam\u00edlia de esportistas e seguindo os passos do pai Jo\u00e3o de Oliveira, ele iniciou no atletismo, com 13 anos, num evento chamado \u201cOpera\u00e7\u00e3o Juventude-DF\u201d, e participou da final nacional do mesmo evento em SP.<\/p>\n<p>Na categoria de menores, em 1978, Ricardo, j\u00e1 mostrava seu potencial, quebrou v\u00e1rios recordes e estabeleceu dois novos na categoria: o recorde Brasileiro e Sul Americano dos 300 metros com barreiras.<\/p>\n<p>Em 1978: Ele sagrou-se vice-campe\u00e3o brasileiro e participou do Campeonato Sul-Americano no Uruguai e conquistou 04 medalhas: Ouro nos 300 metros sobre Barreiras, e no revezamento 4X400, prata nos 110 metros sobre barreiras e bronze no revezamento 4X100 metros. No Campeonato Sul Americano Juvenil em S\u00e3o Paulo ele conquistou a medalha de bronze no revezamento 4X400 metros rasos.<\/p>\n<p>Em 1979: Ricardo, participou do Campeonato Mundial Estudantil no revezamento 4X100 metros, ele fez parte da equipe do Brasil que conquistou a medalha de bronze nesta prova. Nos Jogos Estudantis Brasileiros &#8211; JEB\u00b4s em Bras\u00edlia, ele conquistou o 3\u00ba lugar nos 100 metros rasos e medalha de prata no revezamento 4X400.<\/p>\n<p><a href=\"https:\/\/memoriadaculturaesportebsb.com.br\/wp-content\/uploads\/2024\/12\/WhatsApp-Image-2024-12-26-at-10.03.36.jpeg\"><img loading=\"lazy\" decoding=\"async\" class=\"alignright size-medium wp-image-2977\" src=\"https:\/\/memoriadaculturaesportebsb.com.br\/wp-content\/uploads\/2024\/12\/WhatsApp-Image-2024-12-26-at-10.03.36-261x300.jpeg\" alt=\"\" width=\"261\" height=\"300\" srcset=\"https:\/\/memoriadaculturaesportebsb.com.br\/wp-content\/uploads\/2024\/12\/WhatsApp-Image-2024-12-26-at-10.03.36-261x300.jpeg 261w, https:\/\/memoriadaculturaesportebsb.com.br\/wp-content\/uploads\/2024\/12\/WhatsApp-Image-2024-12-26-at-10.03.36-768x882.jpeg 768w, https:\/\/memoriadaculturaesportebsb.com.br\/wp-content\/uploads\/2024\/12\/WhatsApp-Image-2024-12-26-at-10.03.36.jpeg 836w\" sizes=\"auto, (max-width: 261px) 100vw, 261px\" \/><\/a>Em 1980: Nos Jogos Universit\u00e1rios do DF ele estabeleceu novo recorde nas provas de 100 metros e salto em dist\u00e2ncia. No Campeonato Brasileiro Juvenil de Atletismo ele foi vice-campe\u00e3o no salto em dist\u00e2ncia, e foi finalista nos Jogos Sul Americanos no Chile, na mesma prova.<\/p>\n<p>Em 1981: Nos Jogos Universit\u00e1rios Brasileiros -JUBs em S\u00e3o Lu\u00eds MA, ele conquistou a medalha de bronze, na prova do salto em altura.<\/p>\n<p>Ricardo, passou 04 anos jogando voleibol e voltou ao atletismo em 1985, competindo do Trof\u00e9u Brasil, tendo participa\u00e7\u00e3o destacada em eventos nacionais at\u00e9 1992.<\/p>\n<p>Ricardo Vidal de Oliveira. Um atleta vitorioso e portador de uma t\u00e9cnica refinada; um gestor esportivo diferenciado, e um ser humano estimado por todas as pessoas que o cercam. Um orgulho para Bras\u00edlia!<\/p>\n<p>Texto prof. Francisco Xavier<\/p>\n","protected":false},"excerpt":{"rendered":"<p>Ricardo Vidal de Oliveira, nasceu em abril de 1962, no Rio de Janeiro, veio para Bras\u00edlia com 3 anos de idade. Numa fam\u00edlia de esportistas e seguindo os passos do pai Jo\u00e3o de Oliveira, ele iniciou no atletismo, com 13 anos, num evento chamado \u201cOpera\u00e7\u00e3o Juventude-DF\u201d, e participou da final nacional do mesmo evento em &hellip;<\/p>\n","protected":false},"author":2,"featured_media":0,"comment_status":"closed","ping_status":"closed","sticky":false,"template":"","format":"standard","meta":{"footnotes":""},"categories":[13,4,16],"tags":[],"class_list":["post-2972","post","type-post","status-publish","format-standard","","category-colunistas","category-esporte","category-helio-tremendani"],"_links":{"self":[{"href":"https:\/\/memoriadaculturaesportebsb.com.br\/index.php\/wp-json\/wp\/v2\/posts\/2972","targetHints":{"allow":["GET"]}}],"collection":[{"href":"https:\/\/memoriadaculturaesportebsb.com.br\/index.php\/wp-json\/wp\/v2\/posts"}],"about":[{"href":"https:\/\/memoriadaculturaesportebsb.com.br\/index.php\/wp-json\/wp\/v2\/types\/post"}],"author":[{"embeddable":true,"href":"https:\/\/memoriadaculturaesportebsb.com.br\/index.php\/wp-json\/wp\/v2\/users\/2"}],"replies":[{"embeddable":true,"href":"https:\/\/memoriadaculturaesportebsb.com.br\/index.php\/wp-json\/wp\/v2\/comments?post=2972"}],"version-history":[{"count":1,"href":"https:\/\/memoriadaculturaesportebsb.com.br\/index.php\/wp-json\/wp\/v2\/posts\/2972\/revisions"}],"predecessor-version":[{"id":2978,"href":"https:\/\/memoriadaculturaesportebsb.com.br\/index.php\/wp-json\/wp\/v2\/posts\/2972\/revisions\/2978"}],"wp:attachment":[{"href":"https:\/\/memoriadaculturaesportebsb.com.br\/index.php\/wp-json\/wp\/v2\/media?parent=2972"}],"wp:term":[{"taxonomy":"category","embeddable":true,"href":"https:\/\/memoriadaculturaesportebsb.com.br\/index.php\/wp-json\/wp\/v2\/categories?post=2972"},{"taxonomy":"post_tag","embeddable":true,"href":"https:\/\/memoriadaculturaesportebsb.com.br\/index.php\/wp-json\/wp\/v2\/tags?post=2972"}],"curies":[{"name":"wp","href":"https:\/\/api.w.org\/{rel}","templated":true}]}}